{"id":185658,"date":"2025-06-27T11:47:20","date_gmt":"2025-06-27T14:47:20","guid":{"rendered":"https:\/\/www.hoymercedes.com.ar\/principal\/?p=185658"},"modified":"2025-06-27T11:47:23","modified_gmt":"2025-06-27T14:47:23","slug":"abogados-nuevos-profesionales-juraron-como-matriculados","status":"publish","type":"post","link":"https:\/\/www.hoymercedes.com.ar\/principal\/2025\/06\/27\/abogados-nuevos-profesionales-juraron-como-matriculados\/","title":{"rendered":"Abogados: Nuevos profesionales juraron como matriculados"},"content":{"rendered":"\n<p><strong> <\/strong><\/p>\n\n\n\n<p>Durante dos actos realizados en junio, el Colegio de Abogados del Departamento Judicial de Mercedes dio la bienvenida formal a quince nuevos profesionales que prestaron juramento para integrarse a la matr\u00edcula de la instituci\u00f3n.<\/p>\n\n\n<div class=\"wp-block-image\">\n<figure class=\"aligncenter size-full\"><img loading=\"lazy\" decoding=\"async\" width=\"800\" height=\"402\" data-attachment-id=\"185660\" data-permalink=\"https:\/\/www.hoymercedes.com.ar\/principal\/2025\/06\/27\/abogados-nuevos-profesionales-juraron-como-matriculados\/enejericio_copy_800x402\/#main\" data-orig-file=\"https:\/\/www.hoymercedes.com.ar\/principal\/wp-content\/uploads\/2025\/06\/ENEJERICIO_copy_800x402.jpg\" data-orig-size=\"800,402\" data-comments-opened=\"0\" data-image-meta=\"{&quot;aperture&quot;:&quot;0&quot;,&quot;credit&quot;:&quot;&quot;,&quot;camera&quot;:&quot;&quot;,&quot;caption&quot;:&quot;&quot;,&quot;created_timestamp&quot;:&quot;0&quot;,&quot;copyright&quot;:&quot;&quot;,&quot;focal_length&quot;:&quot;0&quot;,&quot;iso&quot;:&quot;0&quot;,&quot;shutter_speed&quot;:&quot;0&quot;,&quot;title&quot;:&quot;&quot;,&quot;orientation&quot;:&quot;0&quot;}\" data-image-title=\"ENEJERICIO_copy_800x402\" data-image-description=\"\" data-image-caption=\"\" data-large-file=\"https:\/\/www.hoymercedes.com.ar\/principal\/wp-content\/uploads\/2025\/06\/ENEJERICIO_copy_800x402.jpg\" src=\"https:\/\/www.hoymercedes.com.ar\/principal\/wp-content\/uploads\/2025\/06\/ENEJERICIO_copy_800x402.jpg\" alt=\"\" class=\"wp-image-185660\" srcset=\"https:\/\/www.hoymercedes.com.ar\/principal\/wp-content\/uploads\/2025\/06\/ENEJERICIO_copy_800x402.jpg 800w, https:\/\/www.hoymercedes.com.ar\/principal\/wp-content\/uploads\/2025\/06\/ENEJERICIO_copy_800x402-630x317.jpg 630w, https:\/\/www.hoymercedes.com.ar\/principal\/wp-content\/uploads\/2025\/06\/ENEJERICIO_copy_800x402-150x75.jpg 150w\" sizes=\"auto, (max-width: 800px) 100vw, 800px\" \/><\/figure>\n<\/div>\n\n\n<p>La primera ceremonia tuvo lugar el mi\u00e9rcoles 18 de junio en el Sal\u00f3n de Actos \u00abDr. Arturo Acu\u00f1a Anzorena\u00bb, y fue presidida por el&nbsp;<strong>Dr. Hern\u00e1n Alberto Salaverri<\/strong>, presidente del Colegio. En un acto emotivo y acompa\u00f1ado por familiares y amigos, prestaron juramento los doctores y doctoras&nbsp;<strong>Magali Fernanda Alvarez, Tom\u00e1s Alvarez, Emmanuel Mat\u00edas Bechech, Gloria Mar\u00eda Castro Videla, Adolfo Rafael Cersosimo, Sebasti\u00e1n Ariel Di Claudio, Diana Marisa Ferrioli, Sebasti\u00e1n Daniel Ortega Ciucci, Mar\u00eda Paz Rodr\u00edguez, Mar\u00eda Silvina Segu\u00ed, Silvio Andr\u00e9s Petraccaro Corsiglia y H\u00e9ctor Eduardo Zapata.<\/strong><\/p>\n\n\n\n<p>La segunda jura se llev\u00f3 a cabo el lunes 23 de junio en la sede del Colegio. En esta oportunidad, se incorporaron tres nuevas profesionales oriundas de Mercedes: la abogada&nbsp;<strong>Laureana Acu\u00f1a Anzorena<\/strong>&nbsp;y las procuradoras&nbsp;<strong>Mar\u00eda Ximena Herrera y Wanda Marta Guzzo.<\/strong><\/p>\n\n\n<div class=\"wp-block-image\">\n<figure class=\"aligncenter size-full\"><img loading=\"lazy\" decoding=\"async\" width=\"800\" height=\"533\" data-attachment-id=\"185661\" data-permalink=\"https:\/\/www.hoymercedes.com.ar\/principal\/2025\/06\/27\/abogados-nuevos-profesionales-juraron-como-matriculados\/incompatibilidad_copy_800x533\/#main\" data-orig-file=\"https:\/\/www.hoymercedes.com.ar\/principal\/wp-content\/uploads\/2025\/06\/INCOMPATIBILIDAD_copy_800x533.jpg\" data-orig-size=\"800,533\" data-comments-opened=\"0\" data-image-meta=\"{&quot;aperture&quot;:&quot;0&quot;,&quot;credit&quot;:&quot;&quot;,&quot;camera&quot;:&quot;&quot;,&quot;caption&quot;:&quot;&quot;,&quot;created_timestamp&quot;:&quot;0&quot;,&quot;copyright&quot;:&quot;&quot;,&quot;focal_length&quot;:&quot;0&quot;,&quot;iso&quot;:&quot;0&quot;,&quot;shutter_speed&quot;:&quot;0&quot;,&quot;title&quot;:&quot;&quot;,&quot;orientation&quot;:&quot;0&quot;}\" data-image-title=\"INCOMPATIBILIDAD_copy_800x533\" data-image-description=\"\" data-image-caption=\"\" data-large-file=\"https:\/\/www.hoymercedes.com.ar\/principal\/wp-content\/uploads\/2025\/06\/INCOMPATIBILIDAD_copy_800x533.jpg\" src=\"https:\/\/www.hoymercedes.com.ar\/principal\/wp-content\/uploads\/2025\/06\/INCOMPATIBILIDAD_copy_800x533.jpg\" alt=\"\" class=\"wp-image-185661\" srcset=\"https:\/\/www.hoymercedes.com.ar\/principal\/wp-content\/uploads\/2025\/06\/INCOMPATIBILIDAD_copy_800x533.jpg 800w, https:\/\/www.hoymercedes.com.ar\/principal\/wp-content\/uploads\/2025\/06\/INCOMPATIBILIDAD_copy_800x533-630x420.jpg 630w, https:\/\/www.hoymercedes.com.ar\/principal\/wp-content\/uploads\/2025\/06\/INCOMPATIBILIDAD_copy_800x533-150x100.jpg 150w, https:\/\/www.hoymercedes.com.ar\/principal\/wp-content\/uploads\/2025\/06\/INCOMPATIBILIDAD_copy_800x533-700x465.jpg 700w\" sizes=\"auto, (max-width: 800px) 100vw, 800px\" \/><\/figure>\n<\/div>\n\n\n<p>En ambas ceremonias, el Dr. Salaverri brind\u00f3 palabras de bienvenida, destacando la importancia del compromiso \u00e9tico y profesional que implica formar parte del Colegio, as\u00ed como el valor de ejercer en el \u00e1mbito del Departamento Judicial de Mercedes.<\/p>\n\n\n\n<p>Desde la instituci\u00f3n se celebran estas nuevas incorporaciones con entusiasmo, renovando el compromiso de acompa\u00f1ar y fortalecer la labor de cada uno de sus matriculados.<\/p>\n","protected":false},"excerpt":{"rendered":"<p>Durante dos actos realizados en junio, el Colegio de Abogados del Departamento Judicial de Mercedes dio la bienvenida formal a &#8230; <a title=\"Abogados: Nuevos profesionales juraron como matriculados\" class=\"read-more\" href=\"https:\/\/www.hoymercedes.com.ar\/principal\/2025\/06\/27\/abogados-nuevos-profesionales-juraron-como-matriculados\/\" aria-label=\"Leer m\u00e1s sobre Abogados: Nuevos profesionales juraron como matriculados\">Leer m\u00e1s<\/a><\/p>\n","protected":false},"author":1,"featured_media":185660,"comment_status":"closed","ping_status":"open","sticky":false,"template":"","format":"standard","meta":{"_monsterinsights_skip_tracking":false,"_monsterinsights_sitenote_active":false,"_monsterinsights_sitenote_note":"","_monsterinsights_sitenote_category":0,"jetpack_post_was_ever_published":false,"_jetpack_newsletter_access":"","_jetpack_dont_email_post_to_subs":false,"_jetpack_newsletter_tier_id":0,"_jetpack_memberships_contains_paywalled_content":false,"_jetpack_memberships_contains_paid_content":false,"footnotes":"","jetpack_publicize_message":"","jetpack_publicize_feature_enabled":true,"jetpack_social_post_already_shared":false,"jetpack_social_options":{"image_generator_settings":{"template":"highway","default_image_id":0,"enabled":false},"version":2},"_wpas_customize_per_network":false},"categories":[8],"tags":[],"class_list":["post-185658","post","type-post","status-publish","format-standard","has-post-thumbnail","hentry","category-sociedad","generate-columns","tablet-grid-50","mobile-grid-100","grid-parent","grid-50"],"jetpack_publicize_connections":[],"jetpack_featured_media_url":"https:\/\/www.hoymercedes.com.ar\/principal\/wp-content\/uploads\/2025\/06\/ENEJERICIO_copy_800x402.jpg","wps_subtitle":"","jetpack_sharing_enabled":true,"_links":{"self":[{"href":"https:\/\/www.hoymercedes.com.ar\/principal\/wp-json\/wp\/v2\/posts\/185658","targetHints":{"allow":["GET"]}}],"collection":[{"href":"https:\/\/www.hoymercedes.com.ar\/principal\/wp-json\/wp\/v2\/posts"}],"about":[{"href":"https:\/\/www.hoymercedes.com.ar\/principal\/wp-json\/wp\/v2\/types\/post"}],"author":[{"embeddable":true,"href":"https:\/\/www.hoymercedes.com.ar\/principal\/wp-json\/wp\/v2\/users\/1"}],"replies":[{"embeddable":true,"href":"https:\/\/www.hoymercedes.com.ar\/principal\/wp-json\/wp\/v2\/comments?post=185658"}],"version-history":[{"count":2,"href":"https:\/\/www.hoymercedes.com.ar\/principal\/wp-json\/wp\/v2\/posts\/185658\/revisions"}],"predecessor-version":[{"id":185662,"href":"https:\/\/www.hoymercedes.com.ar\/principal\/wp-json\/wp\/v2\/posts\/185658\/revisions\/185662"}],"wp:featuredmedia":[{"embeddable":true,"href":"https:\/\/www.hoymercedes.com.ar\/principal\/wp-json\/wp\/v2\/media\/185660"}],"wp:attachment":[{"href":"https:\/\/www.hoymercedes.com.ar\/principal\/wp-json\/wp\/v2\/media?parent=185658"}],"wp:term":[{"taxonomy":"category","embeddable":true,"href":"https:\/\/www.hoymercedes.com.ar\/principal\/wp-json\/wp\/v2\/categories?post=185658"},{"taxonomy":"post_tag","embeddable":true,"href":"https:\/\/www.hoymercedes.com.ar\/principal\/wp-json\/wp\/v2\/tags?post=185658"}],"curies":[{"name":"wp","href":"https:\/\/api.w.org\/{rel}","templated":true}]}}