{"id":185691,"date":"2025-06-28T23:26:00","date_gmt":"2025-06-29T02:26:00","guid":{"rendered":"https:\/\/www.hoymercedes.com.ar\/principal\/?p=185691"},"modified":"2025-06-29T10:31:59","modified_gmt":"2025-06-29T13:31:59","slug":"muere-un-hombre-en-ruta-5","status":"publish","type":"post","link":"https:\/\/www.hoymercedes.com.ar\/principal\/2025\/06\/28\/muere-un-hombre-en-ruta-5\/","title":{"rendered":"Muere un hombre en Ruta 5"},"content":{"rendered":"\n<p><em>El siniestro ocurri\u00f3 en la mano en Acceso Oeste, a metros de la Autov\u00eda 6, entre una Volkswagen Amarok y un Volkswagen Gol. La persona fallecida ten\u00eda 44 a\u00f1os y era oriunda de Moreno<\/em>. <\/p>\n\n\n<div class=\"wp-block-image\">\n<figure class=\"aligncenter size-full\"><img loading=\"lazy\" decoding=\"async\" width=\"696\" height=\"457\" data-attachment-id=\"185692\" data-permalink=\"https:\/\/www.hoymercedes.com.ar\/principal\/2025\/06\/28\/muere-un-hombre-en-ruta-5\/image-138\/#main\" data-orig-file=\"https:\/\/www.hoymercedes.com.ar\/principal\/wp-content\/uploads\/2025\/06\/image-4.png\" data-orig-size=\"696,457\" data-comments-opened=\"0\" data-image-meta=\"{&quot;aperture&quot;:&quot;0&quot;,&quot;credit&quot;:&quot;&quot;,&quot;camera&quot;:&quot;&quot;,&quot;caption&quot;:&quot;&quot;,&quot;created_timestamp&quot;:&quot;0&quot;,&quot;copyright&quot;:&quot;&quot;,&quot;focal_length&quot;:&quot;0&quot;,&quot;iso&quot;:&quot;0&quot;,&quot;shutter_speed&quot;:&quot;0&quot;,&quot;title&quot;:&quot;&quot;,&quot;orientation&quot;:&quot;0&quot;}\" data-image-title=\"image\" data-image-description=\"\" data-image-caption=\"\" data-large-file=\"https:\/\/www.hoymercedes.com.ar\/principal\/wp-content\/uploads\/2025\/06\/image-4.png\" src=\"https:\/\/www.hoymercedes.com.ar\/principal\/wp-content\/uploads\/2025\/06\/image-4.png\" alt=\"\" class=\"wp-image-185692\" srcset=\"https:\/\/www.hoymercedes.com.ar\/principal\/wp-content\/uploads\/2025\/06\/image-4.png 696w, https:\/\/www.hoymercedes.com.ar\/principal\/wp-content\/uploads\/2025\/06\/image-4-630x414.png 630w, https:\/\/www.hoymercedes.com.ar\/principal\/wp-content\/uploads\/2025\/06\/image-4-150x98.png 150w\" sizes=\"auto, (max-width: 696px) 100vw, 696px\" \/><\/figure>\n<\/div>\n\n\n<p>Un fatal siniestro vial se produjo este s\u00e1bado por la madrugada en el kil\u00f3metro 60,800 del Acceso Oeste, sobre la mano a Capital Federal y a metros de la Autov\u00eda 6.<\/p>\n\n\n\n<p>Por motivos que se intentan establecer, el choque se produjo entre dos veh\u00edculos: una Volkswagen Amarok y un Volkswagen Gol. Y producto del violento impacto, el conductor del Volkswagen Gol falleci\u00f3.<\/p>\n\n\n\n<p>Seg\u00fan confirmaron fuentes policiales a&nbsp;<strong>LUJANHOY<\/strong>, la v\u00edctima fatal fue identificada como Maximiliano Jorge Paz, de 44 a\u00f1os y domicilio en la localidad de Moreno.<\/p>\n\n\n\n<p>Por su parte, en la Amarok circulaban una mujer de 44 a\u00f1os con domicilio en Luj\u00e1n y un joven de 24 a\u00f1os oriundo de Moreno. Ambos resultaron \u201cilesos\u201d, confirmaron las mismas fuentes.<\/p>\n\n\n\n<div class=\"wp-block-group\"><div class=\"wp-block-group__inner-container is-layout-constrained wp-block-group-is-layout-constrained\">\n<p>Respecto del siniestro, aparentemente la Volkswagen Amarok \u201ccolision\u00f3 por alcance\u201d al Volkswagen Gol y su conductor lamentablemente falleci\u00f3 en el acto en el interior del rodado.<\/p>\n\n\n\n<figure class=\"wp-block-gallery has-nested-images columns-default is-cropped wp-block-gallery-1 is-layout-flex wp-block-gallery-is-layout-flex\">\n<figure class=\"wp-block-image size-large\"><img loading=\"lazy\" decoding=\"async\" width=\"300\" height=\"225\" data-attachment-id=\"185694\" data-permalink=\"https:\/\/www.hoymercedes.com.ar\/principal\/2025\/06\/28\/muere-un-hombre-en-ruta-5\/image-140\/#main\" data-orig-file=\"https:\/\/www.hoymercedes.com.ar\/principal\/wp-content\/uploads\/2025\/06\/image-6.png\" data-orig-size=\"300,225\" data-comments-opened=\"0\" data-image-meta=\"{&quot;aperture&quot;:&quot;0&quot;,&quot;credit&quot;:&quot;&quot;,&quot;camera&quot;:&quot;&quot;,&quot;caption&quot;:&quot;&quot;,&quot;created_timestamp&quot;:&quot;0&quot;,&quot;copyright&quot;:&quot;&quot;,&quot;focal_length&quot;:&quot;0&quot;,&quot;iso&quot;:&quot;0&quot;,&quot;shutter_speed&quot;:&quot;0&quot;,&quot;title&quot;:&quot;&quot;,&quot;orientation&quot;:&quot;0&quot;}\" data-image-title=\"image\" data-image-description=\"\" data-image-caption=\"\" data-large-file=\"https:\/\/www.hoymercedes.com.ar\/principal\/wp-content\/uploads\/2025\/06\/image-6.png\" data-id=\"185694\" src=\"https:\/\/www.hoymercedes.com.ar\/principal\/wp-content\/uploads\/2025\/06\/image-6.png\" alt=\"\" class=\"wp-image-185694\" srcset=\"https:\/\/www.hoymercedes.com.ar\/principal\/wp-content\/uploads\/2025\/06\/image-6.png 300w, https:\/\/www.hoymercedes.com.ar\/principal\/wp-content\/uploads\/2025\/06\/image-6-150x113.png 150w\" sizes=\"auto, (max-width: 300px) 100vw, 300px\" \/><\/figure>\n\n\n\n<figure class=\"wp-block-image size-large\"><img loading=\"lazy\" decoding=\"async\" width=\"639\" height=\"420\" data-attachment-id=\"185693\" data-permalink=\"https:\/\/www.hoymercedes.com.ar\/principal\/2025\/06\/28\/muere-un-hombre-en-ruta-5\/image-139\/#main\" data-orig-file=\"https:\/\/www.hoymercedes.com.ar\/principal\/wp-content\/uploads\/2025\/06\/image-5.png\" data-orig-size=\"639,420\" data-comments-opened=\"0\" data-image-meta=\"{&quot;aperture&quot;:&quot;0&quot;,&quot;credit&quot;:&quot;&quot;,&quot;camera&quot;:&quot;&quot;,&quot;caption&quot;:&quot;&quot;,&quot;created_timestamp&quot;:&quot;0&quot;,&quot;copyright&quot;:&quot;&quot;,&quot;focal_length&quot;:&quot;0&quot;,&quot;iso&quot;:&quot;0&quot;,&quot;shutter_speed&quot;:&quot;0&quot;,&quot;title&quot;:&quot;&quot;,&quot;orientation&quot;:&quot;0&quot;}\" data-image-title=\"image\" data-image-description=\"\" data-image-caption=\"\" data-large-file=\"https:\/\/www.hoymercedes.com.ar\/principal\/wp-content\/uploads\/2025\/06\/image-5.png\" data-id=\"185693\" src=\"https:\/\/www.hoymercedes.com.ar\/principal\/wp-content\/uploads\/2025\/06\/image-5.png\" alt=\"\" class=\"wp-image-185693\" srcset=\"https:\/\/www.hoymercedes.com.ar\/principal\/wp-content\/uploads\/2025\/06\/image-5.png 639w, https:\/\/www.hoymercedes.com.ar\/principal\/wp-content\/uploads\/2025\/06\/image-5-630x414.png 630w, https:\/\/www.hoymercedes.com.ar\/principal\/wp-content\/uploads\/2025\/06\/image-5-150x99.png 150w\" sizes=\"auto, (max-width: 639px) 100vw, 639px\" \/><\/figure>\n<\/figure>\n<\/div><\/div>\n\n\n\n<p>En el lugar trabajaron personal de Bomberos Voluntarios, la Guardia Urbana de la Municipalidad, la Comisar\u00eda Luj\u00e1n Primera, el Destacamento Vial Luj\u00e1n y de la Autopista Oeste.<\/p>\n\n\n\n<p>En el hecho interviene la UFI N\u00b09 de Luj\u00e1n, que inici\u00f3 actuaciones caratuladas \u201chomicidio culposo\u201d.<\/p>\n\n\n\n<p><strong>Tercer siniestro fatal en tres d\u00edas<\/strong><\/p>\n\n\n\n<p>El jueves por la ma\u00f1ana, un utilitario Fiat Fiorino colision\u00f3 con una Gilera 110cc. Y por el impacto,\u00a0el conductor de la moto, de 77 a\u00f1os y oriundo del barrio Santa Marta, lamentablemente perdi\u00f3 la vida.<\/p>\n\n\n\n<p>Y horas despu\u00e9s de esa tragedia, se produjo otro fatal siniestro vial en una de las rutas que cruzan nuestra ciudad. En este caso, ocurri\u00f3 cerca del mediod\u00eda en la mano a la Ciudad Aut\u00f3noma de Buenos Aires de Autopista 5, entre la Universidad Nacional de Luj\u00e1n y el acceso a la Autopista Luj\u00e1n-Jun\u00edn.<\/p>\n\n\n\n<p>All\u00ed, un utilitario Mercedes Benz Sprinter colision\u00f3 con una Mondial 150cc.. Y producto del impacto,\u00a0falleci\u00f3 el motociclista, de 58 a\u00f1os y oriundo de Navarro.<\/p>\n\n\n\n<p>Fuente LujanHoy<\/p>\n","protected":false},"excerpt":{"rendered":"<p>El siniestro ocurri\u00f3 en la mano en Acceso Oeste, a metros de la Autov\u00eda 6, entre una Volkswagen Amarok y &#8230; <a title=\"Muere un hombre en Ruta 5\" class=\"read-more\" href=\"https:\/\/www.hoymercedes.com.ar\/principal\/2025\/06\/28\/muere-un-hombre-en-ruta-5\/\" aria-label=\"Leer m\u00e1s sobre Muere un hombre en Ruta 5\">Leer m\u00e1s<\/a><\/p>\n","protected":false},"author":1,"featured_media":185692,"comment_status":"closed","ping_status":"open","sticky":false,"template":"","format":"standard","meta":{"_monsterinsights_skip_tracking":false,"_monsterinsights_sitenote_active":false,"_monsterinsights_sitenote_note":"","_monsterinsights_sitenote_category":0,"jetpack_post_was_ever_published":false,"_jetpack_newsletter_access":"","_jetpack_dont_email_post_to_subs":false,"_jetpack_newsletter_tier_id":0,"_jetpack_memberships_contains_paywalled_content":false,"_jetpack_memberships_contains_paid_content":false,"footnotes":"","jetpack_publicize_message":"","jetpack_publicize_feature_enabled":true,"jetpack_social_post_already_shared":false,"jetpack_social_options":{"image_generator_settings":{"template":"highway","default_image_id":0,"enabled":false},"version":2},"_wpas_customize_per_network":false},"categories":[8],"tags":[],"class_list":["post-185691","post","type-post","status-publish","format-standard","has-post-thumbnail","hentry","category-sociedad","generate-columns","tablet-grid-50","mobile-grid-100","grid-parent","grid-50"],"jetpack_publicize_connections":[],"jetpack_featured_media_url":"https:\/\/www.hoymercedes.com.ar\/principal\/wp-content\/uploads\/2025\/06\/image-4.png","wps_subtitle":"","jetpack_sharing_enabled":true,"_links":{"self":[{"href":"https:\/\/www.hoymercedes.com.ar\/principal\/wp-json\/wp\/v2\/posts\/185691","targetHints":{"allow":["GET"]}}],"collection":[{"href":"https:\/\/www.hoymercedes.com.ar\/principal\/wp-json\/wp\/v2\/posts"}],"about":[{"href":"https:\/\/www.hoymercedes.com.ar\/principal\/wp-json\/wp\/v2\/types\/post"}],"author":[{"embeddable":true,"href":"https:\/\/www.hoymercedes.com.ar\/principal\/wp-json\/wp\/v2\/users\/1"}],"replies":[{"embeddable":true,"href":"https:\/\/www.hoymercedes.com.ar\/principal\/wp-json\/wp\/v2\/comments?post=185691"}],"version-history":[{"count":1,"href":"https:\/\/www.hoymercedes.com.ar\/principal\/wp-json\/wp\/v2\/posts\/185691\/revisions"}],"predecessor-version":[{"id":185695,"href":"https:\/\/www.hoymercedes.com.ar\/principal\/wp-json\/wp\/v2\/posts\/185691\/revisions\/185695"}],"wp:featuredmedia":[{"embeddable":true,"href":"https:\/\/www.hoymercedes.com.ar\/principal\/wp-json\/wp\/v2\/media\/185692"}],"wp:attachment":[{"href":"https:\/\/www.hoymercedes.com.ar\/principal\/wp-json\/wp\/v2\/media?parent=185691"}],"wp:term":[{"taxonomy":"category","embeddable":true,"href":"https:\/\/www.hoymercedes.com.ar\/principal\/wp-json\/wp\/v2\/categories?post=185691"},{"taxonomy":"post_tag","embeddable":true,"href":"https:\/\/www.hoymercedes.com.ar\/principal\/wp-json\/wp\/v2\/tags?post=185691"}],"curies":[{"name":"wp","href":"https:\/\/api.w.org\/{rel}","templated":true}]}}