{"id":185696,"date":"2025-06-28T16:34:00","date_gmt":"2025-06-28T19:34:00","guid":{"rendered":"https:\/\/www.hoymercedes.com.ar\/principal\/?p=185696"},"modified":"2025-06-29T10:44:21","modified_gmt":"2025-06-29T13:44:21","slug":"unidad-5-simulacro-de-incendio-y-evacuacion","status":"publish","type":"post","link":"https:\/\/www.hoymercedes.com.ar\/principal\/2025\/06\/28\/unidad-5-simulacro-de-incendio-y-evacuacion\/","title":{"rendered":"Unidad 5: simulacro de incendio y evacuaci\u00f3n"},"content":{"rendered":"\n<p>En la Unidad Penitenciaria N\u00b0 5 de Mercedes se llev\u00f3 adelante un simulacro de emergencia. El mismo cont\u00f3 con la presencia de distintas \u00e1reas institucionales, adem\u00e1s del personal de la dependencia. Agustina Lor\u00e9, directora de Protecci\u00f3n Civil de Mercedes, destac\u00f3 \u201clo importante de este tipo de capacitaciones y trabajos interdisciplinarios\u201d trabajando \u201cen unidad por el mismo objetivo, el cuidado de la vida\u201d.<\/p>\n\n\n<div class=\"wp-block-image\">\n<figure class=\"aligncenter size-full\"><img loading=\"lazy\" decoding=\"async\" width=\"800\" height=\"533\" data-attachment-id=\"185697\" data-permalink=\"https:\/\/www.hoymercedes.com.ar\/principal\/2025\/06\/28\/unidad-5-simulacro-de-incendio-y-evacuacion\/simulacro-pc\/#main\" data-orig-file=\"https:\/\/www.hoymercedes.com.ar\/principal\/wp-content\/uploads\/2025\/06\/Simulacro-PC.jpg\" data-orig-size=\"800,533\" data-comments-opened=\"0\" data-image-meta=\"{&quot;aperture&quot;:&quot;0&quot;,&quot;credit&quot;:&quot;&quot;,&quot;camera&quot;:&quot;&quot;,&quot;caption&quot;:&quot;&quot;,&quot;created_timestamp&quot;:&quot;0&quot;,&quot;copyright&quot;:&quot;&quot;,&quot;focal_length&quot;:&quot;0&quot;,&quot;iso&quot;:&quot;0&quot;,&quot;shutter_speed&quot;:&quot;0&quot;,&quot;title&quot;:&quot;&quot;,&quot;orientation&quot;:&quot;0&quot;}\" data-image-title=\"Simulacro-PC\" data-image-description=\"\" data-image-caption=\"\" data-large-file=\"https:\/\/www.hoymercedes.com.ar\/principal\/wp-content\/uploads\/2025\/06\/Simulacro-PC.jpg\" src=\"https:\/\/www.hoymercedes.com.ar\/principal\/wp-content\/uploads\/2025\/06\/Simulacro-PC.jpg\" alt=\"\" class=\"wp-image-185697\" srcset=\"https:\/\/www.hoymercedes.com.ar\/principal\/wp-content\/uploads\/2025\/06\/Simulacro-PC.jpg 800w, https:\/\/www.hoymercedes.com.ar\/principal\/wp-content\/uploads\/2025\/06\/Simulacro-PC-630x420.jpg 630w, https:\/\/www.hoymercedes.com.ar\/principal\/wp-content\/uploads\/2025\/06\/Simulacro-PC-150x100.jpg 150w, https:\/\/www.hoymercedes.com.ar\/principal\/wp-content\/uploads\/2025\/06\/Simulacro-PC-700x465.jpg 700w\" sizes=\"auto, (max-width: 800px) 100vw, 800px\" \/><\/figure>\n<\/div>\n\n\n<p>El simulacro, que forma parte del cumplimiento del Manual Institucional de Lucha contra Incendios, tuvo como objetivo principal evaluar los planes de evacuaci\u00f3n y la preparaci\u00f3n del personal ante una situaci\u00f3n cr\u00edtica. En un despliegue logr\u00f3 en 1 minutos 35 segundos evacuar de un sector a 44 personas, siendo una de las actividades programadas, dando excelente registro.<\/p>\n\n\n\n<p>Vale recordar que el cami\u00f3n utilizado por el Cuerpo de Bomberos es el recientemente puesto en funciones y que surgi\u00f3 de un intercambio institucional con el municipio.<\/p>\n\n\n\n<p>La jornada cont\u00f3 con una supervisi\u00f3n de la Direcci\u00f3n General de Seguridad, representada por Fabio de Azevedo, jefe del Departamento de Prevenci\u00f3n y Lucha contra Incendios. La colaboraci\u00f3n interinstitucional fue clave, con la participaci\u00f3n activa del Cuartel de Bomberos, bajo la coordinaci\u00f3n de Pablo Marcori; la Polic\u00eda Bonaerense, con la comisaria Vanesa Casas; personal del SAME, a cargo de Cristian Paglieri; agentes de Protecci\u00f3n Civil, coordinados por Agustina Lore; y personal de Tr\u00e1nsito, liderado por Jorge Marenco.<\/p>\n\n\n\n<p><strong>C\u00e1rcel<\/strong><\/p>\n\n\n\n<p>Desde el \u00e1mbito interno, la organizaci\u00f3n del simulacro estuvo a cargo del equipo directivo de la Unidad 5, encabezado por su director, Roberto Frade. Junto a \u00e9l, trabajaron los subdirectores Juan David Aparicio (Seguridad), Diego Gumarelli (Asistencia y Tratamiento) y Carolina Routin (Administraci\u00f3n). Tambi\u00e9n fueron fundamentales las jefaturas del Grupo de Seguridad Exterior, Vigilancia y del cuerpo de Bomberos Penitenciarios, junto a todo el personal afectado al operativo.<\/p>\n\n\n\n<p>Lor\u00e9 destac\u00f3 que \u201ces para nosotras y nosotros muy valioso, no s\u00f3lo por lo que representa la Unidad N\u00b05, institucionalmente, sino tambi\u00e9n por continuar tejiendo lazos institucionales con \u00e1reas diversas, interdisciplinarias y complementarias para trabajar ante el surgimiento de una emergencia\u201d sostuvo la directora de protecci\u00f3n civil y destac\u00f3 \u201cel compromiso de cada una y cada uno de los participantes\u201d<\/p>\n\n\n\n<p>Fuente Prensa Municipal<\/p>\n","protected":false},"excerpt":{"rendered":"<p>En la Unidad Penitenciaria N\u00b0 5 de Mercedes se llev\u00f3 adelante un simulacro de emergencia. El mismo cont\u00f3 con la &#8230; <a title=\"Unidad 5: simulacro de incendio y evacuaci\u00f3n\" class=\"read-more\" href=\"https:\/\/www.hoymercedes.com.ar\/principal\/2025\/06\/28\/unidad-5-simulacro-de-incendio-y-evacuacion\/\" aria-label=\"Leer m\u00e1s sobre Unidad 5: simulacro de incendio y evacuaci\u00f3n\">Leer m\u00e1s<\/a><\/p>\n","protected":false},"author":1,"featured_media":185697,"comment_status":"closed","ping_status":"open","sticky":false,"template":"","format":"standard","meta":{"_monsterinsights_skip_tracking":false,"_monsterinsights_sitenote_active":false,"_monsterinsights_sitenote_note":"","_monsterinsights_sitenote_category":0,"jetpack_post_was_ever_published":false,"_jetpack_newsletter_access":"","_jetpack_dont_email_post_to_subs":false,"_jetpack_newsletter_tier_id":0,"_jetpack_memberships_contains_paywalled_content":false,"_jetpack_memberships_contains_paid_content":false,"footnotes":"","jetpack_publicize_message":"","jetpack_publicize_feature_enabled":true,"jetpack_social_post_already_shared":false,"jetpack_social_options":{"image_generator_settings":{"template":"highway","default_image_id":0,"enabled":false},"version":2},"_wpas_customize_per_network":false},"categories":[8],"tags":[],"class_list":["post-185696","post","type-post","status-publish","format-standard","has-post-thumbnail","hentry","category-sociedad","generate-columns","tablet-grid-50","mobile-grid-100","grid-parent","grid-50"],"jetpack_publicize_connections":[],"jetpack_featured_media_url":"https:\/\/www.hoymercedes.com.ar\/principal\/wp-content\/uploads\/2025\/06\/Simulacro-PC.jpg","wps_subtitle":"","jetpack_sharing_enabled":true,"_links":{"self":[{"href":"https:\/\/www.hoymercedes.com.ar\/principal\/wp-json\/wp\/v2\/posts\/185696","targetHints":{"allow":["GET"]}}],"collection":[{"href":"https:\/\/www.hoymercedes.com.ar\/principal\/wp-json\/wp\/v2\/posts"}],"about":[{"href":"https:\/\/www.hoymercedes.com.ar\/principal\/wp-json\/wp\/v2\/types\/post"}],"author":[{"embeddable":true,"href":"https:\/\/www.hoymercedes.com.ar\/principal\/wp-json\/wp\/v2\/users\/1"}],"replies":[{"embeddable":true,"href":"https:\/\/www.hoymercedes.com.ar\/principal\/wp-json\/wp\/v2\/comments?post=185696"}],"version-history":[{"count":1,"href":"https:\/\/www.hoymercedes.com.ar\/principal\/wp-json\/wp\/v2\/posts\/185696\/revisions"}],"predecessor-version":[{"id":185698,"href":"https:\/\/www.hoymercedes.com.ar\/principal\/wp-json\/wp\/v2\/posts\/185696\/revisions\/185698"}],"wp:featuredmedia":[{"embeddable":true,"href":"https:\/\/www.hoymercedes.com.ar\/principal\/wp-json\/wp\/v2\/media\/185697"}],"wp:attachment":[{"href":"https:\/\/www.hoymercedes.com.ar\/principal\/wp-json\/wp\/v2\/media?parent=185696"}],"wp:term":[{"taxonomy":"category","embeddable":true,"href":"https:\/\/www.hoymercedes.com.ar\/principal\/wp-json\/wp\/v2\/categories?post=185696"},{"taxonomy":"post_tag","embeddable":true,"href":"https:\/\/www.hoymercedes.com.ar\/principal\/wp-json\/wp\/v2\/tags?post=185696"}],"curies":[{"name":"wp","href":"https:\/\/api.w.org\/{rel}","templated":true}]}}