{"id":185699,"date":"2025-06-28T19:49:00","date_gmt":"2025-06-28T22:49:00","guid":{"rendered":"https:\/\/www.hoymercedes.com.ar\/principal\/?p=185699"},"modified":"2025-06-29T10:56:13","modified_gmt":"2025-06-29T13:56:13","slug":"opinion-como-se-debe-tratar-la-basura","status":"publish","type":"post","link":"https:\/\/www.hoymercedes.com.ar\/principal\/2025\/06\/28\/opinion-como-se-debe-tratar-la-basura\/","title":{"rendered":"Opini\u00f3n: \u00bfC\u00f3mo se debe tratar la basura?"},"content":{"rendered":"\n<p>Por Cristi\u00e1n Frers* &#8211; Desde el a\u00f1o 2005 que impuls\u00f3 una planta para tratar la basura en la localidad de Carmen de Areco \u2013 Provincia de Buenos Aires, el entonces, presidente del Concejo Deliberante de Carmen de Areco y ex intendente mandato cumplido, Marcelo A. Skansi, \u00a0expres\u00f3 el 25 de agosto del 2007, en el ex diario \u201cEl Independiente\u201d, cuando el periodista le pregunt\u00f3 \u201c\u00bfConcretamente\u2026 Cuales ser\u00edan, en s\u00edntesis, los temas que propondr\u00e1 en su plataforma?\u201d <\/p>\n\n\n<div class=\"wp-block-image\">\n<figure class=\"aligncenter size-full\"><img loading=\"lazy\" decoding=\"async\" width=\"1024\" height=\"683\" data-attachment-id=\"166164\" data-permalink=\"https:\/\/www.hoymercedes.com.ar\/principal\/2023\/08\/26\/la-basura-sigue-siendo-un-problema-en-el-2023\/basura-incendiada-xia\/#main\" data-orig-file=\"https:\/\/www.hoymercedes.com.ar\/principal\/wp-content\/uploads\/2023\/08\/basura-incendiada-xIA.jpeg\" data-orig-size=\"1024,683\" data-comments-opened=\"0\" data-image-meta=\"{&quot;aperture&quot;:&quot;0&quot;,&quot;credit&quot;:&quot;&quot;,&quot;camera&quot;:&quot;&quot;,&quot;caption&quot;:&quot;&quot;,&quot;created_timestamp&quot;:&quot;1693054882&quot;,&quot;copyright&quot;:&quot;&quot;,&quot;focal_length&quot;:&quot;0&quot;,&quot;iso&quot;:&quot;0&quot;,&quot;shutter_speed&quot;:&quot;0&quot;,&quot;title&quot;:&quot;&quot;,&quot;orientation&quot;:&quot;1&quot;}\" data-image-title=\"basura incendiada xIA\" data-image-description=\"\" data-image-caption=\"&lt;p&gt;Imagen creada por Inteligencia Artificial&lt;\/p&gt;\n\" data-large-file=\"https:\/\/www.hoymercedes.com.ar\/principal\/wp-content\/uploads\/2023\/08\/basura-incendiada-xIA.jpeg\" src=\"https:\/\/www.hoymercedes.com.ar\/principal\/wp-content\/uploads\/2023\/08\/basura-incendiada-xIA.jpeg\" alt=\"\" class=\"wp-image-166164\" srcset=\"https:\/\/www.hoymercedes.com.ar\/principal\/wp-content\/uploads\/2023\/08\/basura-incendiada-xIA.jpeg 1024w, https:\/\/www.hoymercedes.com.ar\/principal\/wp-content\/uploads\/2023\/08\/basura-incendiada-xIA-630x420.jpeg 630w, https:\/\/www.hoymercedes.com.ar\/principal\/wp-content\/uploads\/2023\/08\/basura-incendiada-xIA-150x100.jpeg 150w\" sizes=\"auto, (max-width: 1024px) 100vw, 1024px\" \/><figcaption class=\"wp-element-caption\">Imagen creada por Inteligencia Artificial<\/figcaption><\/figure>\n<\/div>\n\n\n<p>Y respondi\u00f3: \u201cSobre el tema del basural, venimos hablando desde hace dos a\u00f1os con una persona que nos present\u00f3, un proyecto de reforma del mismo que es integral, en el cual pasar\u00eda (\u2026) a ser un lugar en \u00f3ptimas condiciones donde no hayas ratas y se recicle la basura, enterrando la que no se pueda reciclar y transformando lo que es org\u00e1nico en humus, a trav\u00e9s de un procedimiento particular\u201d.<\/p>\n\n\n\n<p>Las plantas de tratamiento de residuos&nbsp;son un pilar fundamental en la gesti\u00f3n sostenible de la basura. En ellas, los residuos se procesan para minimizar su impacto ambiental, optimizar su reciclaje y, en muchos casos, convertirlos en nuevos recursos.<\/p>\n\n\n\n<p>Las plantas de tratamiento de residuos son el coraz\u00f3n de la gesti\u00f3n sostenible de la basura, y las tecnolog\u00edas como las m\u00e1quinas compactadoras desempe\u00f1an un papel esencial en este proceso.&nbsp;<strong>Estas soluciones no solo mejoran la operatividad y reducen costos, sino que tambi\u00e9n promueven pr\u00e1cticas responsables que protegen los recursos naturales y fomentan el reciclaje.<\/strong>&nbsp;Al optimizar el tratamiento de residuos, no solo se reduce el impacto ambiental, sino que tambi\u00e9n se contribuye al desarrollo de una econom\u00eda circular.<\/p>\n\n\n\n<p>En la actualidad, en la localidad,&nbsp;el tratamiento de la basura se aborda con una estrategia que incluye la recolecci\u00f3n diferenciada, el reciclaje, la educaci\u00f3n ambiental y la gesti\u00f3n responsable de los residuos. Lo que aun NO entiendo es: \u00bfPor qu\u00e9 la planta de residuos no se encuentra funcionando a su m\u00e1xima capacidad? \u00a1Ya estamos en el a\u00f1o 2025!<\/p>\n\n\n\n<p>El problema de la basura que se acumula y se acumula en nuestra regi\u00f3n o municipio nunca podr\u00e1 resolverse con la acci\u00f3n INDIVIDUAL de quienes la generamos. Nunca me escucharan decir la met\u00e1fora del \u201cgranito de arena\u201d porque esos son solo hechos aislados, corto placitas que no sirven para nada. Estoy convencido, y hace a\u00f1os que lo vengo expresando que la principal responsabilidad le compete al ESTADO y por ende a los MUNICIPIOS porque ellos tienen la tarea de organizar que se va a hacer con los residuos en sus territorios, as\u00ed como disponer de la normativa y la infraestructura para eso. Tampoco debemos menospreciar la responsabilidad de las EMPRESAS que son los que en definitiva colocan sobre las g\u00f3ndolas de los negocios y supermercados lo que compramos. Lo que no significa que lo que uno haga para reducir, reutilizar y reciclar NO SIRVA, ni que dejemos de tener alg\u00fan grado de responsabilidad, tanto como individuos que compran, usan y tiran como desde la posici\u00f3n de una sociedad que tolera y permite que la tierra que habita se cubra de semejante contaminaci\u00f3n.<\/p>\n\n\n\n<p>Con nuestra actitud de separar y compostar no alcanza, si la industria no cambia su modo de producir y si desde el sector p\u00fablico no se dispone a controlar y a regular cuestiones como que productos y con qu\u00e9 envases est\u00e1n llegando al mercado.<\/p>\n\n\n\n<p>En Argentina, la poblaci\u00f3n en general no presenta una cultura de inter\u00e9s en el destino de los residuos, la mayor preocupaci\u00f3n es la necesidad de contar con un servicio de recolecci\u00f3n de los mismos. Una vez que fueron retirados de la vista de los generadores, para muchas personas ya est\u00e1 resuelto el problema. No hay mucho inter\u00e9s en efectuar una reducci\u00f3n importante en la generaci\u00f3n, como base para un manejo sustentable, para lograr la preservaci\u00f3n de los recursos naturales y tampoco inter\u00e9s en los mecanismos de disposici\u00f3n final.<\/p>\n\n\n\n<p>El problema de los basurales a cielo abierto exhibe otros desaf\u00edos asociados. El tratamiento diferenciado y controlado, como parte de una estrategia general de promoci\u00f3n de la econom\u00eda circular, no s\u00f3lo reduce el volumen de los desechos y sus efectos contaminantes, sino que fortalece el trabajo de las personas que trabajan en la Planta de Reciclaje. A su vez, una gesti\u00f3n eficiente de los residuos evita la contaminaci\u00f3n por emanaciones t\u00f3xicas, pero tambi\u00e9n permite la reutilizaci\u00f3n de los residuos, convirti\u00e9ndoles en recursos que pueden ser reinsertados en el sistema productivo, que merecen un abordaje integral.<\/p>\n\n\n\n<p>*Cristi\u00e1n Frers \u2013 T\u00e9cnico Superior en Gesti\u00f3n Ambiental y T\u00e9cnico Superior en Comunicaci\u00f3n Social (Periodista).<\/p>\n","protected":false},"excerpt":{"rendered":"<p>Por Cristi\u00e1n Frers* &#8211; Desde el a\u00f1o 2005 que impuls\u00f3 una planta para tratar la basura en la localidad de &#8230; <a title=\"Opini\u00f3n: \u00bfC\u00f3mo se debe tratar la basura?\" class=\"read-more\" href=\"https:\/\/www.hoymercedes.com.ar\/principal\/2025\/06\/28\/opinion-como-se-debe-tratar-la-basura\/\" aria-label=\"Leer m\u00e1s sobre Opini\u00f3n: \u00bfC\u00f3mo se debe tratar la basura?\">Leer m\u00e1s<\/a><\/p>\n","protected":false},"author":1,"featured_media":166164,"comment_status":"closed","ping_status":"open","sticky":false,"template":"","format":"standard","meta":{"_monsterinsights_skip_tracking":false,"_monsterinsights_sitenote_active":false,"_monsterinsights_sitenote_note":"","_monsterinsights_sitenote_category":0,"jetpack_post_was_ever_published":false,"_jetpack_newsletter_access":"","_jetpack_dont_email_post_to_subs":false,"_jetpack_newsletter_tier_id":0,"_jetpack_memberships_contains_paywalled_content":false,"_jetpack_memberships_contains_paid_content":false,"footnotes":"","jetpack_publicize_message":"","jetpack_publicize_feature_enabled":true,"jetpack_social_post_already_shared":false,"jetpack_social_options":{"image_generator_settings":{"template":"highway","default_image_id":0,"enabled":false},"version":2},"_wpas_customize_per_network":false},"categories":[8],"tags":[],"class_list":["post-185699","post","type-post","status-publish","format-standard","has-post-thumbnail","hentry","category-sociedad","generate-columns","tablet-grid-50","mobile-grid-100","grid-parent","grid-50"],"jetpack_publicize_connections":[],"jetpack_featured_media_url":"https:\/\/www.hoymercedes.com.ar\/principal\/wp-content\/uploads\/2023\/08\/basura-incendiada-xIA.jpeg","wps_subtitle":"","jetpack_sharing_enabled":true,"_links":{"self":[{"href":"https:\/\/www.hoymercedes.com.ar\/principal\/wp-json\/wp\/v2\/posts\/185699","targetHints":{"allow":["GET"]}}],"collection":[{"href":"https:\/\/www.hoymercedes.com.ar\/principal\/wp-json\/wp\/v2\/posts"}],"about":[{"href":"https:\/\/www.hoymercedes.com.ar\/principal\/wp-json\/wp\/v2\/types\/post"}],"author":[{"embeddable":true,"href":"https:\/\/www.hoymercedes.com.ar\/principal\/wp-json\/wp\/v2\/users\/1"}],"replies":[{"embeddable":true,"href":"https:\/\/www.hoymercedes.com.ar\/principal\/wp-json\/wp\/v2\/comments?post=185699"}],"version-history":[{"count":1,"href":"https:\/\/www.hoymercedes.com.ar\/principal\/wp-json\/wp\/v2\/posts\/185699\/revisions"}],"predecessor-version":[{"id":185700,"href":"https:\/\/www.hoymercedes.com.ar\/principal\/wp-json\/wp\/v2\/posts\/185699\/revisions\/185700"}],"wp:featuredmedia":[{"embeddable":true,"href":"https:\/\/www.hoymercedes.com.ar\/principal\/wp-json\/wp\/v2\/media\/166164"}],"wp:attachment":[{"href":"https:\/\/www.hoymercedes.com.ar\/principal\/wp-json\/wp\/v2\/media?parent=185699"}],"wp:term":[{"taxonomy":"category","embeddable":true,"href":"https:\/\/www.hoymercedes.com.ar\/principal\/wp-json\/wp\/v2\/categories?post=185699"},{"taxonomy":"post_tag","embeddable":true,"href":"https:\/\/www.hoymercedes.com.ar\/principal\/wp-json\/wp\/v2\/tags?post=185699"}],"curies":[{"name":"wp","href":"https:\/\/api.w.org\/{rel}","templated":true}]}}