{"id":185712,"date":"2025-06-29T17:10:29","date_gmt":"2025-06-29T20:10:29","guid":{"rendered":"https:\/\/www.hoymercedes.com.ar\/principal\/?p=185712"},"modified":"2025-06-29T17:10:32","modified_gmt":"2025-06-29T20:10:32","slug":"se-viene-el-primer-encuentro-de-compositoras","status":"publish","type":"post","link":"https:\/\/www.hoymercedes.com.ar\/principal\/2025\/06\/29\/se-viene-el-primer-encuentro-de-compositoras\/","title":{"rendered":"Se viene el Primer Encuentro de Compositoras\u00a0"},"content":{"rendered":"\n<p>El pr\u00f3ximo s\u00e1bado 5 de julio en la ciudad de Luj\u00e1n se realizar\u00e1 el Primer Encuentro de Compositoras que nuclear\u00e1 a artistas femeninas de diversos g\u00e9neros y estilos musicales para compartir sus producciones y temas compuestos. Entre las participantes estar\u00e1n las mercedeinas Marilina Erramuspe y Mariel Solari. <\/p>\n\n\n\n<p>La propuesta invita a conocer y disfrutar de m\u00fasica compuesta por mujeres de diferentes ciudades y provincias argentinas, poniendo en valor y visibilizando el trabajo y aporte que cada una de ellas realiza para y por la cultura en la actualidad.<\/p>\n\n\n\n<p>Organizado por las compositoras: Patricia Bisso y Gabriela Battistini; las Secretar\u00edas de Cultura y Turismo y el Municipio de Luj\u00e1n, junto a FADEC (Foro Argentino de Compositoras), el evento, con entrada libre y gratuita, se desarrollar\u00e1&nbsp;en el Centro Cultural Municipal Do\u00f1a Ana de Matos,&nbsp; en el Paseo Calelian 1135 de la Ciudad de Luj\u00e1n, a pasos de la Bas\u00edlica.<\/p>\n\n\n\n<p>El encuentro propone&nbsp;dos momentos con convocatoria abierta a la comunidad:&nbsp;en primer lugar, a las 18hs se desarrollar\u00e1 una ronda de charla\/debate donde las compositoras se presentar\u00e1n y se abordar\u00e1n temas relacionados a la composici\u00f3n, las problem\u00e1ticas comunes y los desaf\u00edos que se presentan.&nbsp;<\/p>\n\n\n\n<p>En segundo lugar, a las 20 hs, se brindar\u00e1 un concierto en vivo abordando un repertorio de canciones y m\u00fasicas instrumentales con diferentes est\u00e9ticas y lenguajes que nos llevar\u00e1n desde el candombe, al folklore argentino, rock y tango pasando por la m\u00fasica acad\u00e9mica en d\u00faos y solistas.<\/p>\n\n\n\n<p>Entre las compositoras que presentar\u00e1n sus obras se encuentran Elena Buiani, Cecilia Fiorentino, Sara Mamani, Gabriela Battistini, Aldana Bello, Andrea Baz\u00e1n, Caro Bonillo, Victoria Masllorens, Laura Escudero, Marilina Erramuspe, Mariel Solari, Andrea Zurita e In\u00e9s Eckell. <\/p>\n\n\n\n<p>Tambi\u00e9n habr\u00e1 proyecci\u00f3n audiovisual de las compositoras:\u00a0Guillermina Dura\u00f1ona (Se\u00f1orita Miel), Julieta Umezawa (Les limones), Camila Arriva, Laura Otero y Elena Buiani.<\/p>\n\n\n<div class=\"wp-block-image\">\n<figure class=\"aligncenter size-large\"><img loading=\"lazy\" decoding=\"async\" width=\"576\" height=\"1024\" data-attachment-id=\"185713\" data-permalink=\"https:\/\/www.hoymercedes.com.ar\/principal\/2025\/06\/29\/se-viene-el-primer-encuentro-de-compositoras\/image-141\/#main\" data-orig-file=\"https:\/\/www.hoymercedes.com.ar\/principal\/wp-content\/uploads\/2025\/06\/image-7.png\" data-orig-size=\"900,1600\" data-comments-opened=\"0\" data-image-meta=\"{&quot;aperture&quot;:&quot;0&quot;,&quot;credit&quot;:&quot;&quot;,&quot;camera&quot;:&quot;&quot;,&quot;caption&quot;:&quot;&quot;,&quot;created_timestamp&quot;:&quot;0&quot;,&quot;copyright&quot;:&quot;&quot;,&quot;focal_length&quot;:&quot;0&quot;,&quot;iso&quot;:&quot;0&quot;,&quot;shutter_speed&quot;:&quot;0&quot;,&quot;title&quot;:&quot;&quot;,&quot;orientation&quot;:&quot;0&quot;}\" data-image-title=\"image\" data-image-description=\"\" data-image-caption=\"\" data-large-file=\"https:\/\/www.hoymercedes.com.ar\/principal\/wp-content\/uploads\/2025\/06\/image-7-576x1024.png\" src=\"https:\/\/www.hoymercedes.com.ar\/principal\/wp-content\/uploads\/2025\/06\/image-7-576x1024.png\" alt=\"\" class=\"wp-image-185713\" srcset=\"https:\/\/www.hoymercedes.com.ar\/principal\/wp-content\/uploads\/2025\/06\/image-7-576x1024.png 576w, https:\/\/www.hoymercedes.com.ar\/principal\/wp-content\/uploads\/2025\/06\/image-7-349x620.png 349w, https:\/\/www.hoymercedes.com.ar\/principal\/wp-content\/uploads\/2025\/06\/image-7-84x150.png 84w, https:\/\/www.hoymercedes.com.ar\/principal\/wp-content\/uploads\/2025\/06\/image-7-864x1536.png 864w, https:\/\/www.hoymercedes.com.ar\/principal\/wp-content\/uploads\/2025\/06\/image-7.png 900w\" sizes=\"auto, (max-width: 576px) 100vw, 576px\" \/><\/figure>\n<\/div>","protected":false},"excerpt":{"rendered":"<p>El pr\u00f3ximo s\u00e1bado 5 de julio en la ciudad de Luj\u00e1n se realizar\u00e1 el Primer Encuentro de Compositoras que nuclear\u00e1 &#8230; <a title=\"Se viene el Primer Encuentro de Compositoras\u00a0\" class=\"read-more\" href=\"https:\/\/www.hoymercedes.com.ar\/principal\/2025\/06\/29\/se-viene-el-primer-encuentro-de-compositoras\/\" aria-label=\"Leer m\u00e1s sobre Se viene el Primer Encuentro de Compositoras\u00a0\">Leer m\u00e1s<\/a><\/p>\n","protected":false},"author":1,"featured_media":185714,"comment_status":"closed","ping_status":"open","sticky":false,"template":"","format":"standard","meta":{"_monsterinsights_skip_tracking":false,"_monsterinsights_sitenote_active":false,"_monsterinsights_sitenote_note":"","_monsterinsights_sitenote_category":0,"jetpack_post_was_ever_published":false,"_jetpack_newsletter_access":"","_jetpack_dont_email_post_to_subs":false,"_jetpack_newsletter_tier_id":0,"_jetpack_memberships_contains_paywalled_content":false,"_jetpack_memberships_contains_paid_content":false,"footnotes":"","jetpack_publicize_message":"","jetpack_publicize_feature_enabled":true,"jetpack_social_post_already_shared":false,"jetpack_social_options":{"image_generator_settings":{"template":"highway","default_image_id":0,"enabled":false},"version":2},"_wpas_customize_per_network":false},"categories":[8],"tags":[],"class_list":["post-185712","post","type-post","status-publish","format-standard","has-post-thumbnail","hentry","category-sociedad","generate-columns","tablet-grid-50","mobile-grid-100","grid-parent","grid-50"],"jetpack_publicize_connections":[],"jetpack_featured_media_url":"https:\/\/www.hoymercedes.com.ar\/principal\/wp-content\/uploads\/2025\/06\/WhatsApp-Image-2025-06-26-at-5.58.08-PM.jpg","wps_subtitle":"","jetpack_sharing_enabled":true,"_links":{"self":[{"href":"https:\/\/www.hoymercedes.com.ar\/principal\/wp-json\/wp\/v2\/posts\/185712","targetHints":{"allow":["GET"]}}],"collection":[{"href":"https:\/\/www.hoymercedes.com.ar\/principal\/wp-json\/wp\/v2\/posts"}],"about":[{"href":"https:\/\/www.hoymercedes.com.ar\/principal\/wp-json\/wp\/v2\/types\/post"}],"author":[{"embeddable":true,"href":"https:\/\/www.hoymercedes.com.ar\/principal\/wp-json\/wp\/v2\/users\/1"}],"replies":[{"embeddable":true,"href":"https:\/\/www.hoymercedes.com.ar\/principal\/wp-json\/wp\/v2\/comments?post=185712"}],"version-history":[{"count":1,"href":"https:\/\/www.hoymercedes.com.ar\/principal\/wp-json\/wp\/v2\/posts\/185712\/revisions"}],"predecessor-version":[{"id":185716,"href":"https:\/\/www.hoymercedes.com.ar\/principal\/wp-json\/wp\/v2\/posts\/185712\/revisions\/185716"}],"wp:featuredmedia":[{"embeddable":true,"href":"https:\/\/www.hoymercedes.com.ar\/principal\/wp-json\/wp\/v2\/media\/185714"}],"wp:attachment":[{"href":"https:\/\/www.hoymercedes.com.ar\/principal\/wp-json\/wp\/v2\/media?parent=185712"}],"wp:term":[{"taxonomy":"category","embeddable":true,"href":"https:\/\/www.hoymercedes.com.ar\/principal\/wp-json\/wp\/v2\/categories?post=185712"},{"taxonomy":"post_tag","embeddable":true,"href":"https:\/\/www.hoymercedes.com.ar\/principal\/wp-json\/wp\/v2\/tags?post=185712"}],"curies":[{"name":"wp","href":"https:\/\/api.w.org\/{rel}","templated":true}]}}