{"id":185721,"date":"2025-06-29T18:00:00","date_gmt":"2025-06-29T21:00:00","guid":{"rendered":"https:\/\/www.hoymercedes.com.ar\/principal\/?p=185721"},"modified":"2025-06-29T17:33:03","modified_gmt":"2025-06-29T20:33:03","slug":"calle-102-la-calle-de-angelito-cabral","status":"publish","type":"post","link":"https:\/\/www.hoymercedes.com.ar\/principal\/2025\/06\/29\/calle-102-la-calle-de-angelito-cabral\/","title":{"rendered":"Calle 102, la calle de Angelito Cabral"},"content":{"rendered":"\n<p>En la ma\u00f1ana del s\u00e1bado, el Barrio San Jorge se visti\u00f3 de fiesta para homenajear al m\u00fasico \u00c1ngel Cabral, autor de tantos \u00e9xitos musicales que vivi\u00f3 en dicho barrio. Se oficializ\u00f3 con un acto la imposici\u00f3n con el nombre del m\u00fasico a la calle 102 entre 127 y 139. <\/p>\n\n\n\n<figure class=\"wp-block-image size-large\"><img loading=\"lazy\" decoding=\"async\" width=\"1024\" height=\"461\" data-attachment-id=\"185722\" data-permalink=\"https:\/\/www.hoymercedes.com.ar\/principal\/2025\/06\/29\/calle-102-la-calle-de-angelito-cabral\/image-143\/#main\" data-orig-file=\"https:\/\/www.hoymercedes.com.ar\/principal\/wp-content\/uploads\/2025\/06\/image-9.png\" data-orig-size=\"1080,486\" data-comments-opened=\"0\" data-image-meta=\"{&quot;aperture&quot;:&quot;0&quot;,&quot;credit&quot;:&quot;&quot;,&quot;camera&quot;:&quot;&quot;,&quot;caption&quot;:&quot;&quot;,&quot;created_timestamp&quot;:&quot;0&quot;,&quot;copyright&quot;:&quot;&quot;,&quot;focal_length&quot;:&quot;0&quot;,&quot;iso&quot;:&quot;0&quot;,&quot;shutter_speed&quot;:&quot;0&quot;,&quot;title&quot;:&quot;&quot;,&quot;orientation&quot;:&quot;0&quot;}\" data-image-title=\"image\" data-image-description=\"\" data-image-caption=\"\" data-large-file=\"https:\/\/www.hoymercedes.com.ar\/principal\/wp-content\/uploads\/2025\/06\/image-9-1024x461.png\" src=\"https:\/\/www.hoymercedes.com.ar\/principal\/wp-content\/uploads\/2025\/06\/image-9-1024x461.png\" alt=\"\" class=\"wp-image-185722\" srcset=\"https:\/\/www.hoymercedes.com.ar\/principal\/wp-content\/uploads\/2025\/06\/image-9-1024x461.png 1024w, https:\/\/www.hoymercedes.com.ar\/principal\/wp-content\/uploads\/2025\/06\/image-9-630x284.png 630w, https:\/\/www.hoymercedes.com.ar\/principal\/wp-content\/uploads\/2025\/06\/image-9-150x68.png 150w, https:\/\/www.hoymercedes.com.ar\/principal\/wp-content\/uploads\/2025\/06\/image-9.png 1080w\" sizes=\"auto, (max-width: 1024px) 100vw, 1024px\" \/><\/figure>\n\n\n\n<p>La actividad, impulsada por la Sociedad de Fomento del barrio, congreg\u00f3 a vecinos y allegados al m\u00fasico. La actuaci\u00f3n de Mart\u00edn Aguilar, m\u00fasico y compositor mercedino, muy ligado a Angelito Cabral desde su ni\u00f1ez, tanto afectiva como profesionalmente, fue central en el acto. \u00abCon su guitarra y su voz puso al acto esa dosis de arte y familiaridad que espont\u00e1neamente hizo cantar a los presentes, acompa\u00f1ado en la voz por el vecino Fabi\u00e1n Robledo quien se sum\u00f3 al ensayo improvisado\u00bb, contaron desde la Sociedad de Fomento.<\/p>\n\n\n\n<p>La conducci\u00f3n estuvo a cargo de la Sra. M\u00f3nica Tirone y las palabras de homenaje fueron pronunciadas por la Sra. Mar\u00eda In\u00e9s Zenga. Al momento de descubrir el cartel, lo hicieron Mart\u00edn Aguilar y el Presidente de la Sociedad de Fomento, el Sr. Armando Gonz\u00e1lez.<\/p>\n\n\n\n<p>La Comisi\u00f3n Directiva de la Sociedad de Fomento convoc\u00f3 las voluntades de varios vecinos para hacer posible el acto. La Sra. Lina Razetto pint\u00f3 el cartel sobre un corte de tronco proveniente de un \u00e1rbol de la antigua quinta de la familia Iriart. El Sr. Federico Heinrich prepar\u00f3 la madera y el Sr. Fabi\u00e1n Ferrero don\u00f3 los postes de montaje. <\/p>\n\n\n\n<p>El vecino Jano Lomb\u00e1n se hizo cargo de la tarea de acondicionamiento de postes y cartel . El Sr. Robledo arm\u00f3 el equipo de sonido y la vecina Graciela L\u00fapolli facilit\u00f3 la instalaci\u00f3n el\u00e9ctrica de su domicilio. A quienes la Sociedad de Fomento les agradeci\u00f3 p\u00fablicamente.-<a href=\"https:\/\/www.facebook.com\/photo\/?fbid=10236353084476429&amp;set=a.1354001019289&amp;__cft__[0]=AZUsfZ0j0chMsvKxnwmuDccAj3YDUr9Edm4YTFtbRXeE7CcS1_b8_a6xn7rWKZq7x5BbtEHGcAoaErX6Qxxz3uDhtzlsp7jUHmZG2ILRec_WkiE-uTe7MA_quzVg4FJrHoqZRAwlvg-tORgd5-XqtNepJ1f-icKfqmagKy--Pa1ShQ&amp;__tn__=EH-R\" target=\"_blank\" rel=\"noopener\"><\/a><\/p>\n\n\n\n<p><\/p>\n","protected":false},"excerpt":{"rendered":"<p>En la ma\u00f1ana del s\u00e1bado, el Barrio San Jorge se visti\u00f3 de fiesta para homenajear al m\u00fasico \u00c1ngel Cabral, autor &#8230; <a title=\"Calle 102, la calle de Angelito Cabral\" class=\"read-more\" href=\"https:\/\/www.hoymercedes.com.ar\/principal\/2025\/06\/29\/calle-102-la-calle-de-angelito-cabral\/\" aria-label=\"Leer m\u00e1s sobre Calle 102, la calle de Angelito Cabral\">Leer m\u00e1s<\/a><\/p>\n","protected":false},"author":1,"featured_media":185722,"comment_status":"closed","ping_status":"open","sticky":false,"template":"","format":"standard","meta":{"_monsterinsights_skip_tracking":false,"_monsterinsights_sitenote_active":false,"_monsterinsights_sitenote_note":"","_monsterinsights_sitenote_category":0,"jetpack_post_was_ever_published":false,"_jetpack_newsletter_access":"","_jetpack_dont_email_post_to_subs":false,"_jetpack_newsletter_tier_id":0,"_jetpack_memberships_contains_paywalled_content":false,"_jetpack_memberships_contains_paid_content":false,"footnotes":"","jetpack_publicize_message":"","jetpack_publicize_feature_enabled":true,"jetpack_social_post_already_shared":true,"jetpack_social_options":{"image_generator_settings":{"template":"highway","default_image_id":0,"enabled":false},"version":2},"_wpas_customize_per_network":false},"categories":[8],"tags":[],"class_list":["post-185721","post","type-post","status-publish","format-standard","has-post-thumbnail","hentry","category-sociedad","generate-columns","tablet-grid-50","mobile-grid-100","grid-parent","grid-50"],"jetpack_publicize_connections":[],"jetpack_featured_media_url":"https:\/\/www.hoymercedes.com.ar\/principal\/wp-content\/uploads\/2025\/06\/image-9.png","wps_subtitle":"","jetpack_sharing_enabled":true,"_links":{"self":[{"href":"https:\/\/www.hoymercedes.com.ar\/principal\/wp-json\/wp\/v2\/posts\/185721","targetHints":{"allow":["GET"]}}],"collection":[{"href":"https:\/\/www.hoymercedes.com.ar\/principal\/wp-json\/wp\/v2\/posts"}],"about":[{"href":"https:\/\/www.hoymercedes.com.ar\/principal\/wp-json\/wp\/v2\/types\/post"}],"author":[{"embeddable":true,"href":"https:\/\/www.hoymercedes.com.ar\/principal\/wp-json\/wp\/v2\/users\/1"}],"replies":[{"embeddable":true,"href":"https:\/\/www.hoymercedes.com.ar\/principal\/wp-json\/wp\/v2\/comments?post=185721"}],"version-history":[{"count":2,"href":"https:\/\/www.hoymercedes.com.ar\/principal\/wp-json\/wp\/v2\/posts\/185721\/revisions"}],"predecessor-version":[{"id":185725,"href":"https:\/\/www.hoymercedes.com.ar\/principal\/wp-json\/wp\/v2\/posts\/185721\/revisions\/185725"}],"wp:featuredmedia":[{"embeddable":true,"href":"https:\/\/www.hoymercedes.com.ar\/principal\/wp-json\/wp\/v2\/media\/185722"}],"wp:attachment":[{"href":"https:\/\/www.hoymercedes.com.ar\/principal\/wp-json\/wp\/v2\/media?parent=185721"}],"wp:term":[{"taxonomy":"category","embeddable":true,"href":"https:\/\/www.hoymercedes.com.ar\/principal\/wp-json\/wp\/v2\/categories?post=185721"},{"taxonomy":"post_tag","embeddable":true,"href":"https:\/\/www.hoymercedes.com.ar\/principal\/wp-json\/wp\/v2\/tags?post=185721"}],"curies":[{"name":"wp","href":"https:\/\/api.w.org\/{rel}","templated":true}]}}