{"id":185728,"date":"2025-06-29T17:40:55","date_gmt":"2025-06-29T20:40:55","guid":{"rendered":"https:\/\/www.hoymercedes.com.ar\/principal\/?p=185728"},"modified":"2025-06-29T17:40:58","modified_gmt":"2025-06-29T20:40:58","slug":"aefip-mercedes-el-gobierno-nacional-usa-para-la-timba-los-impuestos-de-los-contribuyentes","status":"publish","type":"post","link":"https:\/\/www.hoymercedes.com.ar\/principal\/2025\/06\/29\/aefip-mercedes-el-gobierno-nacional-usa-para-la-timba-los-impuestos-de-los-contribuyentes\/","title":{"rendered":"AEFIP Mercedes: \u201cel Gobierno nacional usa para la timba los impuestos de los contribuyentes\u201d"},"content":{"rendered":"\n<figure class=\"wp-block-image size-large\"><img loading=\"lazy\" decoding=\"async\" width=\"1024\" height=\"768\" data-attachment-id=\"185729\" data-permalink=\"https:\/\/www.hoymercedes.com.ar\/principal\/2025\/06\/29\/aefip-mercedes-el-gobierno-nacional-usa-para-la-timba-los-impuestos-de-los-contribuyentes\/comision-directiva-de-aefip\/#main\" data-orig-file=\"https:\/\/www.hoymercedes.com.ar\/principal\/wp-content\/uploads\/2025\/06\/Comision-Directiva-de-AEFIP.jpeg\" data-orig-size=\"1600,1200\" data-comments-opened=\"0\" data-image-meta=\"{&quot;aperture&quot;:&quot;0&quot;,&quot;credit&quot;:&quot;&quot;,&quot;camera&quot;:&quot;&quot;,&quot;caption&quot;:&quot;&quot;,&quot;created_timestamp&quot;:&quot;0&quot;,&quot;copyright&quot;:&quot;&quot;,&quot;focal_length&quot;:&quot;0&quot;,&quot;iso&quot;:&quot;0&quot;,&quot;shutter_speed&quot;:&quot;0&quot;,&quot;title&quot;:&quot;&quot;,&quot;orientation&quot;:&quot;0&quot;}\" data-image-title=\"Comisi\u00f3n Directiva de AEFIP\" data-image-description=\"&lt;p&gt;AEFIP Mercedes: \u201cel Gobierno nacional usa para la timba los impuestos de los contribuyentes\u201d&lt;\/p&gt;\n\" data-image-caption=\"&lt;p&gt;AEFIP Mercedes: \u201cel Gobierno nacional usa para la timba los impuestos de los contribuyentes\u201d&lt;\/p&gt;\n\" data-large-file=\"https:\/\/www.hoymercedes.com.ar\/principal\/wp-content\/uploads\/2025\/06\/Comision-Directiva-de-AEFIP-1024x768.jpeg\" src=\"https:\/\/www.hoymercedes.com.ar\/principal\/wp-content\/uploads\/2025\/06\/Comision-Directiva-de-AEFIP-1024x768.jpeg\" alt=\"\" class=\"wp-image-185729\" srcset=\"https:\/\/www.hoymercedes.com.ar\/principal\/wp-content\/uploads\/2025\/06\/Comision-Directiva-de-AEFIP-1024x768.jpeg 1024w, https:\/\/www.hoymercedes.com.ar\/principal\/wp-content\/uploads\/2025\/06\/Comision-Directiva-de-AEFIP-630x473.jpeg 630w, https:\/\/www.hoymercedes.com.ar\/principal\/wp-content\/uploads\/2025\/06\/Comision-Directiva-de-AEFIP-150x113.jpeg 150w, https:\/\/www.hoymercedes.com.ar\/principal\/wp-content\/uploads\/2025\/06\/Comision-Directiva-de-AEFIP-1536x1152.jpeg 1536w, https:\/\/www.hoymercedes.com.ar\/principal\/wp-content\/uploads\/2025\/06\/Comision-Directiva-de-AEFIP.jpeg 1600w\" sizes=\"auto, (max-width: 1024px) 100vw, 1024px\" \/><\/figure>\n\n\n\n<p>La Seccional AEFIP Mercedes, emiti\u00f3 un duro comunicado, firmado por su Secretario General Juan Mart\u00edn Andr\u00e9s, donde se critica las acciones del Gobierno nacional y se da un panorama sobre la situaci\u00f3n de las y los trabajadores de ARCA. \u00abMientras los trabajadores del organismo seguimos sin paritarias, con una baja sustancial en el fondo de jerarquizaci\u00f3n, con constantes ataques e improperios hac\u00eda con nosotros\u201d, indica en su inicio el documento.<\/p>\n\n\n\n<p>Luego, en relaci\u00f3n al destino de los fondos recaudados por el organismo, el comunicado expresa: \u201cseguimos haciendo nuestra tarea, se sigue cobrando impuestos. \u00bfY los beneficios a los contribuyentes, d\u00f3nde est\u00e1n? La respuesta es f\u00e1cil: el gobierno nacional los usa para la timba\u201d.<\/p>\n\n\n\n<p>Asimismo, el escrito manifiesta que \u201cel Gobierno libertario impulsa un modelo que se parece mucho al \u201cmodelo Paraguay\u201d: un Estado m\u00ednimo, sin protecci\u00f3n social, con trabajadores precarizados, sin salud ni educaci\u00f3n p\u00fablica de calidad, sin obra p\u00fablica, y con sindicatos debilitados o perseguidos\u201d.<\/p>\n\n\n\n<p>Sobre la situaci\u00f3n en Argentina, desde AEFIP sostienen que \u201clos impuestos se siguen cobrando: el IVA, el impuesto a las ganancias (que castiga al salario), los aportes patronales, los aportes previsionales\u201d, pero subrayan a continuaci\u00f3n que: \u201clas jubilaciones pierden valor cada mes; la salud y la educaci\u00f3n p\u00fablicas son desfinanciadas; el empleo p\u00fablico es estigmatizado y vaciado; el salario estatal queda congelado o por debajo de la inflaci\u00f3n; la obra p\u00fablica se paraliza, dejando miles de despidos\u201d.<\/p>\n\n\n\n<p>\u201cEntonces, \u00bfd\u00f3nde van los recursos del Estado? \u00bfPara qu\u00e9 se cobra si no hay un Estado que redistribuya, proteja ni garantice derechos?\u201d, pregunta el documento, que luego en el mismo se resalta: \u201cel discurso de la \u2013libertad- oculta una verdad m\u00e1s cruda: nos quieren hacer pagar impuestos sin Estado, sin derechos, sin servicios. Y eso no es libertad: es saqueo\u201d.<\/p>\n\n\n\n<p>Al finalizar, la Seccional a cargo de Juan Mart\u00edn Andr\u00e9s, enmarca sus pasos a seguir respecto a la situaci\u00f3n: \u201cComo trabajadores organizados, no vamos a naturalizar este modelo de ajuste y entrega, que destruye d\u00e9cadas de conquistas sociales. Vamos a seguir defendiendo un Estado presente, un sistema impositivo justo, y el acceso igualitario a los bienes p\u00fablicos que le corresponden a todo el pueblo argentino\u201d.<\/p>\n","protected":false},"excerpt":{"rendered":"<p>La Seccional AEFIP Mercedes, emiti\u00f3 un duro comunicado, firmado por su Secretario General Juan Mart\u00edn Andr\u00e9s, donde se critica las &#8230; <a title=\"AEFIP Mercedes: \u201cel Gobierno nacional usa para la timba los impuestos de los contribuyentes\u201d\" class=\"read-more\" href=\"https:\/\/www.hoymercedes.com.ar\/principal\/2025\/06\/29\/aefip-mercedes-el-gobierno-nacional-usa-para-la-timba-los-impuestos-de-los-contribuyentes\/\" aria-label=\"Leer m\u00e1s sobre AEFIP Mercedes: \u201cel Gobierno nacional usa para la timba los impuestos de los contribuyentes\u201d\">Leer m\u00e1s<\/a><\/p>\n","protected":false},"author":1,"featured_media":185729,"comment_status":"closed","ping_status":"open","sticky":false,"template":"","format":"standard","meta":{"_monsterinsights_skip_tracking":false,"_monsterinsights_sitenote_active":false,"_monsterinsights_sitenote_note":"","_monsterinsights_sitenote_category":0,"jetpack_post_was_ever_published":false,"_jetpack_newsletter_access":"","_jetpack_dont_email_post_to_subs":false,"_jetpack_newsletter_tier_id":0,"_jetpack_memberships_contains_paywalled_content":false,"_jetpack_memberships_contains_paid_content":false,"footnotes":"","jetpack_publicize_message":"","jetpack_publicize_feature_enabled":true,"jetpack_social_post_already_shared":false,"jetpack_social_options":{"image_generator_settings":{"template":"highway","default_image_id":0,"enabled":false},"version":2},"_wpas_customize_per_network":false},"categories":[8],"tags":[2381,2618,19026],"class_list":["post-185728","post","type-post","status-publish","format-standard","has-post-thumbnail","hentry","category-sociedad","tag-aefip","tag-aefip-mercedes","tag-sindicatos-mercedes","generate-columns","tablet-grid-50","mobile-grid-100","grid-parent","grid-50"],"jetpack_publicize_connections":[],"jetpack_featured_media_url":"https:\/\/www.hoymercedes.com.ar\/principal\/wp-content\/uploads\/2025\/06\/Comision-Directiva-de-AEFIP.jpeg","wps_subtitle":"Sindicatos","jetpack_sharing_enabled":true,"_links":{"self":[{"href":"https:\/\/www.hoymercedes.com.ar\/principal\/wp-json\/wp\/v2\/posts\/185728","targetHints":{"allow":["GET"]}}],"collection":[{"href":"https:\/\/www.hoymercedes.com.ar\/principal\/wp-json\/wp\/v2\/posts"}],"about":[{"href":"https:\/\/www.hoymercedes.com.ar\/principal\/wp-json\/wp\/v2\/types\/post"}],"author":[{"embeddable":true,"href":"https:\/\/www.hoymercedes.com.ar\/principal\/wp-json\/wp\/v2\/users\/1"}],"replies":[{"embeddable":true,"href":"https:\/\/www.hoymercedes.com.ar\/principal\/wp-json\/wp\/v2\/comments?post=185728"}],"version-history":[{"count":2,"href":"https:\/\/www.hoymercedes.com.ar\/principal\/wp-json\/wp\/v2\/posts\/185728\/revisions"}],"predecessor-version":[{"id":185731,"href":"https:\/\/www.hoymercedes.com.ar\/principal\/wp-json\/wp\/v2\/posts\/185728\/revisions\/185731"}],"wp:featuredmedia":[{"embeddable":true,"href":"https:\/\/www.hoymercedes.com.ar\/principal\/wp-json\/wp\/v2\/media\/185729"}],"wp:attachment":[{"href":"https:\/\/www.hoymercedes.com.ar\/principal\/wp-json\/wp\/v2\/media?parent=185728"}],"wp:term":[{"taxonomy":"category","embeddable":true,"href":"https:\/\/www.hoymercedes.com.ar\/principal\/wp-json\/wp\/v2\/categories?post=185728"},{"taxonomy":"post_tag","embeddable":true,"href":"https:\/\/www.hoymercedes.com.ar\/principal\/wp-json\/wp\/v2\/tags?post=185728"}],"curies":[{"name":"wp","href":"https:\/\/api.w.org\/{rel}","templated":true}]}}