{"id":185756,"date":"2025-06-30T11:00:00","date_gmt":"2025-06-30T14:00:00","guid":{"rendered":"https:\/\/www.hoymercedes.com.ar\/principal\/?p=185756"},"modified":"2025-06-30T09:39:33","modified_gmt":"2025-06-30T12:39:33","slug":"tenis-julian-guerro-gano-la-categoria-a","status":"publish","type":"post","link":"https:\/\/www.hoymercedes.com.ar\/principal\/2025\/06\/30\/tenis-julian-guerro-gano-la-categoria-a\/","title":{"rendered":"Tenis: Juli\u00e1n Guerro gan\u00f3 la categor\u00eda A"},"content":{"rendered":"\n<p>Juli\u00e1n Guerrero se qued\u00f3 por primera vez con el primer puesto de la categor\u00eda \u00abA\u00bb tras levantar un partido que lo ten\u00eda muy complicado contra Emanuel Lucero en lo que fue la final del torneo de la escuela de tenis de Mauricio Pisoni y Hern\u00e1n Ricaldoni, realizado el domingo \u00faltimo en la Liga de Padres.<\/p>\n\n\n<div class=\"wp-block-image\">\n<figure class=\"aligncenter size-full\"><img loading=\"lazy\" decoding=\"async\" width=\"800\" height=\"533\" data-attachment-id=\"185757\" data-permalink=\"https:\/\/www.hoymercedes.com.ar\/principal\/2025\/06\/30\/tenis-julian-guerro-gano-la-categoria-a\/img-20250629-wa0034\/#main\" data-orig-file=\"https:\/\/www.hoymercedes.com.ar\/principal\/wp-content\/uploads\/2025\/06\/IMG-20250629-WA0034.jpg\" data-orig-size=\"800,533\" data-comments-opened=\"0\" data-image-meta=\"{&quot;aperture&quot;:&quot;0&quot;,&quot;credit&quot;:&quot;&quot;,&quot;camera&quot;:&quot;&quot;,&quot;caption&quot;:&quot;&quot;,&quot;created_timestamp&quot;:&quot;0&quot;,&quot;copyright&quot;:&quot;&quot;,&quot;focal_length&quot;:&quot;0&quot;,&quot;iso&quot;:&quot;0&quot;,&quot;shutter_speed&quot;:&quot;0&quot;,&quot;title&quot;:&quot;&quot;,&quot;orientation&quot;:&quot;0&quot;}\" data-image-title=\"IMG-20250629-WA0034\" data-image-description=\"\" data-image-caption=\"\" data-large-file=\"https:\/\/www.hoymercedes.com.ar\/principal\/wp-content\/uploads\/2025\/06\/IMG-20250629-WA0034.jpg\" src=\"https:\/\/www.hoymercedes.com.ar\/principal\/wp-content\/uploads\/2025\/06\/IMG-20250629-WA0034.jpg\" alt=\"\" class=\"wp-image-185757\" srcset=\"https:\/\/www.hoymercedes.com.ar\/principal\/wp-content\/uploads\/2025\/06\/IMG-20250629-WA0034.jpg 800w, https:\/\/www.hoymercedes.com.ar\/principal\/wp-content\/uploads\/2025\/06\/IMG-20250629-WA0034-630x420.jpg 630w, https:\/\/www.hoymercedes.com.ar\/principal\/wp-content\/uploads\/2025\/06\/IMG-20250629-WA0034-150x100.jpg 150w, https:\/\/www.hoymercedes.com.ar\/principal\/wp-content\/uploads\/2025\/06\/IMG-20250629-WA0034-700x465.jpg 700w\" sizes=\"auto, (max-width: 800px) 100vw, 800px\" \/><\/figure>\n<\/div>\n\n\n<p>El jugador de 16 a\u00f1os tuvo que mejorar mucho para poder consagrarse campe\u00f3n del certamen. En el set definitorio estaba 4\/1 abajo frente a un Lucero muy s\u00f3lido, sin embargo, logr\u00f3 revertir la situaci\u00f3n y se termin\u00f3 llevando el partido 6\/4.<\/p>\n\n\n\n<p>Hay que destacar que hasta ese momento, ninguno de los dos finalistas hab\u00eda podido quedarse con el primer puesto de la Categor\u00eda \u00abA\u00bb.Fue un torneo muy parejo con puntos a destacar como la eliminaci\u00f3n por sorteo en zona de grupos de uno de los candidatos como Miqueas Ascani (hubo triple empate en el grupo), o el debut de Francisco Castelucci que logr\u00f3 un triunfo en su primera participaci\u00f3n en la \u00abA\u00bb.<\/p>\n\n\n\n<p>El campeonato realizado por Alan Demattei y Emiliano Marcelo -correspondiente al calendario anual de internos de las escuelas de tenis del Club Mercedes y la Liga de Padres- cont\u00f3 con la participaci\u00f3n de 16 jugadores. Todos fueron divididos en cuatro grupos de cuatro, d\u00f3nde los dos mejores de cada uno pasaron a la zona eliminatoria.<\/p>\n\n\n\n<p>Resultados finales:<\/p>\n\n\n\n<p>Grupo A<br>1 Sim\u00f3n Ferrero<br>2 Vicente Neila<br>3 Miqueas Ascani<br>4 Juan Andr\u00e9s<\/p>\n\n\n\n<p>Grupo B<br>1 Benjam\u00edn Braceras<br>2 Joaqu\u00edn Blanco<br>3 Felipe Flores<br>4 Francisco Veltani<\/p>\n\n\n\n<p>Grupo C<br>1 Juli\u00e1n Guerrero<br>2 Felipe Rivero<br>3 Sim\u00f3n D\u00edaz<br>4 Martiniano Ort\u00edz<\/p>\n\n\n\n<p>Grupo D<br>1 Emanuel Lucero<br>2 Marco Luppi<br>3 Francisco Castelucci<br>4 Pedro Veppo<\/p>\n\n\n\n<p>Cuartos de final:<br>_Joaqu\u00edn Blanco 5\/4 a Sim\u00f3n Ferrero<br>_Juli\u00e1n Guerrero 4\/1 a Marco Luppi<br>_Benjam\u00edn Braceras 4\/2 a Vicente Neila<br>_Emanuel Lucero 4\/1 a Felipe Rivero<\/p>\n\n\n\n<p>Semifinales:<br>_Juli\u00e1n Guerrero 6\/0 a Joaqu\u00edn Blanco<br>_Emanuel Lucero 6\/5 a Benjam\u00edn Braceras<\/p>\n\n\n\n<p>Final:<br>_Juli\u00e1n Guerrero 6\/4 a Emanuel Lucero<\/p>\n","protected":false},"excerpt":{"rendered":"<p>Juli\u00e1n Guerrero se qued\u00f3 por primera vez con el primer puesto de la categor\u00eda \u00abA\u00bb tras levantar un partido que &#8230; <a title=\"Tenis: Juli\u00e1n Guerro gan\u00f3 la categor\u00eda A\" class=\"read-more\" href=\"https:\/\/www.hoymercedes.com.ar\/principal\/2025\/06\/30\/tenis-julian-guerro-gano-la-categoria-a\/\" aria-label=\"Leer m\u00e1s sobre Tenis: Juli\u00e1n Guerro gan\u00f3 la categor\u00eda A\">Leer m\u00e1s<\/a><\/p>\n","protected":false},"author":1,"featured_media":185757,"comment_status":"closed","ping_status":"open","sticky":false,"template":"","format":"standard","meta":{"_monsterinsights_skip_tracking":false,"_monsterinsights_sitenote_active":false,"_monsterinsights_sitenote_note":"","_monsterinsights_sitenote_category":0,"jetpack_post_was_ever_published":false,"_jetpack_newsletter_access":"","_jetpack_dont_email_post_to_subs":false,"_jetpack_newsletter_tier_id":0,"_jetpack_memberships_contains_paywalled_content":false,"_jetpack_memberships_contains_paid_content":false,"footnotes":"","jetpack_publicize_message":"","jetpack_publicize_feature_enabled":true,"jetpack_social_post_already_shared":true,"jetpack_social_options":{"image_generator_settings":{"template":"highway","default_image_id":0,"enabled":false},"version":2},"_wpas_customize_per_network":false},"categories":[8],"tags":[],"class_list":["post-185756","post","type-post","status-publish","format-standard","has-post-thumbnail","hentry","category-sociedad","generate-columns","tablet-grid-50","mobile-grid-100","grid-parent","grid-50"],"jetpack_publicize_connections":[],"jetpack_featured_media_url":"https:\/\/www.hoymercedes.com.ar\/principal\/wp-content\/uploads\/2025\/06\/IMG-20250629-WA0034.jpg","wps_subtitle":"","jetpack_sharing_enabled":true,"_links":{"self":[{"href":"https:\/\/www.hoymercedes.com.ar\/principal\/wp-json\/wp\/v2\/posts\/185756","targetHints":{"allow":["GET"]}}],"collection":[{"href":"https:\/\/www.hoymercedes.com.ar\/principal\/wp-json\/wp\/v2\/posts"}],"about":[{"href":"https:\/\/www.hoymercedes.com.ar\/principal\/wp-json\/wp\/v2\/types\/post"}],"author":[{"embeddable":true,"href":"https:\/\/www.hoymercedes.com.ar\/principal\/wp-json\/wp\/v2\/users\/1"}],"replies":[{"embeddable":true,"href":"https:\/\/www.hoymercedes.com.ar\/principal\/wp-json\/wp\/v2\/comments?post=185756"}],"version-history":[{"count":1,"href":"https:\/\/www.hoymercedes.com.ar\/principal\/wp-json\/wp\/v2\/posts\/185756\/revisions"}],"predecessor-version":[{"id":185758,"href":"https:\/\/www.hoymercedes.com.ar\/principal\/wp-json\/wp\/v2\/posts\/185756\/revisions\/185758"}],"wp:featuredmedia":[{"embeddable":true,"href":"https:\/\/www.hoymercedes.com.ar\/principal\/wp-json\/wp\/v2\/media\/185757"}],"wp:attachment":[{"href":"https:\/\/www.hoymercedes.com.ar\/principal\/wp-json\/wp\/v2\/media?parent=185756"}],"wp:term":[{"taxonomy":"category","embeddable":true,"href":"https:\/\/www.hoymercedes.com.ar\/principal\/wp-json\/wp\/v2\/categories?post=185756"},{"taxonomy":"post_tag","embeddable":true,"href":"https:\/\/www.hoymercedes.com.ar\/principal\/wp-json\/wp\/v2\/tags?post=185756"}],"curies":[{"name":"wp","href":"https:\/\/api.w.org\/{rel}","templated":true}]}}