{"id":185763,"date":"2025-06-30T14:47:00","date_gmt":"2025-06-30T17:47:00","guid":{"rendered":"https:\/\/www.hoymercedes.com.ar\/principal\/?p=185763"},"modified":"2025-06-30T20:11:57","modified_gmt":"2025-06-30T23:11:57","slug":"se-vienen-homenaje-a-gilda-en-el-ciclo-de-cumbia-de-la-trocha","status":"publish","type":"post","link":"https:\/\/www.hoymercedes.com.ar\/principal\/2025\/06\/30\/se-vienen-homenaje-a-gilda-en-el-ciclo-de-cumbia-de-la-trocha\/","title":{"rendered":"Se vienen \u201cHomenaje a Gilda\u201d en el ciclo de cumbia de La Trocha"},"content":{"rendered":"\n<figure class=\"wp-block-image size-large\"><img loading=\"lazy\" decoding=\"async\" width=\"1024\" height=\"682\" data-attachment-id=\"185764\" data-permalink=\"https:\/\/www.hoymercedes.com.ar\/principal\/2025\/06\/30\/se-vienen-homenaje-a-gilda-en-el-ciclo-de-cumbia-de-la-trocha\/h-gilda-2\/#main\" data-orig-file=\"https:\/\/www.hoymercedes.com.ar\/principal\/wp-content\/uploads\/2025\/06\/H.Gilda_.2.jpg\" data-orig-size=\"1319,879\" data-comments-opened=\"0\" data-image-meta=\"{&quot;aperture&quot;:&quot;0&quot;,&quot;credit&quot;:&quot;&quot;,&quot;camera&quot;:&quot;&quot;,&quot;caption&quot;:&quot;&quot;,&quot;created_timestamp&quot;:&quot;0&quot;,&quot;copyright&quot;:&quot;&quot;,&quot;focal_length&quot;:&quot;0&quot;,&quot;iso&quot;:&quot;0&quot;,&quot;shutter_speed&quot;:&quot;0&quot;,&quot;title&quot;:&quot;&quot;,&quot;orientation&quot;:&quot;0&quot;}\" data-image-title=\"Se vienen \u201cHomenaje a Gilda\u201d en el ciclo de cumbia de La Trocha\" data-image-description=\"&lt;p&gt;Se vienen \u201cHomenaje a Gilda\u201d en el ciclo de cumbia de La Trocha&lt;\/p&gt;\n\" data-image-caption=\"&lt;p&gt;Se vienen \u201cHomenaje a Gilda\u201d en el ciclo de cumbia de La Trocha&lt;\/p&gt;\n\" data-large-file=\"https:\/\/www.hoymercedes.com.ar\/principal\/wp-content\/uploads\/2025\/06\/H.Gilda_.2-1024x682.jpg\" src=\"https:\/\/www.hoymercedes.com.ar\/principal\/wp-content\/uploads\/2025\/06\/H.Gilda_.2-1024x682.jpg\" alt=\"\" class=\"wp-image-185764\" srcset=\"https:\/\/www.hoymercedes.com.ar\/principal\/wp-content\/uploads\/2025\/06\/H.Gilda_.2-1024x682.jpg 1024w, https:\/\/www.hoymercedes.com.ar\/principal\/wp-content\/uploads\/2025\/06\/H.Gilda_.2-630x420.jpg 630w, https:\/\/www.hoymercedes.com.ar\/principal\/wp-content\/uploads\/2025\/06\/H.Gilda_.2-150x100.jpg 150w, https:\/\/www.hoymercedes.com.ar\/principal\/wp-content\/uploads\/2025\/06\/H.Gilda_.2-700x465.jpg 700w, https:\/\/www.hoymercedes.com.ar\/principal\/wp-content\/uploads\/2025\/06\/H.Gilda_.2.jpg 1319w\" sizes=\"auto, (max-width: 1024px) 100vw, 1024px\" \/><\/figure>\n\n\n\n<p>Este viernes se viene un nuevo ciclo cultural y musical en La Trocha. Se trata del ciclo \u201chomenaje a Gilda\u201d que recorrer\u00e1 la movida tropical y permitir\u00e1 a las bandas y solistas locales tener un escenario para poder exponer todo su talento.<\/p>\n\n\n\n<p>\u201cEs una gran alegr\u00eda poder contar con este ciclo. As\u00ed como tenemos en rock, blues, tango y folklore sumamos cumbia, que es un g\u00e9nero muy convocante con una gran medida de nuestra localidad\u201d coment\u00f3 Jimena Rivas, directora de cultura.<\/p>\n\n\n\n<p>Luego sostuvo que \u201ctiene la coordinaci\u00f3n de Manuela Ost\u00e1n, quien viene produciendo este ciclo que seguro ser\u00e1 un \u00e9xito, por la calidad de artistas y p\u00fablico que sigue la linda movida\u201d.<\/p>\n\n\n\n<p>En esta primera jornada se vivir\u00e1 este viernes desde las 20.30hs en La Trocha, con la presentaci\u00f3n de Madame Cumbia, La Capaccio, La Eze band y La Mezcla, con la intervenci\u00f3n visual de Flor Potes. Habr\u00e1 servicio de cantina.<\/p>\n","protected":false},"excerpt":{"rendered":"<p>Este viernes se viene un nuevo ciclo cultural y musical en La Trocha. Se trata del ciclo \u201chomenaje a Gilda\u201d &#8230; <a title=\"Se vienen \u201cHomenaje a Gilda\u201d en el ciclo de cumbia de La Trocha\" class=\"read-more\" href=\"https:\/\/www.hoymercedes.com.ar\/principal\/2025\/06\/30\/se-vienen-homenaje-a-gilda-en-el-ciclo-de-cumbia-de-la-trocha\/\" aria-label=\"Leer m\u00e1s sobre Se vienen \u201cHomenaje a Gilda\u201d en el ciclo de cumbia de La Trocha\">Leer m\u00e1s<\/a><\/p>\n","protected":false},"author":1,"featured_media":185764,"comment_status":"closed","ping_status":"open","sticky":false,"template":"","format":"standard","meta":{"_monsterinsights_skip_tracking":false,"_monsterinsights_sitenote_active":false,"_monsterinsights_sitenote_note":"","_monsterinsights_sitenote_category":0,"jetpack_post_was_ever_published":false,"_jetpack_newsletter_access":"","_jetpack_dont_email_post_to_subs":false,"_jetpack_newsletter_tier_id":0,"_jetpack_memberships_contains_paywalled_content":false,"_jetpack_memberships_contains_paid_content":false,"footnotes":"","jetpack_publicize_message":"","jetpack_publicize_feature_enabled":true,"jetpack_social_post_already_shared":true,"jetpack_social_options":{"image_generator_settings":{"template":"highway","default_image_id":0,"enabled":false},"version":2},"_wpas_customize_per_network":false},"categories":[104],"tags":[20523,967],"class_list":["post-185763","post","type-post","status-publish","format-standard","has-post-thumbnail","hentry","category-cultura","tag-ciclo-de-cumbia","tag-cultura-mercedes","generate-columns","tablet-grid-50","mobile-grid-100","grid-parent","grid-50"],"jetpack_publicize_connections":[],"jetpack_featured_media_url":"https:\/\/www.hoymercedes.com.ar\/principal\/wp-content\/uploads\/2025\/06\/H.Gilda_.2.jpg","wps_subtitle":"","jetpack_sharing_enabled":true,"_links":{"self":[{"href":"https:\/\/www.hoymercedes.com.ar\/principal\/wp-json\/wp\/v2\/posts\/185763","targetHints":{"allow":["GET"]}}],"collection":[{"href":"https:\/\/www.hoymercedes.com.ar\/principal\/wp-json\/wp\/v2\/posts"}],"about":[{"href":"https:\/\/www.hoymercedes.com.ar\/principal\/wp-json\/wp\/v2\/types\/post"}],"author":[{"embeddable":true,"href":"https:\/\/www.hoymercedes.com.ar\/principal\/wp-json\/wp\/v2\/users\/1"}],"replies":[{"embeddable":true,"href":"https:\/\/www.hoymercedes.com.ar\/principal\/wp-json\/wp\/v2\/comments?post=185763"}],"version-history":[{"count":2,"href":"https:\/\/www.hoymercedes.com.ar\/principal\/wp-json\/wp\/v2\/posts\/185763\/revisions"}],"predecessor-version":[{"id":185778,"href":"https:\/\/www.hoymercedes.com.ar\/principal\/wp-json\/wp\/v2\/posts\/185763\/revisions\/185778"}],"wp:featuredmedia":[{"embeddable":true,"href":"https:\/\/www.hoymercedes.com.ar\/principal\/wp-json\/wp\/v2\/media\/185764"}],"wp:attachment":[{"href":"https:\/\/www.hoymercedes.com.ar\/principal\/wp-json\/wp\/v2\/media?parent=185763"}],"wp:term":[{"taxonomy":"category","embeddable":true,"href":"https:\/\/www.hoymercedes.com.ar\/principal\/wp-json\/wp\/v2\/categories?post=185763"},{"taxonomy":"post_tag","embeddable":true,"href":"https:\/\/www.hoymercedes.com.ar\/principal\/wp-json\/wp\/v2\/tags?post=185763"}],"curies":[{"name":"wp","href":"https:\/\/api.w.org\/{rel}","templated":true}]}}