{"id":185788,"date":"2025-07-01T16:56:05","date_gmt":"2025-07-01T19:56:05","guid":{"rendered":"https:\/\/www.hoymercedes.com.ar\/principal\/?p=185788"},"modified":"2025-07-01T16:56:07","modified_gmt":"2025-07-01T19:56:07","slug":"preocupacion-y-rechazo-ante-el-posible-cierre-de-la-ayudantia-fiscal-de-25-de-mayo","status":"publish","type":"post","link":"https:\/\/www.hoymercedes.com.ar\/principal\/2025\/07\/01\/preocupacion-y-rechazo-ante-el-posible-cierre-de-la-ayudantia-fiscal-de-25-de-mayo\/","title":{"rendered":"Preocupaci\u00f3n y rechazo ante el posible cierre de la Ayudant\u00eda Fiscal de 25 de Mayo"},"content":{"rendered":"\n<p>A trav\u00e9s de un comunicado p\u00fablico, el Colegio de Abogados del Departamento Judicial de Mercedes manifiesta su \u00abprofunda preocupaci\u00f3n y categ\u00f3rico rechazo ante el posible cierre de la Ayudant\u00eda Fiscal con asiento en la ciudad de 25 de Mayo, cuya gravedad ha sido advertida en el d\u00eda de ayer por la Asociaci\u00f3n de Abogados de 25 de Mayo, as\u00ed como por distintos actores institucionales y sociales\u00bb<\/p>\n\n\n\n<p>De acuerdo a la manifestaci\u00f3n de la instituci\u00f3n de profesionales, \u00abel eventual cierre de la Ayudant\u00eda Fiscal deriva de la rescisi\u00f3n del convenio de colaboraci\u00f3n institucional formalizada mediante el Decreto N\u00ba 934\/2024, por el cual el Municipio de 25 de Mayo aportaba el inmueble donde aquella funciona. Esta circunstancia, de concretarse, implicar\u00eda un retroceso inadmisible en materia de acceso a la justicia, afectando directamente a la ciudadan\u00eda, al Ministerio P\u00fablico Fiscal y al ejercicio profesional de la abogac\u00eda\u00bb.<\/p>\n\n\n\n<p>\u00abLa Ayudant\u00eda Fiscal de 25 de Mayo, operativa desde el a\u00f1o 2013 en el inmueble de la Asociaci\u00f3n Civil Hogar de Ni\u00f1os, cumple un rol esencial en la administraci\u00f3n de justicia en esa ciudad y su zona de influencia. Su continuidad permite garantizar a los vecinos un acceso cercano, eficaz y econ\u00f3mico a la justicia penal, posibilitando la radicaci\u00f3n de denuncias, la recepci\u00f3n de declaraciones, la producci\u00f3n de medidas urgentes u otras diligencias, todo ello sin la necesidad de trasladarse hacia o desde la cabecera departamental. Adem\u00e1s, su funcionamiento est\u00e1 directamente vinculado con el servicio que presta el Centro de Asistencia a la V\u00edctima, cuya actividad tambi\u00e9n se ver\u00eda severamente afectada por este cierre\u00bb.<\/p>\n\n\n\n<p>\u00abLa Asociaci\u00f3n de Abogados de 25 de Mayo ya se ha manifestado en contra de esta decisi\u00f3n, advirtiendo que la rescisi\u00f3n del convenio marco fue infundada, toda vez que su vigencia no compromet\u00eda la prestaci\u00f3n de servicios esenciales por parte del municipio. Muy por el contrario, destac\u00f3 que la permanencia de la Ayudant\u00eda representa una expresi\u00f3n concreta del deber del Estado de garantizar el acceso a la justicia como servicio esencial, especialmente en contextos de vulnerabilidad\u00bb, expresa la comunicaci\u00f3n.<\/p>\n\n\n\n<p>Frente a este escenario, el Colegio de Abogados del Departamento Judicial de Mercedes adoptar\u00e1 todas las acciones institucionales pertinentes en pos de evitar el cierre de la Ayudant\u00eda Fiscal, a la vez que insta a las autoridades municipales a reconsiderar de manera urgente su decisi\u00f3n, restableciendo el convenio con el Ministerio P\u00fablico Fiscal. Asimismo, exhorta al Ministerio P\u00fablico de la Provincia de Buenos Aires a arbitrar todos los medios a su alcance para asegurar la continuidad operativa de la dependencia local.<\/p>\n\n\n\n<p>Garantizar la permanencia de la Ayudant\u00eda Fiscal de 25 de Mayo es una obligaci\u00f3n que excede ideolog\u00edas, partidos y gestiones: se trata de un compromiso institucional indelegable, en favor de la ciudadan\u00eda y del fortalecimiento del servicio p\u00fablico y de administraci\u00f3n de justicia en su dimensi\u00f3n territorial.<\/p>\n\n\n\n<p>Se mantendr\u00e1 informada a toda la comunidad jur\u00eddica sobre los avances de las gestiones\u00bb, destacan.<\/p>\n","protected":false},"excerpt":{"rendered":"<p>A trav\u00e9s de un comunicado p\u00fablico, el Colegio de Abogados del Departamento Judicial de Mercedes manifiesta su \u00abprofunda preocupaci\u00f3n y &#8230; <a title=\"Preocupaci\u00f3n y rechazo ante el posible cierre de la Ayudant\u00eda Fiscal de 25 de Mayo\" class=\"read-more\" href=\"https:\/\/www.hoymercedes.com.ar\/principal\/2025\/07\/01\/preocupacion-y-rechazo-ante-el-posible-cierre-de-la-ayudantia-fiscal-de-25-de-mayo\/\" aria-label=\"Leer m\u00e1s sobre Preocupaci\u00f3n y rechazo ante el posible cierre de la Ayudant\u00eda Fiscal de 25 de Mayo\">Leer m\u00e1s<\/a><\/p>\n","protected":false},"author":1,"featured_media":185790,"comment_status":"closed","ping_status":"open","sticky":false,"template":"","format":"standard","meta":{"_monsterinsights_skip_tracking":false,"_monsterinsights_sitenote_active":false,"_monsterinsights_sitenote_note":"","_monsterinsights_sitenote_category":0,"jetpack_post_was_ever_published":false,"_jetpack_newsletter_access":"","_jetpack_dont_email_post_to_subs":false,"_jetpack_newsletter_tier_id":0,"_jetpack_memberships_contains_paywalled_content":false,"_jetpack_memberships_contains_paid_content":false,"footnotes":"","jetpack_publicize_message":"","jetpack_publicize_feature_enabled":true,"jetpack_social_post_already_shared":false,"jetpack_social_options":{"image_generator_settings":{"template":"highway","default_image_id":0,"enabled":false},"version":2},"_wpas_customize_per_network":false},"categories":[8],"tags":[],"class_list":["post-185788","post","type-post","status-publish","format-standard","has-post-thumbnail","hentry","category-sociedad","generate-columns","tablet-grid-50","mobile-grid-100","grid-parent","grid-50"],"jetpack_publicize_connections":[],"jetpack_featured_media_url":"https:\/\/www.hoymercedes.com.ar\/principal\/wp-content\/uploads\/2025\/07\/IMG-20250701-WA0020.jpg","wps_subtitle":"","jetpack_sharing_enabled":true,"_links":{"self":[{"href":"https:\/\/www.hoymercedes.com.ar\/principal\/wp-json\/wp\/v2\/posts\/185788","targetHints":{"allow":["GET"]}}],"collection":[{"href":"https:\/\/www.hoymercedes.com.ar\/principal\/wp-json\/wp\/v2\/posts"}],"about":[{"href":"https:\/\/www.hoymercedes.com.ar\/principal\/wp-json\/wp\/v2\/types\/post"}],"author":[{"embeddable":true,"href":"https:\/\/www.hoymercedes.com.ar\/principal\/wp-json\/wp\/v2\/users\/1"}],"replies":[{"embeddable":true,"href":"https:\/\/www.hoymercedes.com.ar\/principal\/wp-json\/wp\/v2\/comments?post=185788"}],"version-history":[{"count":2,"href":"https:\/\/www.hoymercedes.com.ar\/principal\/wp-json\/wp\/v2\/posts\/185788\/revisions"}],"predecessor-version":[{"id":185791,"href":"https:\/\/www.hoymercedes.com.ar\/principal\/wp-json\/wp\/v2\/posts\/185788\/revisions\/185791"}],"wp:featuredmedia":[{"embeddable":true,"href":"https:\/\/www.hoymercedes.com.ar\/principal\/wp-json\/wp\/v2\/media\/185790"}],"wp:attachment":[{"href":"https:\/\/www.hoymercedes.com.ar\/principal\/wp-json\/wp\/v2\/media?parent=185788"}],"wp:term":[{"taxonomy":"category","embeddable":true,"href":"https:\/\/www.hoymercedes.com.ar\/principal\/wp-json\/wp\/v2\/categories?post=185788"},{"taxonomy":"post_tag","embeddable":true,"href":"https:\/\/www.hoymercedes.com.ar\/principal\/wp-json\/wp\/v2\/tags?post=185788"}],"curies":[{"name":"wp","href":"https:\/\/api.w.org\/{rel}","templated":true}]}}