{"id":185811,"date":"2025-07-02T15:00:00","date_gmt":"2025-07-02T18:00:00","guid":{"rendered":"https:\/\/www.hoymercedes.com.ar\/principal\/?p=185811"},"modified":"2025-07-02T11:46:14","modified_gmt":"2025-07-02T14:46:14","slug":"se-viene-la-6-edicion-del-paseo-del-vino","status":"publish","type":"post","link":"https:\/\/www.hoymercedes.com.ar\/principal\/2025\/07\/02\/se-viene-la-6-edicion-del-paseo-del-vino\/","title":{"rendered":"Se viene la 6\u00b0 edici\u00f3n del Paseo del Vino"},"content":{"rendered":"\n<figure class=\"wp-block-image size-large\"><img loading=\"lazy\" decoding=\"async\" width=\"1024\" height=\"682\" data-attachment-id=\"185812\" data-permalink=\"https:\/\/www.hoymercedes.com.ar\/principal\/2025\/07\/02\/se-viene-la-6-edicion-del-paseo-del-vino\/presentacion-paseo-vino\/#main\" data-orig-file=\"https:\/\/www.hoymercedes.com.ar\/principal\/wp-content\/uploads\/2025\/07\/Presentacion-Paseo-Vino.jpg\" data-orig-size=\"1319,879\" data-comments-opened=\"0\" data-image-meta=\"{&quot;aperture&quot;:&quot;0&quot;,&quot;credit&quot;:&quot;&quot;,&quot;camera&quot;:&quot;&quot;,&quot;caption&quot;:&quot;&quot;,&quot;created_timestamp&quot;:&quot;0&quot;,&quot;copyright&quot;:&quot;&quot;,&quot;focal_length&quot;:&quot;0&quot;,&quot;iso&quot;:&quot;0&quot;,&quot;shutter_speed&quot;:&quot;0&quot;,&quot;title&quot;:&quot;&quot;,&quot;orientation&quot;:&quot;0&quot;}\" data-image-title=\"Presentacion-Paseo-Vino\" data-image-description=\"&lt;p&gt;Presentacion-Paseo-Vino&lt;\/p&gt;\n\" data-image-caption=\"&lt;p&gt;Presentacion-Paseo-Vino&lt;\/p&gt;\n\" data-large-file=\"https:\/\/www.hoymercedes.com.ar\/principal\/wp-content\/uploads\/2025\/07\/Presentacion-Paseo-Vino-1024x682.jpg\" src=\"https:\/\/www.hoymercedes.com.ar\/principal\/wp-content\/uploads\/2025\/07\/Presentacion-Paseo-Vino-1024x682.jpg\" alt=\"\" class=\"wp-image-185812\" srcset=\"https:\/\/www.hoymercedes.com.ar\/principal\/wp-content\/uploads\/2025\/07\/Presentacion-Paseo-Vino-1024x682.jpg 1024w, https:\/\/www.hoymercedes.com.ar\/principal\/wp-content\/uploads\/2025\/07\/Presentacion-Paseo-Vino-630x420.jpg 630w, https:\/\/www.hoymercedes.com.ar\/principal\/wp-content\/uploads\/2025\/07\/Presentacion-Paseo-Vino-150x100.jpg 150w, https:\/\/www.hoymercedes.com.ar\/principal\/wp-content\/uploads\/2025\/07\/Presentacion-Paseo-Vino-700x465.jpg 700w, https:\/\/www.hoymercedes.com.ar\/principal\/wp-content\/uploads\/2025\/07\/Presentacion-Paseo-Vino.jpg 1319w\" sizes=\"auto, (max-width: 1024px) 100vw, 1024px\" \/><\/figure>\n\n\n\n<p>Los pr\u00f3ximos 11 y 12 de julio se llevar\u00e1 adelante una nueva edici\u00f3n del Paseo del Vino. Habr\u00e1 gastronom\u00eda, degustaciones y las mejores bodegas representadas por las vinotecas mercedinas. Ser\u00e1 en el Teatro Argentino con espacios extendido hasta Plaza San Mart\u00edn, para tener mayor exposici\u00f3n y ofertas para el disfrute de las y los asistentes.<\/p>\n\n\n\n<p><strong>Francisco Dinova<\/strong>, director de turismo, cont\u00f3 que \u201cse viene una nueva edici\u00f3n donde sumamos m\u00e1s viner\u00edas, m\u00e1s representaci\u00f3n de bodegas nacionales y gastronom\u00eda de primera calidad\u201d con el objetivo \u201cde pasarla bien, conocer, disfrutar, impulsar el trabajo y encontrarnos\u201d coment\u00f3 el funcionario.<\/p>\n\n\n\n<p>La propuesta cuenta con el apoyo<\/p>\n\n\n\n<p>La presentaci\u00f3n se realiz\u00f3 en la viner\u00eda 1812, donde confluyeron los representantes de las que estar\u00e1n este a\u00f1o presente, siendo Malbec, P\u00e1ramo y Dionisio, adem\u00e1s de la mencionada.<\/p>\n\n\n\n<p>Por su parte se podr\u00e1 disfrutar de las delicias y delicatesen de Beirut, Laurino, Corcho, Puerta Negra, La Maloka, La cocina de Mony, Estudio de Sabores y Sushi House.<\/p>\n\n\n\n<p>En el escenario habr\u00e1 bandas en vivo y Dj, dando el marco ideal para disfrutar de la propuesta que contar\u00e1, adem\u00e1s, con charlas y capacitaciones por parte de sommeliers. Tambi\u00e9n estar\u00e1n los estudiantes y docentes del CFP N\u00b0401 que tiene una carrera dedicada al tema.<\/p>\n\n\n\n<p>El intendente <strong>Ustarroz<\/strong>, por su parte, expres\u00f3 su satisfacci\u00f3n por un \u201cnuevo encuentro que impulsa el trabajo mercedino, la posibilidad de vernos, de intercambiar en torno a actividades culturales y disfrutar\u201d reconociendo que \u201ceste ciclo inici\u00f3 hace un tiempo y se ha convertido ya en un \u00e9xito, con gran aceptaci\u00f3n e instalado en nuestro calendario de actividades\u201d mencion\u00f3 entre otros concetos.<\/p>\n\n\n\n<p>La actividad es libre y gratuita, pero quien desee degustar las delicias puede adquirir una cuponera y degustar las variedades expuestas.<\/p>\n","protected":false},"excerpt":{"rendered":"<p>Los pr\u00f3ximos 11 y 12 de julio se llevar\u00e1 adelante una nueva edici\u00f3n del Paseo del Vino. Habr\u00e1 gastronom\u00eda, degustaciones &#8230; <a title=\"Se viene la 6\u00b0 edici\u00f3n del Paseo del Vino\" class=\"read-more\" href=\"https:\/\/www.hoymercedes.com.ar\/principal\/2025\/07\/02\/se-viene-la-6-edicion-del-paseo-del-vino\/\" aria-label=\"Leer m\u00e1s sobre Se viene la 6\u00b0 edici\u00f3n del Paseo del Vino\">Leer m\u00e1s<\/a><\/p>\n","protected":false},"author":1,"featured_media":185812,"comment_status":"closed","ping_status":"open","sticky":false,"template":"","format":"standard","meta":{"_monsterinsights_skip_tracking":false,"_monsterinsights_sitenote_active":false,"_monsterinsights_sitenote_note":"","_monsterinsights_sitenote_category":0,"jetpack_post_was_ever_published":false,"_jetpack_newsletter_access":"","_jetpack_dont_email_post_to_subs":false,"_jetpack_newsletter_tier_id":0,"_jetpack_memberships_contains_paywalled_content":false,"_jetpack_memberships_contains_paid_content":false,"footnotes":"","jetpack_publicize_message":"","jetpack_publicize_feature_enabled":true,"jetpack_social_post_already_shared":true,"jetpack_social_options":{"image_generator_settings":{"template":"highway","default_image_id":0,"enabled":false},"version":2},"_wpas_customize_per_network":false},"categories":[8],"tags":[],"class_list":["post-185811","post","type-post","status-publish","format-standard","has-post-thumbnail","hentry","category-sociedad","generate-columns","tablet-grid-50","mobile-grid-100","grid-parent","grid-50"],"jetpack_publicize_connections":[],"jetpack_featured_media_url":"https:\/\/www.hoymercedes.com.ar\/principal\/wp-content\/uploads\/2025\/07\/Presentacion-Paseo-Vino.jpg","wps_subtitle":"Encuentros ","jetpack_sharing_enabled":true,"_links":{"self":[{"href":"https:\/\/www.hoymercedes.com.ar\/principal\/wp-json\/wp\/v2\/posts\/185811","targetHints":{"allow":["GET"]}}],"collection":[{"href":"https:\/\/www.hoymercedes.com.ar\/principal\/wp-json\/wp\/v2\/posts"}],"about":[{"href":"https:\/\/www.hoymercedes.com.ar\/principal\/wp-json\/wp\/v2\/types\/post"}],"author":[{"embeddable":true,"href":"https:\/\/www.hoymercedes.com.ar\/principal\/wp-json\/wp\/v2\/users\/1"}],"replies":[{"embeddable":true,"href":"https:\/\/www.hoymercedes.com.ar\/principal\/wp-json\/wp\/v2\/comments?post=185811"}],"version-history":[{"count":2,"href":"https:\/\/www.hoymercedes.com.ar\/principal\/wp-json\/wp\/v2\/posts\/185811\/revisions"}],"predecessor-version":[{"id":185814,"href":"https:\/\/www.hoymercedes.com.ar\/principal\/wp-json\/wp\/v2\/posts\/185811\/revisions\/185814"}],"wp:featuredmedia":[{"embeddable":true,"href":"https:\/\/www.hoymercedes.com.ar\/principal\/wp-json\/wp\/v2\/media\/185812"}],"wp:attachment":[{"href":"https:\/\/www.hoymercedes.com.ar\/principal\/wp-json\/wp\/v2\/media?parent=185811"}],"wp:term":[{"taxonomy":"category","embeddable":true,"href":"https:\/\/www.hoymercedes.com.ar\/principal\/wp-json\/wp\/v2\/categories?post=185811"},{"taxonomy":"post_tag","embeddable":true,"href":"https:\/\/www.hoymercedes.com.ar\/principal\/wp-json\/wp\/v2\/tags?post=185811"}],"curies":[{"name":"wp","href":"https:\/\/api.w.org\/{rel}","templated":true}]}}