{"id":185825,"date":"2025-07-02T18:00:00","date_gmt":"2025-07-02T21:00:00","guid":{"rendered":"https:\/\/www.hoymercedes.com.ar\/principal\/?p=185825"},"modified":"2025-07-02T16:30:25","modified_gmt":"2025-07-02T19:30:25","slug":"prision-perpetua-para-el-autor-del-femicidio-de-lucia-mujica","status":"publish","type":"post","link":"https:\/\/www.hoymercedes.com.ar\/principal\/2025\/07\/02\/prision-perpetua-para-el-autor-del-femicidio-de-lucia-mujica\/","title":{"rendered":"Prisi\u00f3n perpetua para el autor del femicidio de Luc\u00eda Mujica"},"content":{"rendered":"\n<p>En la jornada de este martes 1\u00b0 del corriente se dio a conocer en el Tribunal Oral en lo Criminal N\u00b0 4 del Departamento Judicial Mercedes, el veredicto en el marco del debate oral y p\u00fablico contra Nahuel Casco por el femicidio de Luc\u00eda Mujica ocurrido el 13 de noviembre de 2022 en la localidad de San Antonio de Areco. Por unanimidad, el Tribunal lo encontr\u00f3 autor penalmente responsable y resolvi\u00f3 condenarlo a la pena de prisi\u00f3n perpetua.<\/p>\n\n\n<div class=\"wp-block-image\">\n<figure class=\"aligncenter size-full\"><img loading=\"lazy\" decoding=\"async\" width=\"800\" height=\"372\" data-attachment-id=\"185826\" data-permalink=\"https:\/\/www.hoymercedes.com.ar\/principal\/2025\/07\/02\/prision-perpetua-para-el-autor-del-femicidio-de-lucia-mujica\/juicio-toc-4-casco\/#main\" data-orig-file=\"https:\/\/www.hoymercedes.com.ar\/principal\/wp-content\/uploads\/2025\/07\/Juicio-TOC-4-Casco.jpg\" data-orig-size=\"800,372\" data-comments-opened=\"0\" data-image-meta=\"{&quot;aperture&quot;:&quot;0&quot;,&quot;credit&quot;:&quot;&quot;,&quot;camera&quot;:&quot;&quot;,&quot;caption&quot;:&quot;&quot;,&quot;created_timestamp&quot;:&quot;0&quot;,&quot;copyright&quot;:&quot;&quot;,&quot;focal_length&quot;:&quot;0&quot;,&quot;iso&quot;:&quot;0&quot;,&quot;shutter_speed&quot;:&quot;0&quot;,&quot;title&quot;:&quot;&quot;,&quot;orientation&quot;:&quot;0&quot;}\" data-image-title=\"Juicio TOC 4- Casco\" data-image-description=\"\" data-image-caption=\"\" data-large-file=\"https:\/\/www.hoymercedes.com.ar\/principal\/wp-content\/uploads\/2025\/07\/Juicio-TOC-4-Casco.jpg\" src=\"https:\/\/www.hoymercedes.com.ar\/principal\/wp-content\/uploads\/2025\/07\/Juicio-TOC-4-Casco.jpg\" alt=\"\" class=\"wp-image-185826\" srcset=\"https:\/\/www.hoymercedes.com.ar\/principal\/wp-content\/uploads\/2025\/07\/Juicio-TOC-4-Casco.jpg 800w, https:\/\/www.hoymercedes.com.ar\/principal\/wp-content\/uploads\/2025\/07\/Juicio-TOC-4-Casco-630x293.jpg 630w, https:\/\/www.hoymercedes.com.ar\/principal\/wp-content\/uploads\/2025\/07\/Juicio-TOC-4-Casco-150x70.jpg 150w\" sizes=\"auto, (max-width: 800px) 100vw, 800px\" \/><\/figure>\n<\/div>\n\n\n<p>La Fiscal\u00eda de Juicio estuvo a cargo del Dr. Adri\u00e1n Landini y la defensa la ejerci\u00f3 la Dra. Graciela Pardini.Para los jueces Dres. Fabian Brahim, Silvina Giumelli y Mart\u00edn R\u00e9vora qued\u00f3 demostrado que el d\u00eda 13 de noviembre de 2022 con antelaci\u00f3n a las 20:00 horas aproximadamente, Lucia Mujica (24) se encontraba junto a su pareja Nahuel Ezequiel Casco (hoy de 24 a\u00f1os) &#8211; con quien manten\u00eda una relaci\u00f3n de pareja de aproximadamente dos a\u00f1os- en el domicilio donde ambos conviv\u00edan en la localidad de San Antonio de Areco. <\/p>\n\n\n\n<p>Por razones que se desconocen, Casco comenz\u00f3 a golpear a Luc\u00eda Mujica en su rostro, cuello, cabeza y dem\u00e1s regiones del cuerpo \u201ccon claras intenciones de darle muerte\u201d. Tambi\u00e9n provoc\u00e1ndole lesiones cortopunzantes y habiendo provocado un incendio donde expuso a la v\u00edctima a la acci\u00f3n del fuego, incendiando su vestimenta y caus\u00e1ndole quemaduras grado AB en una porci\u00f3n significativa del cuerpo. En raz\u00f3n de las m\u00faltiples lesiones ocasionadas le provoc\u00f3 a la joven la muerte, como consecuencia de un paro cardiaco, traumatismo de cr\u00e1neo grave y hemorragia cerebral.<\/p>\n\n\n\n<p>Para el Tribunal la acusaci\u00f3n sostenida por el fiscal de Juicio, Dr. Adri\u00e1n Landini fue debidamente fundada, y resolvieron, por unanimidad, condenar a Casco como autor penalmente responsable del delito de \u201cHomicidio agravado por su comisi\u00f3n contra la persona con quien manten\u00eda una relaci\u00f3n de pareja, con ensa\u00f1amiento y por un hombre contra una mujer mediando violencia de g\u00e9nero\u201d a la pena de prisi\u00f3n perpetua, accesorias legales y costas del proceso. <\/p>\n\n\n\n<p>Para arribar a dicha resoluci\u00f3n se basaron en los diversos elementos de prueba que se ventilaron durante el debate oral llevado a cabo entre los d\u00edas 12 y 19 de junio pasados. <\/p>\n\n\n\n<p>Fuente: \u00c1rea Comunicacional &#8211; Ministerio P\u00fablico Fiscal Departamental Mercedes<\/p>\n","protected":false},"excerpt":{"rendered":"<p>En la jornada de este martes 1\u00b0 del corriente se dio a conocer en el Tribunal Oral en lo Criminal &#8230; <a title=\"Prisi\u00f3n perpetua para el autor del femicidio de Luc\u00eda Mujica\" class=\"read-more\" href=\"https:\/\/www.hoymercedes.com.ar\/principal\/2025\/07\/02\/prision-perpetua-para-el-autor-del-femicidio-de-lucia-mujica\/\" aria-label=\"Leer m\u00e1s sobre Prisi\u00f3n perpetua para el autor del femicidio de Luc\u00eda Mujica\">Leer m\u00e1s<\/a><\/p>\n","protected":false},"author":1,"featured_media":185826,"comment_status":"closed","ping_status":"open","sticky":false,"template":"","format":"standard","meta":{"_monsterinsights_skip_tracking":false,"_monsterinsights_sitenote_active":false,"_monsterinsights_sitenote_note":"","_monsterinsights_sitenote_category":0,"jetpack_post_was_ever_published":false,"_jetpack_newsletter_access":"","_jetpack_dont_email_post_to_subs":false,"_jetpack_newsletter_tier_id":0,"_jetpack_memberships_contains_paywalled_content":false,"_jetpack_memberships_contains_paid_content":false,"footnotes":"","jetpack_publicize_message":"","jetpack_publicize_feature_enabled":true,"jetpack_social_post_already_shared":true,"jetpack_social_options":{"image_generator_settings":{"template":"highway","default_image_id":0,"enabled":false},"version":2},"_wpas_customize_per_network":false},"categories":[8],"tags":[],"class_list":["post-185825","post","type-post","status-publish","format-standard","has-post-thumbnail","hentry","category-sociedad","generate-columns","tablet-grid-50","mobile-grid-100","grid-parent","grid-50"],"jetpack_publicize_connections":[],"jetpack_featured_media_url":"https:\/\/www.hoymercedes.com.ar\/principal\/wp-content\/uploads\/2025\/07\/Juicio-TOC-4-Casco.jpg","wps_subtitle":"","jetpack_sharing_enabled":true,"_links":{"self":[{"href":"https:\/\/www.hoymercedes.com.ar\/principal\/wp-json\/wp\/v2\/posts\/185825","targetHints":{"allow":["GET"]}}],"collection":[{"href":"https:\/\/www.hoymercedes.com.ar\/principal\/wp-json\/wp\/v2\/posts"}],"about":[{"href":"https:\/\/www.hoymercedes.com.ar\/principal\/wp-json\/wp\/v2\/types\/post"}],"author":[{"embeddable":true,"href":"https:\/\/www.hoymercedes.com.ar\/principal\/wp-json\/wp\/v2\/users\/1"}],"replies":[{"embeddable":true,"href":"https:\/\/www.hoymercedes.com.ar\/principal\/wp-json\/wp\/v2\/comments?post=185825"}],"version-history":[{"count":1,"href":"https:\/\/www.hoymercedes.com.ar\/principal\/wp-json\/wp\/v2\/posts\/185825\/revisions"}],"predecessor-version":[{"id":185827,"href":"https:\/\/www.hoymercedes.com.ar\/principal\/wp-json\/wp\/v2\/posts\/185825\/revisions\/185827"}],"wp:featuredmedia":[{"embeddable":true,"href":"https:\/\/www.hoymercedes.com.ar\/principal\/wp-json\/wp\/v2\/media\/185826"}],"wp:attachment":[{"href":"https:\/\/www.hoymercedes.com.ar\/principal\/wp-json\/wp\/v2\/media?parent=185825"}],"wp:term":[{"taxonomy":"category","embeddable":true,"href":"https:\/\/www.hoymercedes.com.ar\/principal\/wp-json\/wp\/v2\/categories?post=185825"},{"taxonomy":"post_tag","embeddable":true,"href":"https:\/\/www.hoymercedes.com.ar\/principal\/wp-json\/wp\/v2\/tags?post=185825"}],"curies":[{"name":"wp","href":"https:\/\/api.w.org\/{rel}","templated":true}]}}