{"id":185831,"date":"2025-07-02T19:52:22","date_gmt":"2025-07-02T22:52:22","guid":{"rendered":"https:\/\/www.hoymercedes.com.ar\/principal\/?p=185831"},"modified":"2025-07-02T19:52:24","modified_gmt":"2025-07-02T22:52:24","slug":"incendio-en-una-vivienda-con-danos-materiales","status":"publish","type":"post","link":"https:\/\/www.hoymercedes.com.ar\/principal\/2025\/07\/02\/incendio-en-una-vivienda-con-danos-materiales\/","title":{"rendered":"Incendio en una vivienda con da\u00f1os materiales"},"content":{"rendered":"\n<p>A primera hora se emiti\u00f3 la alerta que convoc\u00f3 a Bomberos Voluntarios y Protecci\u00f3n Civil. Si bien no hay peritaje oficial, se estima habr\u00eda iniciado el fuego por una estufa, en su sistema de tiraje.<\/p>\n\n\n\n<p>Afect\u00f3 especialmente el cielo raso de una habitaci\u00f3n y vestimentas, pero logr\u00f3 ser controlado, se supo extra oficialmente.<\/p>\n\n\n\n<p>El acontecimiento sucedi\u00f3 alrededor de las 6.30am en calle 8 entre 51 y 53<\/p>\n\n\n\n<p>Particip\u00f3 la Polic\u00eda, Bomberos, Protecci\u00f3n Civil y en horas de la ma\u00f1ana se acercaron desde la Secretar\u00eda de Desarrollo de la Comunidad a asistir a la familia.<\/p>\n","protected":false},"excerpt":{"rendered":"<p>A primera hora se emiti\u00f3 la alerta que convoc\u00f3 a Bomberos Voluntarios y Protecci\u00f3n Civil. Si bien no hay peritaje &#8230; <a title=\"Incendio en una vivienda con da\u00f1os materiales\" class=\"read-more\" href=\"https:\/\/www.hoymercedes.com.ar\/principal\/2025\/07\/02\/incendio-en-una-vivienda-con-danos-materiales\/\" aria-label=\"Leer m\u00e1s sobre Incendio en una vivienda con da\u00f1os materiales\">Leer m\u00e1s<\/a><\/p>\n","protected":false},"author":1,"featured_media":34002,"comment_status":"closed","ping_status":"open","sticky":false,"template":"","format":"standard","meta":{"_monsterinsights_skip_tracking":false,"_monsterinsights_sitenote_active":false,"_monsterinsights_sitenote_note":"","_monsterinsights_sitenote_category":0,"jetpack_post_was_ever_published":false,"_jetpack_newsletter_access":"","_jetpack_dont_email_post_to_subs":false,"_jetpack_newsletter_tier_id":0,"_jetpack_memberships_contains_paywalled_content":false,"_jetpack_memberships_contains_paid_content":false,"footnotes":"","jetpack_publicize_message":"","jetpack_publicize_feature_enabled":true,"jetpack_social_post_already_shared":false,"jetpack_social_options":{"image_generator_settings":{"template":"highway","default_image_id":0,"enabled":false},"version":2},"_wpas_customize_per_network":false},"categories":[8],"tags":[287,20499],"class_list":["post-185831","post","type-post","status-publish","format-standard","has-post-thumbnail","hentry","category-sociedad","tag-bomberos-mercedes","tag-incendio-en-vivienda","generate-columns","tablet-grid-50","mobile-grid-100","grid-parent","grid-50"],"jetpack_publicize_connections":[],"jetpack_featured_media_url":"https:\/\/www.hoymercedes.com.ar\/principal\/wp-content\/uploads\/2014\/06\/Bomberos-Expo-2014-61.jpg","wps_subtitle":"Acompa\u00f1amiento ","jetpack_sharing_enabled":true,"_links":{"self":[{"href":"https:\/\/www.hoymercedes.com.ar\/principal\/wp-json\/wp\/v2\/posts\/185831","targetHints":{"allow":["GET"]}}],"collection":[{"href":"https:\/\/www.hoymercedes.com.ar\/principal\/wp-json\/wp\/v2\/posts"}],"about":[{"href":"https:\/\/www.hoymercedes.com.ar\/principal\/wp-json\/wp\/v2\/types\/post"}],"author":[{"embeddable":true,"href":"https:\/\/www.hoymercedes.com.ar\/principal\/wp-json\/wp\/v2\/users\/1"}],"replies":[{"embeddable":true,"href":"https:\/\/www.hoymercedes.com.ar\/principal\/wp-json\/wp\/v2\/comments?post=185831"}],"version-history":[{"count":2,"href":"https:\/\/www.hoymercedes.com.ar\/principal\/wp-json\/wp\/v2\/posts\/185831\/revisions"}],"predecessor-version":[{"id":185833,"href":"https:\/\/www.hoymercedes.com.ar\/principal\/wp-json\/wp\/v2\/posts\/185831\/revisions\/185833"}],"wp:featuredmedia":[{"embeddable":true,"href":"https:\/\/www.hoymercedes.com.ar\/principal\/wp-json\/wp\/v2\/media\/34002"}],"wp:attachment":[{"href":"https:\/\/www.hoymercedes.com.ar\/principal\/wp-json\/wp\/v2\/media?parent=185831"}],"wp:term":[{"taxonomy":"category","embeddable":true,"href":"https:\/\/www.hoymercedes.com.ar\/principal\/wp-json\/wp\/v2\/categories?post=185831"},{"taxonomy":"post_tag","embeddable":true,"href":"https:\/\/www.hoymercedes.com.ar\/principal\/wp-json\/wp\/v2\/tags?post=185831"}],"curies":[{"name":"wp","href":"https:\/\/api.w.org\/{rel}","templated":true}]}}