{"id":185834,"date":"2025-07-02T20:32:25","date_gmt":"2025-07-02T23:32:25","guid":{"rendered":"https:\/\/www.hoymercedes.com.ar\/principal\/?p=185834"},"modified":"2025-07-02T20:32:28","modified_gmt":"2025-07-02T23:32:28","slug":"pj-mercedes-pide-libertad-por-los-detenidos-politicos-y-la-persecucion","status":"publish","type":"post","link":"https:\/\/www.hoymercedes.com.ar\/principal\/2025\/07\/02\/pj-mercedes-pide-libertad-por-los-detenidos-politicos-y-la-persecucion\/","title":{"rendered":"PJ Mercedes pide libertad por los detenidos pol\u00edticos y la persecuci\u00f3n"},"content":{"rendered":"\n<p>El Partido <strong>Justicialista de Mercedes<\/strong> reclama la urgente liberaci\u00f3n de <strong>Alesia Abaigar, Eva Mieri<\/strong> y los restantes compa\u00f1eros detenidos, presos por peronistas, y repudia la creciente metodolog\u00eda de la persecuci\u00f3n con la que el gobierno nacional quiere acallar la totalidad de las voces discordantes.<br><br>El castigo a Alesia, Eva y los restantes compa\u00f1eros va en este sentido y no tiene ning\u00fan sost\u00e9n legal. En el caso de Alesia, presa en la c\u00e1rcel de Ezeiza y para dar un ejemplo claro y contundente, no s\u00f3lo no fue notificada de la presunta transgresi\u00f3n sino que su abogado ni siquiera tuvo acceso al expediente.<br><br>Este r\u00e9gimen, que cercena los derechos de los trabajadores y los jubilados con su modo cruel y colonial de gobernar, s\u00f3lo se sostiene con represi\u00f3n y c\u00e1rcel: s\u00f3lo en ese marco puede entenderse la proscripci\u00f3n de la compa\u00f1era que ejerce la presidencia de nuestro Partido.<br><br>Es menester denunciar y luchar contra este Estado de Sitio encubierto que representan los hermanos que encabezan el gobierno y a quienes acompa\u00f1an funcionarios cuyos antecedentes no hacen m\u00e1s que ratificar su cipayismo y odio contra el pueblo.<\/p>\n\n\n\n<figure class=\"wp-block-image size-large is-resized\"><img loading=\"lazy\" decoding=\"async\" width=\"819\" height=\"1024\" data-attachment-id=\"185838\" data-permalink=\"https:\/\/www.hoymercedes.com.ar\/principal\/2025\/07\/02\/pj-mercedes-pide-libertad-por-los-detenidos-politicos-y-la-persecucion\/pj-a\/#main\" data-orig-file=\"https:\/\/www.hoymercedes.com.ar\/principal\/wp-content\/uploads\/2025\/07\/PJ-A.jpg\" data-orig-size=\"1080,1350\" data-comments-opened=\"0\" data-image-meta=\"{&quot;aperture&quot;:&quot;0&quot;,&quot;credit&quot;:&quot;&quot;,&quot;camera&quot;:&quot;&quot;,&quot;caption&quot;:&quot;&quot;,&quot;created_timestamp&quot;:&quot;0&quot;,&quot;copyright&quot;:&quot;&quot;,&quot;focal_length&quot;:&quot;0&quot;,&quot;iso&quot;:&quot;0&quot;,&quot;shutter_speed&quot;:&quot;0&quot;,&quot;title&quot;:&quot;&quot;,&quot;orientation&quot;:&quot;0&quot;}\" data-image-title=\"PJ-A\" data-image-description=\"\" data-image-caption=\"\" data-large-file=\"https:\/\/www.hoymercedes.com.ar\/principal\/wp-content\/uploads\/2025\/07\/PJ-A-819x1024.jpg\" src=\"https:\/\/www.hoymercedes.com.ar\/principal\/wp-content\/uploads\/2025\/07\/PJ-A-819x1024.jpg\" alt=\"\" class=\"wp-image-185838\" style=\"width:960px;height:auto\" srcset=\"https:\/\/www.hoymercedes.com.ar\/principal\/wp-content\/uploads\/2025\/07\/PJ-A-819x1024.jpg 819w, https:\/\/www.hoymercedes.com.ar\/principal\/wp-content\/uploads\/2025\/07\/PJ-A-496x620.jpg 496w, https:\/\/www.hoymercedes.com.ar\/principal\/wp-content\/uploads\/2025\/07\/PJ-A-120x150.jpg 120w, https:\/\/www.hoymercedes.com.ar\/principal\/wp-content\/uploads\/2025\/07\/PJ-A.jpg 1080w\" sizes=\"auto, (max-width: 819px) 100vw, 819px\" \/><\/figure>\n","protected":false},"excerpt":{"rendered":"<p>El Partido Justicialista de Mercedes reclama la urgente liberaci\u00f3n de Alesia Abaigar, Eva Mieri y los restantes compa\u00f1eros detenidos, presos &#8230; <a title=\"PJ Mercedes pide libertad por los detenidos pol\u00edticos y la persecuci\u00f3n\" class=\"read-more\" href=\"https:\/\/www.hoymercedes.com.ar\/principal\/2025\/07\/02\/pj-mercedes-pide-libertad-por-los-detenidos-politicos-y-la-persecucion\/\" aria-label=\"Leer m\u00e1s sobre PJ Mercedes pide libertad por los detenidos pol\u00edticos y la persecuci\u00f3n\">Leer m\u00e1s<\/a><\/p>\n","protected":false},"author":1,"featured_media":185841,"comment_status":"closed","ping_status":"open","sticky":false,"template":"","format":"standard","meta":{"_monsterinsights_skip_tracking":false,"_monsterinsights_sitenote_active":false,"_monsterinsights_sitenote_note":"","_monsterinsights_sitenote_category":0,"jetpack_post_was_ever_published":false,"_jetpack_newsletter_access":"","_jetpack_dont_email_post_to_subs":false,"_jetpack_newsletter_tier_id":0,"_jetpack_memberships_contains_paywalled_content":false,"_jetpack_memberships_contains_paid_content":false,"footnotes":"","jetpack_publicize_message":"","jetpack_publicize_feature_enabled":true,"jetpack_social_post_already_shared":false,"jetpack_social_options":{"image_generator_settings":{"template":"highway","default_image_id":0,"enabled":false},"version":2},"_wpas_customize_per_network":false},"categories":[8],"tags":[],"class_list":["post-185834","post","type-post","status-publish","format-standard","has-post-thumbnail","hentry","category-sociedad","generate-columns","tablet-grid-50","mobile-grid-100","grid-parent","grid-50"],"jetpack_publicize_connections":[],"jetpack_featured_media_url":"https:\/\/www.hoymercedes.com.ar\/principal\/wp-content\/uploads\/2025\/07\/PJ-Mercedes.jpg","wps_subtitle":"Debate","jetpack_sharing_enabled":true,"_links":{"self":[{"href":"https:\/\/www.hoymercedes.com.ar\/principal\/wp-json\/wp\/v2\/posts\/185834","targetHints":{"allow":["GET"]}}],"collection":[{"href":"https:\/\/www.hoymercedes.com.ar\/principal\/wp-json\/wp\/v2\/posts"}],"about":[{"href":"https:\/\/www.hoymercedes.com.ar\/principal\/wp-json\/wp\/v2\/types\/post"}],"author":[{"embeddable":true,"href":"https:\/\/www.hoymercedes.com.ar\/principal\/wp-json\/wp\/v2\/users\/1"}],"replies":[{"embeddable":true,"href":"https:\/\/www.hoymercedes.com.ar\/principal\/wp-json\/wp\/v2\/comments?post=185834"}],"version-history":[{"count":2,"href":"https:\/\/www.hoymercedes.com.ar\/principal\/wp-json\/wp\/v2\/posts\/185834\/revisions"}],"predecessor-version":[{"id":185843,"href":"https:\/\/www.hoymercedes.com.ar\/principal\/wp-json\/wp\/v2\/posts\/185834\/revisions\/185843"}],"wp:featuredmedia":[{"embeddable":true,"href":"https:\/\/www.hoymercedes.com.ar\/principal\/wp-json\/wp\/v2\/media\/185841"}],"wp:attachment":[{"href":"https:\/\/www.hoymercedes.com.ar\/principal\/wp-json\/wp\/v2\/media?parent=185834"}],"wp:term":[{"taxonomy":"category","embeddable":true,"href":"https:\/\/www.hoymercedes.com.ar\/principal\/wp-json\/wp\/v2\/categories?post=185834"},{"taxonomy":"post_tag","embeddable":true,"href":"https:\/\/www.hoymercedes.com.ar\/principal\/wp-json\/wp\/v2\/tags?post=185834"}],"curies":[{"name":"wp","href":"https:\/\/api.w.org\/{rel}","templated":true}]}}