{"id":185862,"date":"2025-07-03T15:15:00","date_gmt":"2025-07-03T18:15:00","guid":{"rendered":"https:\/\/www.hoymercedes.com.ar\/principal\/?p=185862"},"modified":"2025-07-03T14:01:17","modified_gmt":"2025-07-03T17:01:17","slug":"cgt-mercedes-alerta-sobre-la-aceleracion-de-despidos-en-la-ciudad","status":"publish","type":"post","link":"https:\/\/www.hoymercedes.com.ar\/principal\/2025\/07\/03\/cgt-mercedes-alerta-sobre-la-aceleracion-de-despidos-en-la-ciudad\/","title":{"rendered":"CGT Mercedes alerta sobre la aceleraci\u00f3n de despidos en la ciudad"},"content":{"rendered":"\n<figure class=\"wp-block-image size-full is-resized\"><img loading=\"lazy\" decoding=\"async\" width=\"875\" height=\"735\" data-attachment-id=\"185863\" data-permalink=\"https:\/\/www.hoymercedes.com.ar\/principal\/2025\/07\/03\/cgt-mercedes-alerta-sobre-la-aceleracion-de-despidos-en-la-ciudad\/cgt-foto-prensa-1\/#main\" data-orig-file=\"https:\/\/www.hoymercedes.com.ar\/principal\/wp-content\/uploads\/2025\/07\/CGT-FOTO-PRENSA-1.jpeg\" data-orig-size=\"875,735\" data-comments-opened=\"0\" data-image-meta=\"{&quot;aperture&quot;:&quot;0&quot;,&quot;credit&quot;:&quot;&quot;,&quot;camera&quot;:&quot;&quot;,&quot;caption&quot;:&quot;&quot;,&quot;created_timestamp&quot;:&quot;0&quot;,&quot;copyright&quot;:&quot;&quot;,&quot;focal_length&quot;:&quot;0&quot;,&quot;iso&quot;:&quot;0&quot;,&quot;shutter_speed&quot;:&quot;0&quot;,&quot;title&quot;:&quot;&quot;,&quot;orientation&quot;:&quot;0&quot;}\" data-image-title=\"CGT Mercedes alerta sobre la aceleraci\u00f3n de despidos en la ciudad\" data-image-description=\"&lt;p&gt;CGT Mercedes alerta sobre la aceleraci\u00f3n de despidos en la ciudad&lt;\/p&gt;\n\" data-image-caption=\"&lt;p&gt;CGT Mercedes alerta sobre la aceleraci\u00f3n de despidos en la ciudad&lt;\/p&gt;\n\" data-large-file=\"https:\/\/www.hoymercedes.com.ar\/principal\/wp-content\/uploads\/2025\/07\/CGT-FOTO-PRENSA-1.jpeg\" src=\"https:\/\/www.hoymercedes.com.ar\/principal\/wp-content\/uploads\/2025\/07\/CGT-FOTO-PRENSA-1.jpeg\" alt=\"\" class=\"wp-image-185863\" style=\"width:960px;height:auto\" srcset=\"https:\/\/www.hoymercedes.com.ar\/principal\/wp-content\/uploads\/2025\/07\/CGT-FOTO-PRENSA-1.jpeg 875w, https:\/\/www.hoymercedes.com.ar\/principal\/wp-content\/uploads\/2025\/07\/CGT-FOTO-PRENSA-1-630x529.jpeg 630w, https:\/\/www.hoymercedes.com.ar\/principal\/wp-content\/uploads\/2025\/07\/CGT-FOTO-PRENSA-1-150x126.jpeg 150w\" sizes=\"auto, (max-width: 875px) 100vw, 875px\" \/><\/figure>\n\n\n\n<p>El Delegado Regional de la CGT Juan Mart\u00edn Andr\u00e9s alerta sobre el crecimiento de despidos en la ciudad. En base a un relevamiento realizado en conjunto con la Delegaci\u00f3n del Ministerio Trabajo de Mercedes, se desprende que en el \u00faltimo trimestre los despidos van en aumento.<\/p>\n\n\n\n<p>El mencionado informe indica que en abril se efectuaron 17 despidos, mientras que en mayo la cifra trep\u00f3 a 46, y en el mes de junio en 36.&nbsp; \u201cEstamos hablando de un relevamiento de los puestos de trabajo en blanco, pero si sumamos a personas que trabajan \u2013en negro- la cifra a\u00fan es mucho m\u00e1s alarmante. Cada puesto de trabajo que se pierde afecta a toda una familia\u201d, expres\u00f3 el Delegado de la CGT Regional Mercedes\/Navarro\/S.A. de Giles.<\/p>\n\n\n\n<p>\u201cEl d\u00eda del trabajador, en conferencia de prensa, ya alert\u00e1bamos sobre la situaci\u00f3n, donde m\u00e1s de un puesto de trabajo se perd\u00eda por d\u00eda; esa cifra hoy est\u00e1 en aumento, y tenemos un gobierno nacional, que hace todo lo posible para empeorarla\u201d, indic\u00f3 el representante gremial.<\/p>\n\n\n\n<p>Seg\u00fan datos del INDEC, la tasa de desempleo en Argentina alcanz\u00f3 el 7.9% en el primer trimestre de 2025. Esto representa un aumento de 1.5 puntos porcentuales respecto al trimestre anterior (6.4%). Al respecto, Andr\u00e9s sostuvo que \u201clos representantes de la Libertad Avanza de Mercedes quieren hacer creer que esto es -algo estacional-, porque est\u00e1 -bajando la inflaci\u00f3n-, pero como dec\u00eda Per\u00f3n, la \u00fanica verdad es la realidad. Hay una notable p\u00e9rdida del poder adquisitivo, una destrucci\u00f3n de la industria nacional, despidos en aumento y una reducci\u00f3n de la oferta laboral\u201d.<\/p>\n\n\n\n<p>\u201cEstamos inmersos en una pol\u00edtica econ\u00f3mica nacional que va en contra de los intereses de la producci\u00f3n nacional, que atenta consecuentemente contra las y los trabajadores. Y ante la m\u00e1s m\u00ednima protesta social, el gobierno apela a una brutal represi\u00f3n, donde si despilfarran gran cantidad de capital\u201d, manifest\u00f3 el Delegado Regional de la CGT.<\/p>\n\n\n\n<p>&nbsp;\u201cSumemos tambi\u00e9n que los precios de la canasta familiar, el descontrol de las tarifas de servicios p\u00fablicos, y la crisis de las peque\u00f1as y medianas empresas, generadoras de la mayor parte de los puestos de trabajo en nuestro pa\u00eds\u201d, continu\u00f3.<\/p>\n\n\n\n<p>Adem\u00e1s, el Delegado Regional asegur\u00f3 que \u201cal recorrer las f\u00e1bricas observan un panorama desolador, ya que donde antes hab\u00edan trabajadores, hoy est\u00e1n las m\u00e1quinas solas\u201d.<\/p>\n\n\n\n<p>\u201cComo lo venimos gestando, desde la CGT estamos convencidos que tenemos que trabajar unidos con todos los sectores del Movimiento Obrero Organizado de la regi\u00f3n, las organizaciones sociales, con las organizaciones de jubilados y jubiladas, las sociedades de fomento, los clubes de barrio, los centros de estudiantes y a todos los espacios que comparten la necesidad de un cambio profundo en las pol\u00edticas p\u00fablicas\u201d, finaliz\u00f3 Juan Mart\u00edn Andr\u00e9s.<\/p>\n\n\n\n<p><\/p>\n","protected":false},"excerpt":{"rendered":"<p>El Delegado Regional de la CGT Juan Mart\u00edn Andr\u00e9s alerta sobre el crecimiento de despidos en la ciudad. En base &#8230; <a title=\"CGT Mercedes alerta sobre la aceleraci\u00f3n de despidos en la ciudad\" class=\"read-more\" href=\"https:\/\/www.hoymercedes.com.ar\/principal\/2025\/07\/03\/cgt-mercedes-alerta-sobre-la-aceleracion-de-despidos-en-la-ciudad\/\" aria-label=\"Leer m\u00e1s sobre CGT Mercedes alerta sobre la aceleraci\u00f3n de despidos en la ciudad\">Leer m\u00e1s<\/a><\/p>\n","protected":false},"author":1,"featured_media":185863,"comment_status":"closed","ping_status":"open","sticky":false,"template":"","format":"standard","meta":{"_monsterinsights_skip_tracking":false,"_monsterinsights_sitenote_active":false,"_monsterinsights_sitenote_note":"","_monsterinsights_sitenote_category":0,"jetpack_post_was_ever_published":false,"_jetpack_newsletter_access":"","_jetpack_dont_email_post_to_subs":false,"_jetpack_newsletter_tier_id":0,"_jetpack_memberships_contains_paywalled_content":false,"_jetpack_memberships_contains_paid_content":false,"footnotes":"","jetpack_publicize_message":"","jetpack_publicize_feature_enabled":true,"jetpack_social_post_already_shared":true,"jetpack_social_options":{"image_generator_settings":{"template":"highway","default_image_id":0,"enabled":false},"version":2},"_wpas_customize_per_network":false},"categories":[8],"tags":[20531],"class_list":["post-185862","post","type-post","status-publish","format-standard","has-post-thumbnail","hentry","category-sociedad","tag-cgtmercedes","generate-columns","tablet-grid-50","mobile-grid-100","grid-parent","grid-50"],"jetpack_publicize_connections":[],"jetpack_featured_media_url":"https:\/\/www.hoymercedes.com.ar\/principal\/wp-content\/uploads\/2025\/07\/CGT-FOTO-PRENSA-1.jpeg","wps_subtitle":"Mundo laboral ","jetpack_sharing_enabled":true,"_links":{"self":[{"href":"https:\/\/www.hoymercedes.com.ar\/principal\/wp-json\/wp\/v2\/posts\/185862","targetHints":{"allow":["GET"]}}],"collection":[{"href":"https:\/\/www.hoymercedes.com.ar\/principal\/wp-json\/wp\/v2\/posts"}],"about":[{"href":"https:\/\/www.hoymercedes.com.ar\/principal\/wp-json\/wp\/v2\/types\/post"}],"author":[{"embeddable":true,"href":"https:\/\/www.hoymercedes.com.ar\/principal\/wp-json\/wp\/v2\/users\/1"}],"replies":[{"embeddable":true,"href":"https:\/\/www.hoymercedes.com.ar\/principal\/wp-json\/wp\/v2\/comments?post=185862"}],"version-history":[{"count":3,"href":"https:\/\/www.hoymercedes.com.ar\/principal\/wp-json\/wp\/v2\/posts\/185862\/revisions"}],"predecessor-version":[{"id":185866,"href":"https:\/\/www.hoymercedes.com.ar\/principal\/wp-json\/wp\/v2\/posts\/185862\/revisions\/185866"}],"wp:featuredmedia":[{"embeddable":true,"href":"https:\/\/www.hoymercedes.com.ar\/principal\/wp-json\/wp\/v2\/media\/185863"}],"wp:attachment":[{"href":"https:\/\/www.hoymercedes.com.ar\/principal\/wp-json\/wp\/v2\/media?parent=185862"}],"wp:term":[{"taxonomy":"category","embeddable":true,"href":"https:\/\/www.hoymercedes.com.ar\/principal\/wp-json\/wp\/v2\/categories?post=185862"},{"taxonomy":"post_tag","embeddable":true,"href":"https:\/\/www.hoymercedes.com.ar\/principal\/wp-json\/wp\/v2\/tags?post=185862"}],"curies":[{"name":"wp","href":"https:\/\/api.w.org\/{rel}","templated":true}]}}