{"id":185983,"date":"2025-07-07T18:44:17","date_gmt":"2025-07-07T21:44:17","guid":{"rendered":"https:\/\/www.hoymercedes.com.ar\/principal\/?p=185983"},"modified":"2025-07-07T18:44:20","modified_gmt":"2025-07-07T21:44:20","slug":"abuelas-de-plaza-de-mayo-la-emocionante-restitucion-del-nieto-140","status":"publish","type":"post","link":"https:\/\/www.hoymercedes.com.ar\/principal\/2025\/07\/07\/abuelas-de-plaza-de-mayo-la-emocionante-restitucion-del-nieto-140\/","title":{"rendered":"Abuelas de Plaza de Mayo: La emocionante restituci\u00f3n del Nieto 140"},"content":{"rendered":"\n<figure class=\"wp-block-image size-large\"><img loading=\"lazy\" decoding=\"async\" width=\"1024\" height=\"682\" data-attachment-id=\"185984\" data-permalink=\"https:\/\/www.hoymercedes.com.ar\/principal\/2025\/07\/07\/abuelas-de-plaza-de-mayo-la-emocionante-restitucion-del-nieto-140\/nieto140-abuelas\/#main\" data-orig-file=\"https:\/\/www.hoymercedes.com.ar\/principal\/wp-content\/uploads\/2025\/07\/Nieto140.Abuelas.jpg\" data-orig-size=\"1280,853\" data-comments-opened=\"0\" data-image-meta=\"{&quot;aperture&quot;:&quot;0&quot;,&quot;credit&quot;:&quot;&quot;,&quot;camera&quot;:&quot;&quot;,&quot;caption&quot;:&quot;&quot;,&quot;created_timestamp&quot;:&quot;0&quot;,&quot;copyright&quot;:&quot;&quot;,&quot;focal_length&quot;:&quot;0&quot;,&quot;iso&quot;:&quot;0&quot;,&quot;shutter_speed&quot;:&quot;0&quot;,&quot;title&quot;:&quot;&quot;,&quot;orientation&quot;:&quot;0&quot;}\" data-image-title=\"Abuelas de Plaza de Mayo: La emocionante restituci\u00f3n del Nieto 140\" data-image-description=\"&lt;p&gt;Abuelas de Plaza de Mayo: La emocionante restituci\u00f3n del Nieto 140&lt;\/p&gt;\n\" data-image-caption=\"&lt;p&gt;Abuelas de Plaza de Mayo: La emocionante restituci\u00f3n del Nieto 140&lt;\/p&gt;\n\" data-large-file=\"https:\/\/www.hoymercedes.com.ar\/principal\/wp-content\/uploads\/2025\/07\/Nieto140.Abuelas-1024x682.jpg\" src=\"https:\/\/www.hoymercedes.com.ar\/principal\/wp-content\/uploads\/2025\/07\/Nieto140.Abuelas-1024x682.jpg\" alt=\"\" class=\"wp-image-185984\" srcset=\"https:\/\/www.hoymercedes.com.ar\/principal\/wp-content\/uploads\/2025\/07\/Nieto140.Abuelas-1024x682.jpg 1024w, https:\/\/www.hoymercedes.com.ar\/principal\/wp-content\/uploads\/2025\/07\/Nieto140.Abuelas-630x420.jpg 630w, https:\/\/www.hoymercedes.com.ar\/principal\/wp-content\/uploads\/2025\/07\/Nieto140.Abuelas-150x100.jpg 150w, https:\/\/www.hoymercedes.com.ar\/principal\/wp-content\/uploads\/2025\/07\/Nieto140.Abuelas-700x465.jpg 700w, https:\/\/www.hoymercedes.com.ar\/principal\/wp-content\/uploads\/2025\/07\/Nieto140.Abuelas.jpg 1280w\" sizes=\"auto, (max-width: 1024px) 100vw, 1024px\" \/><\/figure>\n\n\n\n<p><strong>Abuelas de Plaza de Mayo<\/strong>, la incansable organizaci\u00f3n de derechos humanos que busca a los hijos y nietos apropiados durante la \u00faltima dictadura c\u00edvico-militar argentina (1976-1983), ha anunciado la restituci\u00f3n de la identidad del <strong>nieto n\u00famero 140<\/strong>. Esta emocionante noticia representa un nuevo triunfo en la lucha por la verdad y la justicia, y trae alivio y esperanza a una familia que ha esperado por d\u00e9cadas.<\/p>\n\n\n\n<p>La identidad del nieto 140 fue confirmada a trav\u00e9s de los an\u00e1lisis gen\u00e9ticos realizados por el Banco Nacional de Datos Gen\u00e9ticos (BNDG), un pilar fundamental en la labor de Abuelas. Si bien por el momento no se han revelado p\u00fablicamente los detalles de su historia, cada restituci\u00f3n es un testimonio del terror de la dictadura y, a la vez, de la resiliencia y la perseverancia de las Abuelas.<\/p>\n\n\n\n<p>Las Abuelas de Plaza de Mayo comenzaron su b\u00fasqueda en plena dictadura, en un contexto de persecuci\u00f3n y silencio. Con pa\u00f1uelos blancos cubriendo sus cabezas, se atrevieron a desafiar al poder y a reclamar por sus seres queridos. Desde entonces, han dedicado sus vidas a encontrar a esos ni\u00f1os y ni\u00f1as que fueron separados de sus padres, muchos de ellos detenidos-desaparecidos.<\/p>\n\n\n\n<p>La recuperaci\u00f3n de cada nieto es un rayo de luz que ilumina la oscuridad de la historia argentina. No solo representa el reencuentro de una persona con su verdadera identidad y su familia biol\u00f3gica, sino que tambi\u00e9n es un paso m\u00e1s en la construcci\u00f3n de la memoria colectiva y en la condena de los cr\u00edmenes de lesa humanidad.<\/p>\n\n\n\n<p>La labor de <strong>Abuelas de Plaza de Mayo<\/strong> es reconocida a nivel mundial como un ejemplo de lucha pac\u00edfica y persistente por los derechos humanos. Con cada nieto restituido, se reafirma el compromiso de la sociedad argentina con la verdad y la justicia, y se renueva la esperanza de que los aproximadamente 300 nietos que a\u00fan faltan por encontrar puedan, alg\u00fan d\u00eda, abrazar a sus familias y conocer su verdadera historia.<\/p>\n\n\n\n<p><\/p>\n","protected":false},"excerpt":{"rendered":"<p>Abuelas de Plaza de Mayo, la incansable organizaci\u00f3n de derechos humanos que busca a los hijos y nietos apropiados durante &#8230; <a title=\"Abuelas de Plaza de Mayo: La emocionante restituci\u00f3n del Nieto 140\" class=\"read-more\" href=\"https:\/\/www.hoymercedes.com.ar\/principal\/2025\/07\/07\/abuelas-de-plaza-de-mayo-la-emocionante-restitucion-del-nieto-140\/\" aria-label=\"Leer m\u00e1s sobre Abuelas de Plaza de Mayo: La emocionante restituci\u00f3n del Nieto 140\">Leer m\u00e1s<\/a><\/p>\n","protected":false},"author":1,"featured_media":185984,"comment_status":"closed","ping_status":"open","sticky":false,"template":"","format":"standard","meta":{"_monsterinsights_skip_tracking":false,"_monsterinsights_sitenote_active":false,"_monsterinsights_sitenote_note":"","_monsterinsights_sitenote_category":0,"jetpack_post_was_ever_published":false,"_jetpack_newsletter_access":"","_jetpack_dont_email_post_to_subs":false,"_jetpack_newsletter_tier_id":0,"_jetpack_memberships_contains_paywalled_content":false,"_jetpack_memberships_contains_paid_content":false,"footnotes":"","jetpack_publicize_message":"","jetpack_publicize_feature_enabled":true,"jetpack_social_post_already_shared":false,"jetpack_social_options":{"image_generator_settings":{"template":"highway","default_image_id":0,"enabled":false},"version":2},"_wpas_customize_per_network":false},"categories":[8],"tags":[20547,7863],"class_list":["post-185983","post","type-post","status-publish","format-standard","has-post-thumbnail","hentry","category-sociedad","tag-140-nietos-recuperado","tag-abuelas-de-plaza-de-mayo","generate-columns","tablet-grid-50","mobile-grid-100","grid-parent","grid-50"],"jetpack_publicize_connections":[],"jetpack_featured_media_url":"https:\/\/www.hoymercedes.com.ar\/principal\/wp-content\/uploads\/2025\/07\/Nieto140.Abuelas.jpg","wps_subtitle":"Derechos Humanos","jetpack_sharing_enabled":true,"_links":{"self":[{"href":"https:\/\/www.hoymercedes.com.ar\/principal\/wp-json\/wp\/v2\/posts\/185983","targetHints":{"allow":["GET"]}}],"collection":[{"href":"https:\/\/www.hoymercedes.com.ar\/principal\/wp-json\/wp\/v2\/posts"}],"about":[{"href":"https:\/\/www.hoymercedes.com.ar\/principal\/wp-json\/wp\/v2\/types\/post"}],"author":[{"embeddable":true,"href":"https:\/\/www.hoymercedes.com.ar\/principal\/wp-json\/wp\/v2\/users\/1"}],"replies":[{"embeddable":true,"href":"https:\/\/www.hoymercedes.com.ar\/principal\/wp-json\/wp\/v2\/comments?post=185983"}],"version-history":[{"count":2,"href":"https:\/\/www.hoymercedes.com.ar\/principal\/wp-json\/wp\/v2\/posts\/185983\/revisions"}],"predecessor-version":[{"id":185986,"href":"https:\/\/www.hoymercedes.com.ar\/principal\/wp-json\/wp\/v2\/posts\/185983\/revisions\/185986"}],"wp:featuredmedia":[{"embeddable":true,"href":"https:\/\/www.hoymercedes.com.ar\/principal\/wp-json\/wp\/v2\/media\/185984"}],"wp:attachment":[{"href":"https:\/\/www.hoymercedes.com.ar\/principal\/wp-json\/wp\/v2\/media?parent=185983"}],"wp:term":[{"taxonomy":"category","embeddable":true,"href":"https:\/\/www.hoymercedes.com.ar\/principal\/wp-json\/wp\/v2\/categories?post=185983"},{"taxonomy":"post_tag","embeddable":true,"href":"https:\/\/www.hoymercedes.com.ar\/principal\/wp-json\/wp\/v2\/tags?post=185983"}],"curies":[{"name":"wp","href":"https:\/\/api.w.org\/{rel}","templated":true}]}}