{"id":186008,"date":"2025-07-08T15:20:00","date_gmt":"2025-07-08T18:20:00","guid":{"rendered":"https:\/\/www.hoymercedes.com.ar\/principal\/?p=186008"},"modified":"2025-07-10T12:31:20","modified_gmt":"2025-07-10T15:31:20","slug":"sigue-el-plan-de-fortalecimiento-de-la-arboleda-urba","status":"publish","type":"post","link":"https:\/\/www.hoymercedes.com.ar\/principal\/2025\/07\/08\/sigue-el-plan-de-fortalecimiento-de-la-arboleda-urba\/","title":{"rendered":"Sigue el plan de fortalecimiento de la arboleda urbana"},"content":{"rendered":"\n<p>Desde el \u00e1rea de Espacios Verdes contin\u00faan con el plan \u201cEl \u00e1rbol, mi vecino\u201d, un proyecto que  lleva m\u00e1s de 200 \u00e1rboles plantados en el a\u00f1o y que tiene como fin el \u00abfortalecimiento del bosque urbano\u00bb y el aumento del patrimonio forestal de Mercedes. <\/p>\n\n\n<div class=\"wp-block-image\">\n<figure class=\"aligncenter size-large\"><img loading=\"lazy\" decoding=\"async\" width=\"1024\" height=\"682\" data-attachment-id=\"186009\" data-permalink=\"https:\/\/www.hoymercedes.com.ar\/principal\/2025\/07\/08\/sigue-el-plan-de-fortalecimiento-de-la-arboleda-urba\/aboledas\/#main\" data-orig-file=\"https:\/\/www.hoymercedes.com.ar\/principal\/wp-content\/uploads\/2025\/07\/Aboledas.jpg\" data-orig-size=\"1319,879\" data-comments-opened=\"0\" data-image-meta=\"{&quot;aperture&quot;:&quot;0&quot;,&quot;credit&quot;:&quot;&quot;,&quot;camera&quot;:&quot;&quot;,&quot;caption&quot;:&quot;&quot;,&quot;created_timestamp&quot;:&quot;0&quot;,&quot;copyright&quot;:&quot;&quot;,&quot;focal_length&quot;:&quot;0&quot;,&quot;iso&quot;:&quot;0&quot;,&quot;shutter_speed&quot;:&quot;0&quot;,&quot;title&quot;:&quot;&quot;,&quot;orientation&quot;:&quot;0&quot;}\" data-image-title=\"Aboledas\" data-image-description=\"\" data-image-caption=\"\" data-large-file=\"https:\/\/www.hoymercedes.com.ar\/principal\/wp-content\/uploads\/2025\/07\/Aboledas-1024x682.jpg\" src=\"https:\/\/www.hoymercedes.com.ar\/principal\/wp-content\/uploads\/2025\/07\/Aboledas-1024x682.jpg\" alt=\"\" class=\"wp-image-186009\" srcset=\"https:\/\/www.hoymercedes.com.ar\/principal\/wp-content\/uploads\/2025\/07\/Aboledas-1024x682.jpg 1024w, https:\/\/www.hoymercedes.com.ar\/principal\/wp-content\/uploads\/2025\/07\/Aboledas-630x420.jpg 630w, https:\/\/www.hoymercedes.com.ar\/principal\/wp-content\/uploads\/2025\/07\/Aboledas-150x100.jpg 150w, https:\/\/www.hoymercedes.com.ar\/principal\/wp-content\/uploads\/2025\/07\/Aboledas-700x465.jpg 700w, https:\/\/www.hoymercedes.com.ar\/principal\/wp-content\/uploads\/2025\/07\/Aboledas.jpg 1319w\" sizes=\"auto, (max-width: 1024px) 100vw, 1024px\" \/><\/figure>\n<\/div>\n\n\n<p>El proyecto se llama \u201cEl \u00e1rbol, mi vecino\u201d, \u201cuna campa\u00f1a de forestaci\u00f3n creada en el 2022 en la que se trata de involucrar a toda la comunidad y tiene una excelente respuesta\u201d, explic\u00f3 Dar\u00edo Taramasco, director de Espacios Verdes. En estos cuatro a\u00f1os se han plantado un total de 780 ejemplares con m\u00e1s de 250 vecinas y vecinos registrados. El prop\u00f3sito es invitar a que se inscriban aquellos vecinos que quieran tener un \u00e1rbol nuevo en la vereda de su frente.<\/p>\n\n\n\n<p>\u201cEste proyecto est\u00e1 orientado a aquellos vecinos que no tienen un \u00e1rbol en la vereda o tienen alg\u00fan faltante con lo cual asumen el compromiso compartido como custodios directos. Para ello, se inicia con una inscripci\u00f3n online a trav\u00e9s de la p\u00e1gina web de la municipalidad y una vez cumplido este tr\u00e1mite, desde Espacios Verdes hacemos una evaluaci\u00f3n del lugar para determinar si es factible la forestaci\u00f3n\u201d, cont\u00f3 Taramasco.<\/p>\n\n\n\n<p>En caso de que sea factible, el equipo del \u00e1rea analiza qu\u00e9 especie es la apropiada a partir de distintos par\u00e1metros, como son por ejemplo el ancho de la vereda, la presencia o no de cableado de media tensi\u00f3n, presencia de vereda jard\u00edn o cazuela,etc., variables que se deben considerar antes de decidir qu\u00e9 especie plantar. Una vez elegido el \u00e1rbol, se hace la plantaci\u00f3n por parte del equipo de Paisajismo de Espacios Verdes.<\/p>\n\n\n\n<p>\u201cLuego, el vecino es el responsable de su cuidado. Pasa a ser su custodio. Durante los primeros tres a\u00f1os de plantaci\u00f3n, se acompa\u00f1a con recomendaciones en cuanto al riego, a las caracter\u00edsticas del \u00e1rbol o por ejemplo a la protecci\u00f3n contra las hormigas y todo lo necesario para su buen desarrollo. A su vez, si despu\u00e9s el vecino detecta alguna anomal\u00eda o irregularidad, o eval\u00faa la necesidad de intervenirlo, brindamos asistencia t\u00e9cnica y operativa\u201d, a\u00f1adi\u00f3 el funcionario.<\/p>\n\n\n\n<p>El funcionario cont\u00f3 tambi\u00e9n que muchas de las plantas nativas que se colocan son producidas en el Vivero Biotecnol\u00f3gico Municipal, acompa\u00f1ados de la asistencia de la Direcci\u00f3n Forestal de la Provincia de Buenos Aires, que tiene un programa de apoyo a los bosques urbanos para los municipios con el que ofrecen la posibilidad de solicitar entre 300 a 400 plantas por proyecto evaluado.<\/p>\n\n\n\n<p>\u201cSeguimos invitando a los vecinos a sumarse a este programa, pero siempre hacemos una aclaraci\u00f3n: la inscripci\u00f3n est\u00e1 abierta durante todo el a\u00f1o, pero la forestaci\u00f3n no se hace inmediatamente luego de la inscripci\u00f3n, sino que se realiza durante un periodo del a\u00f1o apropiado para plantar que ser\u00eda entre mayo y \u00faltimos d\u00edas de septiembre, porque es donde las condiciones clim\u00e1ticas lo permiten. Este mes estamos terminando la primera etapa, con vecinos que se anotaron desde octubre pasado hasta junio de este a\u00f1o. Agradecemos el compromiso y el inter\u00e9s de vecinos y vecinas y esperamos que se sumen muchos m\u00e1s mercedinos&nbsp; para seguir mejorando nuestro bosque urbano\u201d, cerr\u00f3.<\/p>\n","protected":false},"excerpt":{"rendered":"<p>Desde el \u00e1rea de Espacios Verdes contin\u00faan con el plan \u201cEl \u00e1rbol, mi vecino\u201d, un proyecto que lleva m\u00e1s de &#8230; <a title=\"Sigue el plan de fortalecimiento de la arboleda urbana\" class=\"read-more\" href=\"https:\/\/www.hoymercedes.com.ar\/principal\/2025\/07\/08\/sigue-el-plan-de-fortalecimiento-de-la-arboleda-urba\/\" aria-label=\"Leer m\u00e1s sobre Sigue el plan de fortalecimiento de la arboleda urbana\">Leer m\u00e1s<\/a><\/p>\n","protected":false},"author":1,"featured_media":186009,"comment_status":"closed","ping_status":"open","sticky":false,"template":"","format":"standard","meta":{"_monsterinsights_skip_tracking":false,"_monsterinsights_sitenote_active":false,"_monsterinsights_sitenote_note":"","_monsterinsights_sitenote_category":0,"jetpack_post_was_ever_published":false,"_jetpack_newsletter_access":"","_jetpack_dont_email_post_to_subs":false,"_jetpack_newsletter_tier_id":0,"_jetpack_memberships_contains_paywalled_content":false,"_jetpack_memberships_contains_paid_content":false,"footnotes":"","jetpack_publicize_message":"","jetpack_publicize_feature_enabled":true,"jetpack_social_post_already_shared":false,"jetpack_social_options":{"image_generator_settings":{"template":"highway","default_image_id":0,"enabled":false},"version":2},"_wpas_customize_per_network":false},"categories":[8],"tags":[],"class_list":["post-186008","post","type-post","status-publish","format-standard","has-post-thumbnail","hentry","category-sociedad","generate-columns","tablet-grid-50","mobile-grid-100","grid-parent","grid-50"],"jetpack_publicize_connections":[],"jetpack_featured_media_url":"https:\/\/www.hoymercedes.com.ar\/principal\/wp-content\/uploads\/2025\/07\/Aboledas.jpg","wps_subtitle":"","jetpack_sharing_enabled":true,"_links":{"self":[{"href":"https:\/\/www.hoymercedes.com.ar\/principal\/wp-json\/wp\/v2\/posts\/186008","targetHints":{"allow":["GET"]}}],"collection":[{"href":"https:\/\/www.hoymercedes.com.ar\/principal\/wp-json\/wp\/v2\/posts"}],"about":[{"href":"https:\/\/www.hoymercedes.com.ar\/principal\/wp-json\/wp\/v2\/types\/post"}],"author":[{"embeddable":true,"href":"https:\/\/www.hoymercedes.com.ar\/principal\/wp-json\/wp\/v2\/users\/1"}],"replies":[{"embeddable":true,"href":"https:\/\/www.hoymercedes.com.ar\/principal\/wp-json\/wp\/v2\/comments?post=186008"}],"version-history":[{"count":3,"href":"https:\/\/www.hoymercedes.com.ar\/principal\/wp-json\/wp\/v2\/posts\/186008\/revisions"}],"predecessor-version":[{"id":186050,"href":"https:\/\/www.hoymercedes.com.ar\/principal\/wp-json\/wp\/v2\/posts\/186008\/revisions\/186050"}],"wp:featuredmedia":[{"embeddable":true,"href":"https:\/\/www.hoymercedes.com.ar\/principal\/wp-json\/wp\/v2\/media\/186009"}],"wp:attachment":[{"href":"https:\/\/www.hoymercedes.com.ar\/principal\/wp-json\/wp\/v2\/media?parent=186008"}],"wp:term":[{"taxonomy":"category","embeddable":true,"href":"https:\/\/www.hoymercedes.com.ar\/principal\/wp-json\/wp\/v2\/categories?post=186008"},{"taxonomy":"post_tag","embeddable":true,"href":"https:\/\/www.hoymercedes.com.ar\/principal\/wp-json\/wp\/v2\/tags?post=186008"}],"curies":[{"name":"wp","href":"https:\/\/api.w.org\/{rel}","templated":true}]}}