{"id":186017,"date":"2025-07-09T10:30:00","date_gmt":"2025-07-09T13:30:00","guid":{"rendered":"https:\/\/www.hoymercedes.com.ar\/principal\/?p=186017"},"modified":"2025-07-08T22:00:07","modified_gmt":"2025-07-09T01:00:07","slug":"recorridos-participativos-en-el-complejo-udaondo-de-lujan","status":"publish","type":"post","link":"https:\/\/www.hoymercedes.com.ar\/principal\/2025\/07\/09\/recorridos-participativos-en-el-complejo-udaondo-de-lujan\/","title":{"rendered":"Recorridos participativos en el Complejo Udaondo de Luj\u00e1n"},"content":{"rendered":"\n<p><em><strong>Ser\u00e1 todos los s\u00e1bados y domingos de julio, de 12:00 a 16:00.\u00a0 La propuesta\u00a0 busca reivindicar a quienes se sumaron al esfuerzo independentista. La actividad es libre y gratuita.<\/strong><\/em><\/p>\n\n\n<div class=\"wp-block-image\">\n<figure class=\"aligncenter size-full\"><img loading=\"lazy\" decoding=\"async\" width=\"800\" height=\"533\" data-attachment-id=\"186018\" data-permalink=\"https:\/\/www.hoymercedes.com.ar\/principal\/2025\/07\/09\/recorridos-participativos-en-el-complejo-udaondo-de-lujan\/img_1596\/#main\" data-orig-file=\"https:\/\/www.hoymercedes.com.ar\/principal\/wp-content\/uploads\/2025\/07\/IMG_1596.jpg\" data-orig-size=\"800,533\" data-comments-opened=\"0\" data-image-meta=\"{&quot;aperture&quot;:&quot;0&quot;,&quot;credit&quot;:&quot;&quot;,&quot;camera&quot;:&quot;&quot;,&quot;caption&quot;:&quot;&quot;,&quot;created_timestamp&quot;:&quot;1751366631&quot;,&quot;copyright&quot;:&quot;&quot;,&quot;focal_length&quot;:&quot;0&quot;,&quot;iso&quot;:&quot;0&quot;,&quot;shutter_speed&quot;:&quot;0&quot;,&quot;title&quot;:&quot;&quot;,&quot;orientation&quot;:&quot;0&quot;}\" data-image-title=\"IMG_1596\" data-image-description=\"\" data-image-caption=\"\" data-large-file=\"https:\/\/www.hoymercedes.com.ar\/principal\/wp-content\/uploads\/2025\/07\/IMG_1596.jpg\" src=\"https:\/\/www.hoymercedes.com.ar\/principal\/wp-content\/uploads\/2025\/07\/IMG_1596.jpg\" alt=\"\" class=\"wp-image-186018\" srcset=\"https:\/\/www.hoymercedes.com.ar\/principal\/wp-content\/uploads\/2025\/07\/IMG_1596.jpg 800w, https:\/\/www.hoymercedes.com.ar\/principal\/wp-content\/uploads\/2025\/07\/IMG_1596-630x420.jpg 630w, https:\/\/www.hoymercedes.com.ar\/principal\/wp-content\/uploads\/2025\/07\/IMG_1596-150x100.jpg 150w, https:\/\/www.hoymercedes.com.ar\/principal\/wp-content\/uploads\/2025\/07\/IMG_1596-700x465.jpg 700w\" sizes=\"auto, (max-width: 800px) 100vw, 800px\" \/><\/figure>\n<\/div>\n\n\n<p>El <strong>Complejo Museogr\u00e1fico Provincial Enrique Udaondo <\/strong>invita todos los <strong>s\u00e1bados y domingos de julio, a las 12:00 y a las 16:00<\/strong>, a participar de los recorridos participativos titulados <strong>\u201cHombres y mujeres de la Independencia\u201d<\/strong>. Esta propuesta es gratuita y cuenta con el apoyo del <strong>Instituto Cultural de la Provincia de Buenos Aires.<\/strong><\/p>\n\n\n\n<p>En el mes en el que se celebra un nuevo aniversario del <strong>D\u00eda de la Independencia de la Rep\u00fablica Argentina<\/strong>, el Museo Udaondo brindar\u00e1 visitas participativas en la sala<strong> \u201cLuchas por la Independencia\u201d<\/strong> durante todo el mes de julio. As\u00ed, a partir del patrimonio expuesto, se invitar\u00e1 a identificar la participaci\u00f3n activa de la comunidad, recuperando sus historias a trav\u00e9s de los retratos y condecoraciones.<\/p>\n\n\n\n<p>Los recorridos, destinados al p\u00fablico en general, proponen reconocer a los hombres y las mujeres que desde distintos \u00e1mbitos apoyaron la causa de la independencia. M\u00e1s all\u00e1 de quienes estuvieron al mando de los ej\u00e9rcitos, como San Mart\u00edn, Belgrano y G\u00fcemes, se busca reivindicar a hombres y mujeres que se sumaron al esfuerzo independentista, de diferentes formas. Algunas mujeres de la \u00e9lite abrieron las puertas de sus casas organizando tertulias, otras donaron sus joyas y confeccionaron banderas y uniformes. Pero tambi\u00e9n se reconocer\u00e1 a aquellas que se sumaron al esfuerzo independentista poniendo el cuerpo en el campo de batalla.<\/p>\n\n\n\n<p>Fuente: Complejo Udaondo<\/p>\n","protected":false},"excerpt":{"rendered":"<p>Ser\u00e1 todos los s\u00e1bados y domingos de julio, de 12:00 a 16:00.\u00a0 La propuesta\u00a0 busca reivindicar a quienes se sumaron &#8230; <a title=\"Recorridos participativos en el Complejo Udaondo de Luj\u00e1n\" class=\"read-more\" href=\"https:\/\/www.hoymercedes.com.ar\/principal\/2025\/07\/09\/recorridos-participativos-en-el-complejo-udaondo-de-lujan\/\" aria-label=\"Leer m\u00e1s sobre Recorridos participativos en el Complejo Udaondo de Luj\u00e1n\">Leer m\u00e1s<\/a><\/p>\n","protected":false},"author":1,"featured_media":186018,"comment_status":"closed","ping_status":"open","sticky":false,"template":"","format":"standard","meta":{"_monsterinsights_skip_tracking":false,"_monsterinsights_sitenote_active":false,"_monsterinsights_sitenote_note":"","_monsterinsights_sitenote_category":0,"jetpack_post_was_ever_published":false,"_jetpack_newsletter_access":"","_jetpack_dont_email_post_to_subs":false,"_jetpack_newsletter_tier_id":0,"_jetpack_memberships_contains_paywalled_content":false,"_jetpack_memberships_contains_paid_content":false,"footnotes":"","jetpack_publicize_message":"","jetpack_publicize_feature_enabled":true,"jetpack_social_post_already_shared":true,"jetpack_social_options":{"image_generator_settings":{"template":"highway","default_image_id":0,"enabled":false},"version":2},"_wpas_customize_per_network":false},"categories":[8],"tags":[],"class_list":["post-186017","post","type-post","status-publish","format-standard","has-post-thumbnail","hentry","category-sociedad","generate-columns","tablet-grid-50","mobile-grid-100","grid-parent","grid-50"],"jetpack_publicize_connections":[],"jetpack_featured_media_url":"https:\/\/www.hoymercedes.com.ar\/principal\/wp-content\/uploads\/2025\/07\/IMG_1596.jpg","wps_subtitle":"","jetpack_sharing_enabled":true,"_links":{"self":[{"href":"https:\/\/www.hoymercedes.com.ar\/principal\/wp-json\/wp\/v2\/posts\/186017","targetHints":{"allow":["GET"]}}],"collection":[{"href":"https:\/\/www.hoymercedes.com.ar\/principal\/wp-json\/wp\/v2\/posts"}],"about":[{"href":"https:\/\/www.hoymercedes.com.ar\/principal\/wp-json\/wp\/v2\/types\/post"}],"author":[{"embeddable":true,"href":"https:\/\/www.hoymercedes.com.ar\/principal\/wp-json\/wp\/v2\/users\/1"}],"replies":[{"embeddable":true,"href":"https:\/\/www.hoymercedes.com.ar\/principal\/wp-json\/wp\/v2\/comments?post=186017"}],"version-history":[{"count":1,"href":"https:\/\/www.hoymercedes.com.ar\/principal\/wp-json\/wp\/v2\/posts\/186017\/revisions"}],"predecessor-version":[{"id":186019,"href":"https:\/\/www.hoymercedes.com.ar\/principal\/wp-json\/wp\/v2\/posts\/186017\/revisions\/186019"}],"wp:featuredmedia":[{"embeddable":true,"href":"https:\/\/www.hoymercedes.com.ar\/principal\/wp-json\/wp\/v2\/media\/186018"}],"wp:attachment":[{"href":"https:\/\/www.hoymercedes.com.ar\/principal\/wp-json\/wp\/v2\/media?parent=186017"}],"wp:term":[{"taxonomy":"category","embeddable":true,"href":"https:\/\/www.hoymercedes.com.ar\/principal\/wp-json\/wp\/v2\/categories?post=186017"},{"taxonomy":"post_tag","embeddable":true,"href":"https:\/\/www.hoymercedes.com.ar\/principal\/wp-json\/wp\/v2\/tags?post=186017"}],"curies":[{"name":"wp","href":"https:\/\/api.w.org\/{rel}","templated":true}]}}