{"id":186035,"date":"2025-07-09T18:08:13","date_gmt":"2025-07-09T21:08:13","guid":{"rendered":"https:\/\/www.hoymercedes.com.ar\/principal\/?p=186035"},"modified":"2025-07-09T18:08:21","modified_gmt":"2025-07-09T21:08:21","slug":"se-conmemoro-el-dia-de-la-independencia-con-acto-y-te-deum","status":"publish","type":"post","link":"https:\/\/www.hoymercedes.com.ar\/principal\/2025\/07\/09\/se-conmemoro-el-dia-de-la-independencia-con-acto-y-te-deum\/","title":{"rendered":"Se conmemor\u00f3 el D\u00eda de la Independencia con acto y Te Deum"},"content":{"rendered":"\n<figure class=\"wp-block-image size-large\"><img loading=\"lazy\" decoding=\"async\" width=\"1024\" height=\"682\" data-attachment-id=\"186037\" data-permalink=\"https:\/\/www.hoymercedes.com.ar\/principal\/2025\/07\/09\/se-conmemoro-el-dia-de-la-independencia-con-acto-y-te-deum\/dsc06075\/#main\" data-orig-file=\"https:\/\/www.hoymercedes.com.ar\/principal\/wp-content\/uploads\/2025\/07\/DSC06075.jpg\" data-orig-size=\"1319,879\" data-comments-opened=\"0\" data-image-meta=\"{&quot;aperture&quot;:&quot;0&quot;,&quot;credit&quot;:&quot;&quot;,&quot;camera&quot;:&quot;&quot;,&quot;caption&quot;:&quot;&quot;,&quot;created_timestamp&quot;:&quot;0&quot;,&quot;copyright&quot;:&quot;&quot;,&quot;focal_length&quot;:&quot;0&quot;,&quot;iso&quot;:&quot;0&quot;,&quot;shutter_speed&quot;:&quot;0&quot;,&quot;title&quot;:&quot;&quot;,&quot;orientation&quot;:&quot;0&quot;}\" data-image-title=\"Se conmemor\u00f3 el D\u00eda de la Independencia con acto y Te Deum\" data-image-description=\"&lt;p&gt;Se conmemor\u00f3 el D\u00eda de la Independencia con acto y Te Deum&lt;\/p&gt;\n\" data-image-caption=\"&lt;p&gt;Se conmemor\u00f3 el D\u00eda de la Independencia con acto y Te Deum&lt;\/p&gt;\n\" data-large-file=\"https:\/\/www.hoymercedes.com.ar\/principal\/wp-content\/uploads\/2025\/07\/DSC06075-1024x682.jpg\" src=\"https:\/\/www.hoymercedes.com.ar\/principal\/wp-content\/uploads\/2025\/07\/DSC06075-1024x682.jpg\" alt=\"\" class=\"wp-image-186037\" srcset=\"https:\/\/www.hoymercedes.com.ar\/principal\/wp-content\/uploads\/2025\/07\/DSC06075-1024x682.jpg 1024w, https:\/\/www.hoymercedes.com.ar\/principal\/wp-content\/uploads\/2025\/07\/DSC06075-630x420.jpg 630w, https:\/\/www.hoymercedes.com.ar\/principal\/wp-content\/uploads\/2025\/07\/DSC06075-150x100.jpg 150w, https:\/\/www.hoymercedes.com.ar\/principal\/wp-content\/uploads\/2025\/07\/DSC06075-700x465.jpg 700w, https:\/\/www.hoymercedes.com.ar\/principal\/wp-content\/uploads\/2025\/07\/DSC06075.jpg 1319w\" sizes=\"auto, (max-width: 1024px) 100vw, 1024px\" \/><\/figure>\n\n\n\n<p>Un importante n\u00famero de escuelas, instituciones, vecinos y vecinos fueron parte del acto protocolar por el D\u00eda de la Independencia, encabezado por el intendente <strong>Juani Ustarroz<\/strong>. Tras el encuentro se realiz\u00f3 el tradicional Te Deum oficiado por + <strong>Jorge Eduardo Scheinig,<\/strong> arzobispo Metropolitano de Mercedes-Luj\u00e1n.<\/p>\n\n\n\n<p><strong>Palabras<\/strong><\/p>\n\n\n\n<p>El primero en tomar la palabra fue el <strong>profesor Emanuel Grassi<\/strong>, vicerrector de la Escuela Secundaria N\u00b01, quien remarc\u00f3 \u201cdetr\u00e1s de cada palabra escrita en el acta de la independencia hab\u00eda una idea poderosa, la libertad\u201d remarcando que \u201cla libertad es un ejercicio de diario, una construcci\u00f3n colectiva. Y en esa construcci\u00f3n colectiva hay un pilar fundamental que no podemos ni debemos olvidar, la educaci\u00f3n. Porque no hay libertad sin pensamiento cr\u00edtico, no hay independencia sin conciencia y sin valores, no hay independencia en el individualismo y no hay futuro sin conocimiento\u201d expres\u00f3 el docente.<\/p>\n\n\n\n<figure class=\"wp-block-image size-large\"><img loading=\"lazy\" decoding=\"async\" width=\"1024\" height=\"682\" data-attachment-id=\"186036\" data-permalink=\"https:\/\/www.hoymercedes.com.ar\/principal\/2025\/07\/09\/se-conmemoro-el-dia-de-la-independencia-con-acto-y-te-deum\/dsc06068\/#main\" data-orig-file=\"https:\/\/www.hoymercedes.com.ar\/principal\/wp-content\/uploads\/2025\/07\/DSC06068.jpg\" data-orig-size=\"1319,879\" data-comments-opened=\"0\" data-image-meta=\"{&quot;aperture&quot;:&quot;0&quot;,&quot;credit&quot;:&quot;&quot;,&quot;camera&quot;:&quot;&quot;,&quot;caption&quot;:&quot;&quot;,&quot;created_timestamp&quot;:&quot;0&quot;,&quot;copyright&quot;:&quot;&quot;,&quot;focal_length&quot;:&quot;0&quot;,&quot;iso&quot;:&quot;0&quot;,&quot;shutter_speed&quot;:&quot;0&quot;,&quot;title&quot;:&quot;&quot;,&quot;orientation&quot;:&quot;0&quot;}\" data-image-title=\"Se conmemor\u00f3 el D\u00eda de la Independencia con acto y Te Deum\" data-image-description=\"&lt;p&gt;Se conmemor\u00f3 el D\u00eda de la Independencia con acto y Te Deum&lt;\/p&gt;\n\" data-image-caption=\"&lt;p&gt;Se conmemor\u00f3 el D\u00eda de la Independencia con acto y Te Deum&lt;\/p&gt;\n\" data-large-file=\"https:\/\/www.hoymercedes.com.ar\/principal\/wp-content\/uploads\/2025\/07\/DSC06068-1024x682.jpg\" src=\"https:\/\/www.hoymercedes.com.ar\/principal\/wp-content\/uploads\/2025\/07\/DSC06068-1024x682.jpg\" alt=\"\" class=\"wp-image-186036\" srcset=\"https:\/\/www.hoymercedes.com.ar\/principal\/wp-content\/uploads\/2025\/07\/DSC06068-1024x682.jpg 1024w, https:\/\/www.hoymercedes.com.ar\/principal\/wp-content\/uploads\/2025\/07\/DSC06068-630x420.jpg 630w, https:\/\/www.hoymercedes.com.ar\/principal\/wp-content\/uploads\/2025\/07\/DSC06068-150x100.jpg 150w, https:\/\/www.hoymercedes.com.ar\/principal\/wp-content\/uploads\/2025\/07\/DSC06068-700x465.jpg 700w, https:\/\/www.hoymercedes.com.ar\/principal\/wp-content\/uploads\/2025\/07\/DSC06068.jpg 1319w\" sizes=\"auto, (max-width: 1024px) 100vw, 1024px\" \/><\/figure>\n\n\n\n<p><strong>Emanciparnos<\/strong><\/p>\n\n\n\n<p>Tambi\u00e9n mencion\u00f3 que \u201ceducar es emancipar, es lograr que cada persona tenga la posibilidad de elegir su camino, de alzar su voz, de entender su historia y transformar su presente. Por eso, cada aula, cada libro, cada pregunta, cada maestro que inspira, son tambi\u00e9n parte de esta independencia, que seguimos construyendo y que es un proceso en constante devenir\u201d y \u201cen estos 209 a\u00f1os de historia, honramos a quienes lucharon por nuestra libertad, pero tambi\u00e9n compromet\u00e1monos con lo que falta. Una educaci\u00f3n de calidad, inclusiva, justa. Una educaci\u00f3n que no se limite a transmitir saberes ni datos, sino que forme ciudadanos libres, responsables, solidarios y cr\u00edticos. Capaces de dar sentido y transformar la realidad que lo rodea y un ciudadano solidario, justo, emp\u00e1tico, que comprenda que la patria se construye con todos los que la habitamos, incluidos, sin nadie afuera. Porque la independencia no es s\u00f3lo una fecha, es una misi\u00f3n y la libertad, m\u00e1s all\u00e1 de ser un derecho, es una responsabilidad\u201d afirm\u00f3<\/p>\n\n\n\n<figure class=\"wp-block-image size-large\"><img loading=\"lazy\" decoding=\"async\" width=\"1024\" height=\"682\" data-attachment-id=\"186038\" data-permalink=\"https:\/\/www.hoymercedes.com.ar\/principal\/2025\/07\/09\/se-conmemoro-el-dia-de-la-independencia-con-acto-y-te-deum\/dsc06038\/#main\" data-orig-file=\"https:\/\/www.hoymercedes.com.ar\/principal\/wp-content\/uploads\/2025\/07\/DSC06038.jpg\" data-orig-size=\"1319,879\" data-comments-opened=\"0\" data-image-meta=\"{&quot;aperture&quot;:&quot;0&quot;,&quot;credit&quot;:&quot;&quot;,&quot;camera&quot;:&quot;&quot;,&quot;caption&quot;:&quot;&quot;,&quot;created_timestamp&quot;:&quot;0&quot;,&quot;copyright&quot;:&quot;&quot;,&quot;focal_length&quot;:&quot;0&quot;,&quot;iso&quot;:&quot;0&quot;,&quot;shutter_speed&quot;:&quot;0&quot;,&quot;title&quot;:&quot;&quot;,&quot;orientation&quot;:&quot;0&quot;}\" data-image-title=\"DSC06038\" data-image-description=\"\" data-image-caption=\"\" data-large-file=\"https:\/\/www.hoymercedes.com.ar\/principal\/wp-content\/uploads\/2025\/07\/DSC06038-1024x682.jpg\" src=\"https:\/\/www.hoymercedes.com.ar\/principal\/wp-content\/uploads\/2025\/07\/DSC06038-1024x682.jpg\" alt=\"\" class=\"wp-image-186038\" srcset=\"https:\/\/www.hoymercedes.com.ar\/principal\/wp-content\/uploads\/2025\/07\/DSC06038-1024x682.jpg 1024w, https:\/\/www.hoymercedes.com.ar\/principal\/wp-content\/uploads\/2025\/07\/DSC06038-630x420.jpg 630w, https:\/\/www.hoymercedes.com.ar\/principal\/wp-content\/uploads\/2025\/07\/DSC06038-150x100.jpg 150w, https:\/\/www.hoymercedes.com.ar\/principal\/wp-content\/uploads\/2025\/07\/DSC06038-700x465.jpg 700w, https:\/\/www.hoymercedes.com.ar\/principal\/wp-content\/uploads\/2025\/07\/DSC06038.jpg 1319w\" sizes=\"auto, (max-width: 1024px) 100vw, 1024px\" \/><\/figure>\n\n\n\n<p><strong>Esfuerzo<\/strong><\/p>\n\n\n\n<p>Por su parte, el intendente <strong>Juan I. Ustarroz<\/strong> destac\u00f3, a la hora tomar la palabra, que \u201ctodos los que estamos ac\u00e1 sabemos por qu\u00e9 estamos, sabemos del esfuerzo, del coraje de nuestros patriotas para forjar la independencia, para librarnos de esas cadenas que nos colonizaban y as\u00ed forjar nuestro propio destino\u201d manifest\u00f3.<\/p>\n\n\n\n<p>M\u00e1s adelante coment\u00f3 que \u201ccon esa decisi\u00f3n nace nuestra naci\u00f3n y se empieza a construir nuestra historia con sus luces y sombras, como la historia de cualquier pa\u00eds\u201d<\/p>\n\n\n\n<p>Destac\u00f3 el discurso del profesor Grassi y agreg\u00f3 que \u201cvivimos en una sociedad y eso nos obliga a vincularnos con otras personas que piensan distinto, que les gustan otras cosas y que nosotros tenemos que tener la capacidad de saber que la independencia tambi\u00e9n va de la mano de la interdependencia. Esta necesidad del respeto, del v\u00ednculo, del trabajo colectivo, de asumir los desaf\u00edos que tenemos como pueblo, como Estado, como Naci\u00f3n, en este presente, pero proyectando un futuro\u201d<\/p>\n\n\n\n<p>Remarc\u00f3 el jefe comunal a los veteranos de Malvinas, las escuelas, instituciones y gran n\u00famero de asistentes que se hicieron un tiempo para estar presentes en un nuevo acto patrio.<\/p>\n\n\n\n<figure class=\"wp-block-image size-large\"><img loading=\"lazy\" decoding=\"async\" width=\"1024\" height=\"682\" data-attachment-id=\"186039\" data-permalink=\"https:\/\/www.hoymercedes.com.ar\/principal\/2025\/07\/09\/se-conmemoro-el-dia-de-la-independencia-con-acto-y-te-deum\/dsc06095\/#main\" data-orig-file=\"https:\/\/www.hoymercedes.com.ar\/principal\/wp-content\/uploads\/2025\/07\/DSC06095.jpg\" data-orig-size=\"1319,879\" data-comments-opened=\"0\" data-image-meta=\"{&quot;aperture&quot;:&quot;0&quot;,&quot;credit&quot;:&quot;&quot;,&quot;camera&quot;:&quot;&quot;,&quot;caption&quot;:&quot;&quot;,&quot;created_timestamp&quot;:&quot;0&quot;,&quot;copyright&quot;:&quot;&quot;,&quot;focal_length&quot;:&quot;0&quot;,&quot;iso&quot;:&quot;0&quot;,&quot;shutter_speed&quot;:&quot;0&quot;,&quot;title&quot;:&quot;&quot;,&quot;orientation&quot;:&quot;0&quot;}\" data-image-title=\"DSC06095\" data-image-description=\"\" data-image-caption=\"\" data-large-file=\"https:\/\/www.hoymercedes.com.ar\/principal\/wp-content\/uploads\/2025\/07\/DSC06095-1024x682.jpg\" src=\"https:\/\/www.hoymercedes.com.ar\/principal\/wp-content\/uploads\/2025\/07\/DSC06095-1024x682.jpg\" alt=\"Se conmemor\u00f3 el D\u00eda de la Independencia con acto y Te Deum\" class=\"wp-image-186039\" srcset=\"https:\/\/www.hoymercedes.com.ar\/principal\/wp-content\/uploads\/2025\/07\/DSC06095-1024x682.jpg 1024w, https:\/\/www.hoymercedes.com.ar\/principal\/wp-content\/uploads\/2025\/07\/DSC06095-630x420.jpg 630w, https:\/\/www.hoymercedes.com.ar\/principal\/wp-content\/uploads\/2025\/07\/DSC06095-150x100.jpg 150w, https:\/\/www.hoymercedes.com.ar\/principal\/wp-content\/uploads\/2025\/07\/DSC06095-700x465.jpg 700w, https:\/\/www.hoymercedes.com.ar\/principal\/wp-content\/uploads\/2025\/07\/DSC06095.jpg 1319w\" sizes=\"auto, (max-width: 1024px) 100vw, 1024px\" \/><\/figure>\n\n\n\n<p><strong>Armon\u00eda<\/strong><\/p>\n\n\n\n<p>Destac\u00f3 que \u201cen memoria de quienes lucharon con ideales, con principios, con valores, con mucha interesa, con mucho coraje y con mucha fortaleza por forjar esta querida patria, esta Naci\u00f3n que todos queremos mucho, creo que el desaf\u00edo del presente y del futuro es poder transitar los conflictos que tenemos con mayor armon\u00eda, con mayor unidad, promoviendo la diversidad del pensamiento, pensando, pensando mucho\u201d<\/p>\n\n\n\n<p>Remarc\u00f3 el rol de la ciencia, la tecnolog\u00eda, las universidades, la educaci\u00f3n en la construcci\u00f3n de un pa\u00eds mejor.<\/p>\n\n\n\n<p>\u201cEntonces hay muchas cosas que tenemos que pensar, que establecer como prioridades y poder trabajar colectivamente, encontrarnos, no perder esa potencia que tiene el v\u00ednculo humano de la cara, del cuerpo, de los gestos, del sentir, del compartir y poder realmente llevar adelante un proyecto de vida donde la convivencia que ponga, como dec\u00eda el Papa Francisco, en el centro al ser humano, a la humanidad, nos permita asumir todos los desaf\u00edos que tenemos por delante en honor y en memoria a quienes nos antecedieron, a quienes hicieron lo mejor de s\u00ed para forjar esta patria y poder hacer el uso de esta casa com\u00fan que todos habitamos y dejar las mejores condiciones para las nuevas generaciones. As\u00ed que muy feliz D\u00eda de la Patria y \u00a1Viva la Patria!\u201d<\/p>\n\n\n\n<p><strong>Participaci\u00f3n<\/strong><\/p>\n\n\n\n<p>Estuvo presente la presidenta del Concejo Escolar, Mariana San Mart\u00edn, el inspector Cristian Ponce, directivos educativos, funcionarios, familias de las y los abanderados y especialmente las escuelas Primaria y Secundaria del Colegio Santa Mar\u00eda, Misericordia, San Benito, Primaria N\u00b03, Escuela N\u00b0 23, Parroquial, Escuela N\u00b0 1, Camila Rol\u00f3n, San Luis Gonzaga, Escuela N\u00b0 19, San Antonio, San Patricio y la Escuela N\u00b0. 17 de Altamira; adem\u00e1s de las banderas de ceremonia de Bomberos Voluntarios y de la delegaci\u00f3n local de la Polic\u00eda de la Prov. de Bs. As, acompa\u00f1ados de autoridades de Gendarmer\u00eda Nacional e integrantes del Centro de Veteranos de Guerra \u00abIslas Malvinas\u00bb.<\/p>\n\n\n\n<figure class=\"wp-block-embed aligncenter is-type-rich is-provider-instagram wp-block-embed-instagram\"><div class=\"wp-block-embed__wrapper\">\n<blockquote class=\"instagram-media\" data-instgrm-captioned data-instgrm-permalink=\"https:\/\/www.instagram.com\/reel\/DL5StP4M8mj\/?utm_source=ig_embed&amp;utm_campaign=loading\" data-instgrm-version=\"14\" style=\" background:#FFF; border:0; border-radius:3px; box-shadow:0 0 1px 0 rgba(0,0,0,0.5),0 1px 10px 0 rgba(0,0,0,0.15); margin: 1px; max-width:658px; min-width:326px; padding:0; width:99.375%; width:-webkit-calc(100% - 2px); width:calc(100% - 2px);\"><div style=\"padding:16px;\"> <a href=\"https:\/\/www.instagram.com\/reel\/DL5StP4M8mj\/?utm_source=ig_embed&amp;utm_campaign=loading\" style=\" background:#FFFFFF; line-height:0; padding:0 0; text-align:center; text-decoration:none; width:100%;\" target=\"_blank\" rel=\"noopener\"> <div style=\" display: flex; flex-direction: row; align-items: center;\"> <div style=\"background-color: #F4F4F4; border-radius: 50%; flex-grow: 0; height: 40px; margin-right: 14px; width: 40px;\"><\/div> <div style=\"display: flex; flex-direction: column; flex-grow: 1; justify-content: center;\"> <div style=\" background-color: #F4F4F4; border-radius: 4px; flex-grow: 0; height: 14px; margin-bottom: 6px; width: 100px;\"><\/div> <div style=\" background-color: #F4F4F4; border-radius: 4px; flex-grow: 0; height: 14px; width: 60px;\"><\/div><\/div><\/div><div style=\"padding: 19% 0;\"><\/div> <div style=\"display:block; height:50px; margin:0 auto 12px; width:50px;\"><svg width=\"50px\" height=\"50px\" viewBox=\"0 0 60 60\" version=\"1.1\" xmlns=\"https:\/\/www.w3.org\/2000\/svg\" xmlns:xlink=\"https:\/\/www.w3.org\/1999\/xlink\"><g stroke=\"none\" stroke-width=\"1\" fill=\"none\" fill-rule=\"evenodd\"><g transform=\"translate(-511.000000, -20.000000)\" fill=\"#000000\"><g><path d=\"M556.869,30.41 C554.814,30.41 553.148,32.076 553.148,34.131 C553.148,36.186 554.814,37.852 556.869,37.852 C558.924,37.852 560.59,36.186 560.59,34.131 C560.59,32.076 558.924,30.41 556.869,30.41 M541,60.657 C535.114,60.657 530.342,55.887 530.342,50 C530.342,44.114 535.114,39.342 541,39.342 C546.887,39.342 551.658,44.114 551.658,50 C551.658,55.887 546.887,60.657 541,60.657 M541,33.886 C532.1,33.886 524.886,41.1 524.886,50 C524.886,58.899 532.1,66.113 541,66.113 C549.9,66.113 557.115,58.899 557.115,50 C557.115,41.1 549.9,33.886 541,33.886 M565.378,62.101 C565.244,65.022 564.756,66.606 564.346,67.663 C563.803,69.06 563.154,70.057 562.106,71.106 C561.058,72.155 560.06,72.803 558.662,73.347 C557.607,73.757 556.021,74.244 553.102,74.378 C549.944,74.521 548.997,74.552 541,74.552 C533.003,74.552 532.056,74.521 528.898,74.378 C525.979,74.244 524.393,73.757 523.338,73.347 C521.94,72.803 520.942,72.155 519.894,71.106 C518.846,70.057 518.197,69.06 517.654,67.663 C517.244,66.606 516.755,65.022 516.623,62.101 C516.479,58.943 516.448,57.996 516.448,50 C516.448,42.003 516.479,41.056 516.623,37.899 C516.755,34.978 517.244,33.391 517.654,32.338 C518.197,30.938 518.846,29.942 519.894,28.894 C520.942,27.846 521.94,27.196 523.338,26.654 C524.393,26.244 525.979,25.756 528.898,25.623 C532.057,25.479 533.004,25.448 541,25.448 C548.997,25.448 549.943,25.479 553.102,25.623 C556.021,25.756 557.607,26.244 558.662,26.654 C560.06,27.196 561.058,27.846 562.106,28.894 C563.154,29.942 563.803,30.938 564.346,32.338 C564.756,33.391 565.244,34.978 565.378,37.899 C565.522,41.056 565.552,42.003 565.552,50 C565.552,57.996 565.522,58.943 565.378,62.101 M570.82,37.631 C570.674,34.438 570.167,32.258 569.425,30.349 C568.659,28.377 567.633,26.702 565.965,25.035 C564.297,23.368 562.623,22.342 560.652,21.575 C558.743,20.834 556.562,20.326 553.369,20.18 C550.169,20.033 549.148,20 541,20 C532.853,20 531.831,20.033 528.631,20.18 C525.438,20.326 523.257,20.834 521.349,21.575 C519.376,22.342 517.703,23.368 516.035,25.035 C514.368,26.702 513.342,28.377 512.574,30.349 C511.834,32.258 511.326,34.438 511.181,37.631 C511.035,40.831 511,41.851 511,50 C511,58.147 511.035,59.17 511.181,62.369 C511.326,65.562 511.834,67.743 512.574,69.651 C513.342,71.625 514.368,73.296 516.035,74.965 C517.703,76.634 519.376,77.658 521.349,78.425 C523.257,79.167 525.438,79.673 528.631,79.82 C531.831,79.965 532.853,80.001 541,80.001 C549.148,80.001 550.169,79.965 553.369,79.82 C556.562,79.673 558.743,79.167 560.652,78.425 C562.623,77.658 564.297,76.634 565.965,74.965 C567.633,73.296 568.659,71.625 569.425,69.651 C570.167,67.743 570.674,65.562 570.82,62.369 C570.966,59.17 571,58.147 571,50 C571,41.851 570.966,40.831 570.82,37.631\"><\/path><\/g><\/g><\/g><\/svg><\/div><div style=\"padding-top: 8px;\"> <div style=\" color:#3897f0; font-family:Arial,sans-serif; font-size:14px; font-style:normal; font-weight:550; line-height:18px;\">View this post on Instagram<\/div><\/div><div style=\"padding: 12.5% 0;\"><\/div> <div style=\"display: flex; flex-direction: row; margin-bottom: 14px; align-items: center;\"><div> <div style=\"background-color: #F4F4F4; border-radius: 50%; height: 12.5px; width: 12.5px; transform: translateX(0px) translateY(7px);\"><\/div> <div style=\"background-color: #F4F4F4; height: 12.5px; transform: rotate(-45deg) translateX(3px) translateY(1px); width: 12.5px; flex-grow: 0; margin-right: 14px; margin-left: 2px;\"><\/div> <div style=\"background-color: #F4F4F4; border-radius: 50%; height: 12.5px; width: 12.5px; transform: translateX(9px) translateY(-18px);\"><\/div><\/div><div style=\"margin-left: 8px;\"> <div style=\" background-color: #F4F4F4; border-radius: 50%; flex-grow: 0; height: 20px; width: 20px;\"><\/div> <div style=\" width: 0; height: 0; border-top: 2px solid transparent; border-left: 6px solid #f4f4f4; border-bottom: 2px solid transparent; transform: translateX(16px) translateY(-4px) rotate(30deg)\"><\/div><\/div><div style=\"margin-left: auto;\"> <div style=\" width: 0px; border-top: 8px solid #F4F4F4; border-right: 8px solid transparent; transform: translateY(16px);\"><\/div> <div style=\" background-color: #F4F4F4; flex-grow: 0; height: 12px; width: 16px; transform: translateY(-4px);\"><\/div> <div style=\" width: 0; height: 0; border-top: 8px solid #F4F4F4; border-left: 8px solid transparent; transform: translateY(-4px) translateX(8px);\"><\/div><\/div><\/div> <div style=\"display: flex; flex-direction: column; flex-grow: 1; justify-content: center; margin-bottom: 24px;\"> <div style=\" background-color: #F4F4F4; border-radius: 4px; flex-grow: 0; height: 14px; margin-bottom: 6px; width: 224px;\"><\/div> <div style=\" background-color: #F4F4F4; border-radius: 4px; flex-grow: 0; height: 14px; width: 144px;\"><\/div><\/div><\/a><p style=\" color:#c9c8cd; font-family:Arial,sans-serif; font-size:14px; line-height:17px; margin-bottom:0; margin-top:8px; overflow:hidden; padding:8px 0 7px; text-align:center; text-overflow:ellipsis; white-space:nowrap;\"><a href=\"https:\/\/www.instagram.com\/reel\/DL5StP4M8mj\/?utm_source=ig_embed&amp;utm_campaign=loading\" style=\" color:#c9c8cd; font-family:Arial,sans-serif; font-size:14px; font-style:normal; font-weight:normal; line-height:17px; text-decoration:none;\" target=\"_blank\" rel=\"noopener\">A post shared by HoyMercedes (@hoymercedes)<\/a><\/p><\/div><\/blockquote><script async src=\"\/\/platform.instagram.com\/en_US\/embeds.js\"><\/script>\n<\/div><\/figure>\n","protected":false},"excerpt":{"rendered":"<p>Un importante n\u00famero de escuelas, instituciones, vecinos y vecinos fueron parte del acto protocolar por el D\u00eda de la Independencia, &#8230; <a title=\"Se conmemor\u00f3 el D\u00eda de la Independencia con acto y Te Deum\" class=\"read-more\" href=\"https:\/\/www.hoymercedes.com.ar\/principal\/2025\/07\/09\/se-conmemoro-el-dia-de-la-independencia-con-acto-y-te-deum\/\" aria-label=\"Leer m\u00e1s sobre Se conmemor\u00f3 el D\u00eda de la Independencia con acto y Te Deum\">Leer m\u00e1s<\/a><\/p>\n","protected":false},"author":1,"featured_media":186036,"comment_status":"closed","ping_status":"open","sticky":false,"template":"","format":"standard","meta":{"_monsterinsights_skip_tracking":false,"_monsterinsights_sitenote_active":false,"_monsterinsights_sitenote_note":"","_monsterinsights_sitenote_category":0,"jetpack_post_was_ever_published":false,"_jetpack_newsletter_access":"","_jetpack_dont_email_post_to_subs":false,"_jetpack_newsletter_tier_id":0,"_jetpack_memberships_contains_paywalled_content":false,"_jetpack_memberships_contains_paid_content":false,"footnotes":"","jetpack_publicize_message":"","jetpack_publicize_feature_enabled":true,"jetpack_social_post_already_shared":false,"jetpack_social_options":{"image_generator_settings":{"template":"highway","default_image_id":0,"enabled":false},"version":2},"_wpas_customize_per_network":false},"categories":[8],"tags":[19606,11495,20552,11511,9336],"class_list":["post-186035","post","type-post","status-publish","format-standard","has-post-thumbnail","hentry","category-sociedad","tag-jorge-eduardo","tag-acto-9-de-julio","tag-arzovismo-mercedes-lujan","tag-jorge-eduardo-scheinig","tag-tedeum","generate-columns","tablet-grid-50","mobile-grid-100","grid-parent","grid-50"],"jetpack_publicize_connections":[],"jetpack_featured_media_url":"https:\/\/www.hoymercedes.com.ar\/principal\/wp-content\/uploads\/2025\/07\/DSC06068.jpg","wps_subtitle":"","jetpack_sharing_enabled":true,"_links":{"self":[{"href":"https:\/\/www.hoymercedes.com.ar\/principal\/wp-json\/wp\/v2\/posts\/186035","targetHints":{"allow":["GET"]}}],"collection":[{"href":"https:\/\/www.hoymercedes.com.ar\/principal\/wp-json\/wp\/v2\/posts"}],"about":[{"href":"https:\/\/www.hoymercedes.com.ar\/principal\/wp-json\/wp\/v2\/types\/post"}],"author":[{"embeddable":true,"href":"https:\/\/www.hoymercedes.com.ar\/principal\/wp-json\/wp\/v2\/users\/1"}],"replies":[{"embeddable":true,"href":"https:\/\/www.hoymercedes.com.ar\/principal\/wp-json\/wp\/v2\/comments?post=186035"}],"version-history":[{"count":1,"href":"https:\/\/www.hoymercedes.com.ar\/principal\/wp-json\/wp\/v2\/posts\/186035\/revisions"}],"predecessor-version":[{"id":186041,"href":"https:\/\/www.hoymercedes.com.ar\/principal\/wp-json\/wp\/v2\/posts\/186035\/revisions\/186041"}],"wp:featuredmedia":[{"embeddable":true,"href":"https:\/\/www.hoymercedes.com.ar\/principal\/wp-json\/wp\/v2\/media\/186036"}],"wp:attachment":[{"href":"https:\/\/www.hoymercedes.com.ar\/principal\/wp-json\/wp\/v2\/media?parent=186035"}],"wp:term":[{"taxonomy":"category","embeddable":true,"href":"https:\/\/www.hoymercedes.com.ar\/principal\/wp-json\/wp\/v2\/categories?post=186035"},{"taxonomy":"post_tag","embeddable":true,"href":"https:\/\/www.hoymercedes.com.ar\/principal\/wp-json\/wp\/v2\/tags?post=186035"}],"curies":[{"name":"wp","href":"https:\/\/api.w.org\/{rel}","templated":true}]}}