{"id":186087,"date":"2025-07-11T16:00:07","date_gmt":"2025-07-11T19:00:07","guid":{"rendered":"https:\/\/www.hoymercedes.com.ar\/principal\/?p=186087"},"modified":"2025-07-11T16:00:09","modified_gmt":"2025-07-11T19:00:09","slug":"artista-suipachense-canto-en-el-colon-en-homenaje-a-mercedes-sosa","status":"publish","type":"post","link":"https:\/\/www.hoymercedes.com.ar\/principal\/2025\/07\/11\/artista-suipachense-canto-en-el-colon-en-homenaje-a-mercedes-sosa\/","title":{"rendered":"Artista suipachense cant\u00f3 en el Col\u00f3n en homenaje a Mercedes Sosa"},"content":{"rendered":"\n<figure class=\"wp-block-image size-full is-resized\"><img loading=\"lazy\" decoding=\"async\" width=\"837\" height=\"437\" data-attachment-id=\"186104\" data-permalink=\"https:\/\/www.hoymercedes.com.ar\/principal\/2025\/07\/11\/artista-suipachense-canto-en-el-colon-en-homenaje-a-mercedes-sosa\/homenaje-mercedes-sosa\/#main\" data-orig-file=\"https:\/\/www.hoymercedes.com.ar\/principal\/wp-content\/uploads\/2025\/07\/Homenaje-Mercedes-Sosa.jpg\" data-orig-size=\"837,437\" data-comments-opened=\"0\" data-image-meta=\"{&quot;aperture&quot;:&quot;0&quot;,&quot;credit&quot;:&quot;&quot;,&quot;camera&quot;:&quot;&quot;,&quot;caption&quot;:&quot;&quot;,&quot;created_timestamp&quot;:&quot;0&quot;,&quot;copyright&quot;:&quot;&quot;,&quot;focal_length&quot;:&quot;0&quot;,&quot;iso&quot;:&quot;0&quot;,&quot;shutter_speed&quot;:&quot;0&quot;,&quot;title&quot;:&quot;&quot;,&quot;orientation&quot;:&quot;0&quot;}\" data-image-title=\"Artista suipachense cant\u00f3 en el Col\u00f3n en homenaje a Mercedes Sosa\" data-image-description=\"&lt;p&gt;Artista suipachense cant\u00f3 en el Col\u00f3n en homenaje a Mercedes Sosa&lt;\/p&gt;\n\" data-image-caption=\"&lt;p&gt;Artista suipachense cant\u00f3 en el Col\u00f3n en homenaje a Mercedes Sosa&lt;\/p&gt;\n\" data-large-file=\"https:\/\/www.hoymercedes.com.ar\/principal\/wp-content\/uploads\/2025\/07\/Homenaje-Mercedes-Sosa.jpg\" src=\"https:\/\/www.hoymercedes.com.ar\/principal\/wp-content\/uploads\/2025\/07\/Homenaje-Mercedes-Sosa.jpg\" alt=\"\" class=\"wp-image-186104\" style=\"width:960px;height:auto\" srcset=\"https:\/\/www.hoymercedes.com.ar\/principal\/wp-content\/uploads\/2025\/07\/Homenaje-Mercedes-Sosa.jpg 837w, https:\/\/www.hoymercedes.com.ar\/principal\/wp-content\/uploads\/2025\/07\/Homenaje-Mercedes-Sosa-630x329.jpg 630w, https:\/\/www.hoymercedes.com.ar\/principal\/wp-content\/uploads\/2025\/07\/Homenaje-Mercedes-Sosa-150x78.jpg 150w\" sizes=\"auto, (max-width: 837px) 100vw, 837px\" \/><\/figure>\n\n\n\n<p>La vecina y docente Luciana Racchi particip\u00f3 en el Teatro Col\u00f3n de un homenaje a la artista Mercedes Sosa, organizado por el canal de streaming OLGA.<\/p>\n\n\n\n<p>En una noche \u00fanica y cargada de emoci\u00f3n, OLGA \u2014el canal de streaming que revoluciona la cultura digital\u2014 present\u00f3 \u201cGracias Mercedes\u201d en el Teatro Col\u00f3n, un homenaje sin precedentes a Mercedes Sosa, en coincidencia con el aniversario de su nacimiento y el 9 de julio, D\u00eda de la Independencia argentina.<br>All\u00ed particip\u00f3 la artista y docente suipachense junto a su grupo de canto \u201cOtra ronda\u201d, una agrupaci\u00f3n musical integrada por mujeres cantantes. \u201cFelicitamos a Luciana Racchi, artista y docente de nuestra ciudad por su participaci\u00f3n en el homenaje a Mercedes Sosa. Es un orgullo para la ciudad\u201d, poste\u00f3 el intendente Juan Luis Mancini.<br>El homenaje, impulsado como parte del ciclo \u201cOLGA Day\u201d, reuni\u00f3 a un line up de lujo que celebr\u00f3 el legado de la \u201cNegra\u201d Sosa, una de las voces m\u00e1s influyentes de Am\u00e9rica Latina. Soledad, Cazzu, Pedro Aznar, Nahuel Pennisi, Jairo, Sandra Mihanovich, Alejandro Lerner, Hilda Lizarazu, Fandermole, \u00c1ngela Torres, Fer Dente, Lidia Borda, Ahyre, Ligia Piro y Maxi Esp\u00edndola, entre otros, brillaron sobre el escenario m\u00e1s emblem\u00e1tico del pa\u00eds.<\/p>\n","protected":false},"excerpt":{"rendered":"<p>La vecina y docente Luciana Racchi particip\u00f3 en el Teatro Col\u00f3n de un homenaje a la artista Mercedes Sosa, organizado &#8230; <a title=\"Artista suipachense cant\u00f3 en el Col\u00f3n en homenaje a Mercedes Sosa\" class=\"read-more\" href=\"https:\/\/www.hoymercedes.com.ar\/principal\/2025\/07\/11\/artista-suipachense-canto-en-el-colon-en-homenaje-a-mercedes-sosa\/\" aria-label=\"Leer m\u00e1s sobre Artista suipachense cant\u00f3 en el Col\u00f3n en homenaje a Mercedes Sosa\">Leer m\u00e1s<\/a><\/p>\n","protected":false},"author":1,"featured_media":186104,"comment_status":"closed","ping_status":"open","sticky":false,"template":"","format":"standard","meta":{"_monsterinsights_skip_tracking":false,"_monsterinsights_sitenote_active":false,"_monsterinsights_sitenote_note":"","_monsterinsights_sitenote_category":0,"jetpack_post_was_ever_published":false,"_jetpack_newsletter_access":"","_jetpack_dont_email_post_to_subs":false,"_jetpack_newsletter_tier_id":0,"_jetpack_memberships_contains_paywalled_content":false,"_jetpack_memberships_contains_paid_content":false,"footnotes":"","jetpack_publicize_message":"","jetpack_publicize_feature_enabled":true,"jetpack_social_post_already_shared":false,"jetpack_social_options":{"image_generator_settings":{"template":"highway","default_image_id":0,"enabled":false},"version":2},"_wpas_customize_per_network":false},"categories":[104],"tags":[20555,559],"class_list":["post-186087","post","type-post","status-publish","format-standard","has-post-thumbnail","hentry","category-cultura","tag-luciana-racchi","tag-suipacha","generate-columns","tablet-grid-50","mobile-grid-100","grid-parent","grid-50"],"jetpack_publicize_connections":[],"jetpack_featured_media_url":"https:\/\/www.hoymercedes.com.ar\/principal\/wp-content\/uploads\/2025\/07\/Homenaje-Mercedes-Sosa.jpg","wps_subtitle":"Homenaje a la Negra ","jetpack_sharing_enabled":true,"_links":{"self":[{"href":"https:\/\/www.hoymercedes.com.ar\/principal\/wp-json\/wp\/v2\/posts\/186087","targetHints":{"allow":["GET"]}}],"collection":[{"href":"https:\/\/www.hoymercedes.com.ar\/principal\/wp-json\/wp\/v2\/posts"}],"about":[{"href":"https:\/\/www.hoymercedes.com.ar\/principal\/wp-json\/wp\/v2\/types\/post"}],"author":[{"embeddable":true,"href":"https:\/\/www.hoymercedes.com.ar\/principal\/wp-json\/wp\/v2\/users\/1"}],"replies":[{"embeddable":true,"href":"https:\/\/www.hoymercedes.com.ar\/principal\/wp-json\/wp\/v2\/comments?post=186087"}],"version-history":[{"count":2,"href":"https:\/\/www.hoymercedes.com.ar\/principal\/wp-json\/wp\/v2\/posts\/186087\/revisions"}],"predecessor-version":[{"id":186106,"href":"https:\/\/www.hoymercedes.com.ar\/principal\/wp-json\/wp\/v2\/posts\/186087\/revisions\/186106"}],"wp:featuredmedia":[{"embeddable":true,"href":"https:\/\/www.hoymercedes.com.ar\/principal\/wp-json\/wp\/v2\/media\/186104"}],"wp:attachment":[{"href":"https:\/\/www.hoymercedes.com.ar\/principal\/wp-json\/wp\/v2\/media?parent=186087"}],"wp:term":[{"taxonomy":"category","embeddable":true,"href":"https:\/\/www.hoymercedes.com.ar\/principal\/wp-json\/wp\/v2\/categories?post=186087"},{"taxonomy":"post_tag","embeddable":true,"href":"https:\/\/www.hoymercedes.com.ar\/principal\/wp-json\/wp\/v2\/tags?post=186087"}],"curies":[{"name":"wp","href":"https:\/\/api.w.org\/{rel}","templated":true}]}}