{"id":186145,"date":"2025-07-13T07:42:00","date_gmt":"2025-07-13T10:42:00","guid":{"rendered":"https:\/\/www.hoymercedes.com.ar\/principal\/?p=186145"},"modified":"2025-07-12T19:49:12","modified_gmt":"2025-07-12T22:49:12","slug":"tdah-12-senales-para-detectarlo-a-tiempo-y-buscar-ayuda-profesional","status":"publish","type":"post","link":"https:\/\/www.hoymercedes.com.ar\/principal\/2025\/07\/13\/tdah-12-senales-para-detectarlo-a-tiempo-y-buscar-ayuda-profesional\/","title":{"rendered":"TDAH: 12 se\u00f1ales para detectarlo a tiempo y buscar ayuda profesional"},"content":{"rendered":"\n<p>Chicos distra\u00eddos, que parecen estar en su mundo, inquietos, que interrumpen, olvidan cosas, o se frustran con facilidad. Estas son algunas de las se\u00f1ales que podr\u00edan indicar TDAH, un trastorno que, detectado a tiempo, puede abrir puertas a nuevas oportunidades y evitar a\u00f1os de frustraci\u00f3n.<\/p>\n\n\n\n<figure class=\"wp-block-image size-large\"><img loading=\"lazy\" decoding=\"async\" width=\"1024\" height=\"576\" data-attachment-id=\"186146\" data-permalink=\"https:\/\/www.hoymercedes.com.ar\/principal\/2025\/07\/13\/tdah-12-senales-para-detectarlo-a-tiempo-y-buscar-ayuda-profesional\/image-144\/#main\" data-orig-file=\"https:\/\/www.hoymercedes.com.ar\/principal\/wp-content\/uploads\/2025\/07\/image-scaled.png\" data-orig-size=\"2560,1440\" data-comments-opened=\"0\" data-image-meta=\"{&quot;aperture&quot;:&quot;0&quot;,&quot;credit&quot;:&quot;&quot;,&quot;camera&quot;:&quot;&quot;,&quot;caption&quot;:&quot;&quot;,&quot;created_timestamp&quot;:&quot;0&quot;,&quot;copyright&quot;:&quot;&quot;,&quot;focal_length&quot;:&quot;0&quot;,&quot;iso&quot;:&quot;0&quot;,&quot;shutter_speed&quot;:&quot;0&quot;,&quot;title&quot;:&quot;&quot;,&quot;orientation&quot;:&quot;0&quot;}\" data-image-title=\"image\" data-image-description=\"\" data-image-caption=\"\" data-large-file=\"https:\/\/www.hoymercedes.com.ar\/principal\/wp-content\/uploads\/2025\/07\/image-1024x576.png\" src=\"https:\/\/www.hoymercedes.com.ar\/principal\/wp-content\/uploads\/2025\/07\/image-1024x576.png\" alt=\"\" class=\"wp-image-186146\" srcset=\"https:\/\/www.hoymercedes.com.ar\/principal\/wp-content\/uploads\/2025\/07\/image-1024x576.png 1024w, https:\/\/www.hoymercedes.com.ar\/principal\/wp-content\/uploads\/2025\/07\/image-630x354.png 630w, https:\/\/www.hoymercedes.com.ar\/principal\/wp-content\/uploads\/2025\/07\/image-150x84.png 150w, https:\/\/www.hoymercedes.com.ar\/principal\/wp-content\/uploads\/2025\/07\/image-1536x864.png 1536w, https:\/\/www.hoymercedes.com.ar\/principal\/wp-content\/uploads\/2025\/07\/image-2048x1152.png 2048w\" sizes=\"auto, (max-width: 1024px) 100vw, 1024px\" \/><\/figure>\n\n\n\n<p>Cada 13 de julio se conmemora el D\u00eda Internacional del TDAH, fecha en la que se busca generar conciencia sobre un trastorno que afecta la forma en que el cerebro procesa la informaci\u00f3n y que no es, como muchos creen, simplemente falta de voluntad o mala conducta.<\/p>\n\n\n\n<p>Aunque suele manifestarse en la infancia, a menudo pasa desapercibido o se confunde con comportamientos propios de chicos inquietos o distra\u00eddos. Detectar las se\u00f1ales a tiempo y buscar ayuda profesional puede marcar la diferencia entre un camino lleno de dificultades y otro en el que los chicos puedan desarrollar plenamente su potencial.<\/p>\n\n\n\n<p>\u201cCuanto m\u00e1s temprano se identifique el TDAH, mejores son las herramientas que se pueden ofrecer. Existen tratamientos y estrategias que ayudan a los chicos a organizarse, a mejorar su atenci\u00f3n y a fortalecer su autoestima\u201d comenta la Lic. Emilia Espinosa, Psic\u00f3loga del CMC Mendoza (MP 4916). <\/p>\n\n\n\n<p>Entre las se\u00f1ales que podr\u00edan indicar la presencia de TDAH se encuentran:<\/p>\n\n\n\n<ol class=\"wp-block-list\">\n<li>Se distraen f\u00e1cilmente, incluso con tareas sencillas.<\/li>\n\n\n\n<li>Parecen \u201cestar en las nubes\u201d o no escuchar cuando se les habla.<\/li>\n\n\n\n<li>Olvidan cosas o pierden objetos con frecuencia.<\/li>\n\n\n\n<li>Les cuesta organizarse o seguir instrucciones.<\/li>\n\n\n\n<li>Hablan en exceso o interrumpen a otros constantemente.<\/li>\n\n\n\n<li>Se mueven todo el tiempo, incluso en situaciones que requieren quietud.<\/li>\n\n\n\n<li>Tienen dificultad para esperar su turno o se muestran impacientes.<\/li>\n\n\n\n<li>Su rendimiento escolar no refleja su capacidad intelectual.<\/li>\n\n\n\n<li>Se frustran con facilidad o tienen cambios de humor repentinos.<\/li>\n\n\n\n<li>Presentan problemas para llevarse bien con compa\u00f1eros o adultos.<\/li>\n\n\n\n<li>Suelen empezar tareas con entusiasmo, pero las abandonan r\u00e1pidamente.<\/li>\n\n\n\n<li>Parecen actuar sin pensar en las consecuencias.<\/li>\n<\/ol>\n\n\n\n<p>\u201cMuchas familias llegan al consultorio preocupadas porque creen que su hijo no presta atenci\u00f3n a prop\u00f3sito o se porta mal. Es fundamental entender que el TDAH no es falta de ganas ni de educaci\u00f3n, sino una manera diferente de procesar la informaci\u00f3n y responder al entorno\u201d, explican los profesionales.<\/p>\n\n\n\n<p>Los especialistas insisten en que un diagn\u00f3stico no significa etiquetar ni limitar a un chico. Al contrario, permite acceder a estrategias, terapias y, en algunos casos, medicaci\u00f3n que pueden mejorar enormemente su calidad de vida.<\/p>\n\n\n\n<p>Padres y docentes cumplen un rol clave: si algo en el comportamiento de un chico genera preocupaci\u00f3n, lo mejor es no quedarse con la duda y consultar a un profesional. Porque detr\u00e1s de cada chico con TDAH hay talento, curiosidad y ganas de aprender, solo necesitan las herramientas &nbsp;adecuadas para hacerlo.<\/p>\n","protected":false},"excerpt":{"rendered":"<p>Chicos distra\u00eddos, que parecen estar en su mundo, inquietos, que interrumpen, olvidan cosas, o se frustran con facilidad. Estas son &#8230; <a title=\"TDAH: 12 se\u00f1ales para detectarlo a tiempo y buscar ayuda profesional\" class=\"read-more\" href=\"https:\/\/www.hoymercedes.com.ar\/principal\/2025\/07\/13\/tdah-12-senales-para-detectarlo-a-tiempo-y-buscar-ayuda-profesional\/\" aria-label=\"Leer m\u00e1s sobre TDAH: 12 se\u00f1ales para detectarlo a tiempo y buscar ayuda profesional\">Leer m\u00e1s<\/a><\/p>\n","protected":false},"author":1,"featured_media":186146,"comment_status":"closed","ping_status":"open","sticky":false,"template":"","format":"standard","meta":{"_monsterinsights_skip_tracking":false,"_monsterinsights_sitenote_active":false,"_monsterinsights_sitenote_note":"","_monsterinsights_sitenote_category":0,"jetpack_post_was_ever_published":false,"_jetpack_newsletter_access":"","_jetpack_dont_email_post_to_subs":false,"_jetpack_newsletter_tier_id":0,"_jetpack_memberships_contains_paywalled_content":false,"_jetpack_memberships_contains_paid_content":false,"footnotes":"","jetpack_publicize_message":"","jetpack_publicize_feature_enabled":true,"jetpack_social_post_already_shared":true,"jetpack_social_options":{"image_generator_settings":{"template":"highway","default_image_id":0,"enabled":false},"version":2},"_wpas_customize_per_network":false},"categories":[8],"tags":[],"class_list":["post-186145","post","type-post","status-publish","format-standard","has-post-thumbnail","hentry","category-sociedad","generate-columns","tablet-grid-50","mobile-grid-100","grid-parent","grid-50"],"jetpack_publicize_connections":[],"jetpack_featured_media_url":"https:\/\/www.hoymercedes.com.ar\/principal\/wp-content\/uploads\/2025\/07\/image-scaled.png","wps_subtitle":"13 de julio - D\u00eda Internacional del TDAH","jetpack_sharing_enabled":true,"_links":{"self":[{"href":"https:\/\/www.hoymercedes.com.ar\/principal\/wp-json\/wp\/v2\/posts\/186145","targetHints":{"allow":["GET"]}}],"collection":[{"href":"https:\/\/www.hoymercedes.com.ar\/principal\/wp-json\/wp\/v2\/posts"}],"about":[{"href":"https:\/\/www.hoymercedes.com.ar\/principal\/wp-json\/wp\/v2\/types\/post"}],"author":[{"embeddable":true,"href":"https:\/\/www.hoymercedes.com.ar\/principal\/wp-json\/wp\/v2\/users\/1"}],"replies":[{"embeddable":true,"href":"https:\/\/www.hoymercedes.com.ar\/principal\/wp-json\/wp\/v2\/comments?post=186145"}],"version-history":[{"count":2,"href":"https:\/\/www.hoymercedes.com.ar\/principal\/wp-json\/wp\/v2\/posts\/186145\/revisions"}],"predecessor-version":[{"id":186148,"href":"https:\/\/www.hoymercedes.com.ar\/principal\/wp-json\/wp\/v2\/posts\/186145\/revisions\/186148"}],"wp:featuredmedia":[{"embeddable":true,"href":"https:\/\/www.hoymercedes.com.ar\/principal\/wp-json\/wp\/v2\/media\/186146"}],"wp:attachment":[{"href":"https:\/\/www.hoymercedes.com.ar\/principal\/wp-json\/wp\/v2\/media?parent=186145"}],"wp:term":[{"taxonomy":"category","embeddable":true,"href":"https:\/\/www.hoymercedes.com.ar\/principal\/wp-json\/wp\/v2\/categories?post=186145"},{"taxonomy":"post_tag","embeddable":true,"href":"https:\/\/www.hoymercedes.com.ar\/principal\/wp-json\/wp\/v2\/tags?post=186145"}],"curies":[{"name":"wp","href":"https:\/\/api.w.org\/{rel}","templated":true}]}}