{"id":186149,"date":"2025-07-12T20:02:22","date_gmt":"2025-07-12T23:02:22","guid":{"rendered":"https:\/\/www.hoymercedes.com.ar\/principal\/?p=186149"},"modified":"2025-07-12T20:02:24","modified_gmt":"2025-07-12T23:02:24","slug":"refacciones-en-la-sociedad-italiana","status":"publish","type":"post","link":"https:\/\/www.hoymercedes.com.ar\/principal\/2025\/07\/12\/refacciones-en-la-sociedad-italiana\/","title":{"rendered":"Refacciones en la Sociedad Italiana"},"content":{"rendered":"\n<p>Desde la Sociedad Italiana de Socorros Mutuos de Mercedes informaron que est\u00e1n iniciando refacciones en su sede principal de calle 26, as\u00ed como en los panteones que posee en el Cementerio Municipal. <\/p>\n\n\n<div class=\"wp-block-image\">\n<figure class=\"aligncenter size-full\"><img loading=\"lazy\" decoding=\"async\" width=\"800\" height=\"533\" data-attachment-id=\"186153\" data-permalink=\"https:\/\/www.hoymercedes.com.ar\/principal\/2025\/07\/12\/refacciones-en-la-sociedad-italiana\/whatsapp-image-2025-07-11-at-19-12-49-1\/#main\" data-orig-file=\"https:\/\/www.hoymercedes.com.ar\/principal\/wp-content\/uploads\/2025\/07\/WhatsApp-Image-2025-07-11-at-19.12.49-1.jpg\" data-orig-size=\"800,533\" data-comments-opened=\"0\" data-image-meta=\"{&quot;aperture&quot;:&quot;0&quot;,&quot;credit&quot;:&quot;&quot;,&quot;camera&quot;:&quot;&quot;,&quot;caption&quot;:&quot;&quot;,&quot;created_timestamp&quot;:&quot;0&quot;,&quot;copyright&quot;:&quot;&quot;,&quot;focal_length&quot;:&quot;0&quot;,&quot;iso&quot;:&quot;0&quot;,&quot;shutter_speed&quot;:&quot;0&quot;,&quot;title&quot;:&quot;&quot;,&quot;orientation&quot;:&quot;0&quot;}\" data-image-title=\"WhatsApp Image 2025-07-11 at 19.12.49 (1)\" data-image-description=\"\" data-image-caption=\"\" data-large-file=\"https:\/\/www.hoymercedes.com.ar\/principal\/wp-content\/uploads\/2025\/07\/WhatsApp-Image-2025-07-11-at-19.12.49-1.jpg\" src=\"https:\/\/www.hoymercedes.com.ar\/principal\/wp-content\/uploads\/2025\/07\/WhatsApp-Image-2025-07-11-at-19.12.49-1.jpg\" alt=\"\" class=\"wp-image-186153\" srcset=\"https:\/\/www.hoymercedes.com.ar\/principal\/wp-content\/uploads\/2025\/07\/WhatsApp-Image-2025-07-11-at-19.12.49-1.jpg 800w, https:\/\/www.hoymercedes.com.ar\/principal\/wp-content\/uploads\/2025\/07\/WhatsApp-Image-2025-07-11-at-19.12.49-1-630x420.jpg 630w, https:\/\/www.hoymercedes.com.ar\/principal\/wp-content\/uploads\/2025\/07\/WhatsApp-Image-2025-07-11-at-19.12.49-1-150x100.jpg 150w, https:\/\/www.hoymercedes.com.ar\/principal\/wp-content\/uploads\/2025\/07\/WhatsApp-Image-2025-07-11-at-19.12.49-1-700x465.jpg 700w\" sizes=\"auto, (max-width: 800px) 100vw, 800px\" \/><\/figure>\n<\/div>\n\n\n<p>El presidente de la instituci\u00f3n,\u00a0Ernesto Horacio R\u00edssola-Risuleo, detall\u00f3 los trabajos programados y en ejecuci\u00f3n. Entre ellos se encuentra la renovaci\u00f3n total de techos del sal\u00f3n principal de nuestra sede de calle 26, con montaje de cielorrasos de PVC. La misma ser\u00e1 llevada a cabo durante el receso invernal que inicia el d\u00eda 21 de julio.<\/p>\n\n\n\n<p>As\u00edmismo, estar\u00e1n haciendo tareas de acondicionamiento, colocaci\u00f3n de membranas y limpieza de techos y desag\u00fces de los panteones 4\/6 y 6\/6 del Cementerio Municipal pertenecientes a la Sociedad Italiana de Mercedes. <\/p>\n\n\n<div class=\"wp-block-image\">\n<figure class=\"aligncenter size-full\"><img loading=\"lazy\" decoding=\"async\" width=\"800\" height=\"533\" data-attachment-id=\"186152\" data-permalink=\"https:\/\/www.hoymercedes.com.ar\/principal\/2025\/07\/12\/refacciones-en-la-sociedad-italiana\/whatsapp-image-2025-07-11-at-19-12-49\/#main\" data-orig-file=\"https:\/\/www.hoymercedes.com.ar\/principal\/wp-content\/uploads\/2025\/07\/WhatsApp-Image-2025-07-11-at-19.12.49.jpg\" data-orig-size=\"800,533\" data-comments-opened=\"0\" data-image-meta=\"{&quot;aperture&quot;:&quot;0&quot;,&quot;credit&quot;:&quot;&quot;,&quot;camera&quot;:&quot;&quot;,&quot;caption&quot;:&quot;&quot;,&quot;created_timestamp&quot;:&quot;0&quot;,&quot;copyright&quot;:&quot;&quot;,&quot;focal_length&quot;:&quot;0&quot;,&quot;iso&quot;:&quot;0&quot;,&quot;shutter_speed&quot;:&quot;0&quot;,&quot;title&quot;:&quot;&quot;,&quot;orientation&quot;:&quot;0&quot;}\" data-image-title=\"WhatsApp Image 2025-07-11 at 19.12.49\" data-image-description=\"\" data-image-caption=\"\" data-large-file=\"https:\/\/www.hoymercedes.com.ar\/principal\/wp-content\/uploads\/2025\/07\/WhatsApp-Image-2025-07-11-at-19.12.49.jpg\" src=\"https:\/\/www.hoymercedes.com.ar\/principal\/wp-content\/uploads\/2025\/07\/WhatsApp-Image-2025-07-11-at-19.12.49.jpg\" alt=\"\" class=\"wp-image-186152\" srcset=\"https:\/\/www.hoymercedes.com.ar\/principal\/wp-content\/uploads\/2025\/07\/WhatsApp-Image-2025-07-11-at-19.12.49.jpg 800w, https:\/\/www.hoymercedes.com.ar\/principal\/wp-content\/uploads\/2025\/07\/WhatsApp-Image-2025-07-11-at-19.12.49-630x420.jpg 630w, https:\/\/www.hoymercedes.com.ar\/principal\/wp-content\/uploads\/2025\/07\/WhatsApp-Image-2025-07-11-at-19.12.49-150x100.jpg 150w, https:\/\/www.hoymercedes.com.ar\/principal\/wp-content\/uploads\/2025\/07\/WhatsApp-Image-2025-07-11-at-19.12.49-700x465.jpg 700w\" sizes=\"auto, (max-width: 800px) 100vw, 800px\" \/><\/figure>\n<\/div>","protected":false},"excerpt":{"rendered":"<p>Desde la Sociedad Italiana de Socorros Mutuos de Mercedes informaron que est\u00e1n iniciando refacciones en su sede principal de calle &#8230; <a title=\"Refacciones en la Sociedad Italiana\" class=\"read-more\" href=\"https:\/\/www.hoymercedes.com.ar\/principal\/2025\/07\/12\/refacciones-en-la-sociedad-italiana\/\" aria-label=\"Leer m\u00e1s sobre Refacciones en la Sociedad Italiana\">Leer m\u00e1s<\/a><\/p>\n","protected":false},"author":1,"featured_media":186152,"comment_status":"closed","ping_status":"open","sticky":false,"template":"","format":"standard","meta":{"_monsterinsights_skip_tracking":false,"_monsterinsights_sitenote_active":false,"_monsterinsights_sitenote_note":"","_monsterinsights_sitenote_category":0,"jetpack_post_was_ever_published":false,"_jetpack_newsletter_access":"","_jetpack_dont_email_post_to_subs":false,"_jetpack_newsletter_tier_id":0,"_jetpack_memberships_contains_paywalled_content":false,"_jetpack_memberships_contains_paid_content":false,"footnotes":"","jetpack_publicize_message":"","jetpack_publicize_feature_enabled":true,"jetpack_social_post_already_shared":false,"jetpack_social_options":{"image_generator_settings":{"template":"highway","default_image_id":0,"enabled":false},"version":2},"_wpas_customize_per_network":false},"categories":[8],"tags":[],"class_list":["post-186149","post","type-post","status-publish","format-standard","has-post-thumbnail","hentry","category-sociedad","generate-columns","tablet-grid-50","mobile-grid-100","grid-parent","grid-50"],"jetpack_publicize_connections":[],"jetpack_featured_media_url":"https:\/\/www.hoymercedes.com.ar\/principal\/wp-content\/uploads\/2025\/07\/WhatsApp-Image-2025-07-11-at-19.12.49.jpg","wps_subtitle":"","jetpack_sharing_enabled":true,"_links":{"self":[{"href":"https:\/\/www.hoymercedes.com.ar\/principal\/wp-json\/wp\/v2\/posts\/186149","targetHints":{"allow":["GET"]}}],"collection":[{"href":"https:\/\/www.hoymercedes.com.ar\/principal\/wp-json\/wp\/v2\/posts"}],"about":[{"href":"https:\/\/www.hoymercedes.com.ar\/principal\/wp-json\/wp\/v2\/types\/post"}],"author":[{"embeddable":true,"href":"https:\/\/www.hoymercedes.com.ar\/principal\/wp-json\/wp\/v2\/users\/1"}],"replies":[{"embeddable":true,"href":"https:\/\/www.hoymercedes.com.ar\/principal\/wp-json\/wp\/v2\/comments?post=186149"}],"version-history":[{"count":1,"href":"https:\/\/www.hoymercedes.com.ar\/principal\/wp-json\/wp\/v2\/posts\/186149\/revisions"}],"predecessor-version":[{"id":186154,"href":"https:\/\/www.hoymercedes.com.ar\/principal\/wp-json\/wp\/v2\/posts\/186149\/revisions\/186154"}],"wp:featuredmedia":[{"embeddable":true,"href":"https:\/\/www.hoymercedes.com.ar\/principal\/wp-json\/wp\/v2\/media\/186152"}],"wp:attachment":[{"href":"https:\/\/www.hoymercedes.com.ar\/principal\/wp-json\/wp\/v2\/media?parent=186149"}],"wp:term":[{"taxonomy":"category","embeddable":true,"href":"https:\/\/www.hoymercedes.com.ar\/principal\/wp-json\/wp\/v2\/categories?post=186149"},{"taxonomy":"post_tag","embeddable":true,"href":"https:\/\/www.hoymercedes.com.ar\/principal\/wp-json\/wp\/v2\/tags?post=186149"}],"curies":[{"name":"wp","href":"https:\/\/api.w.org\/{rel}","templated":true}]}}