{"id":186155,"date":"2025-07-13T10:02:00","date_gmt":"2025-07-13T13:02:00","guid":{"rendered":"https:\/\/www.hoymercedes.com.ar\/principal\/?p=186155"},"modified":"2025-07-12T20:07:43","modified_gmt":"2025-07-12T23:07:43","slug":"eden-no-atendera-al-publico-el-lunes-14-de-julio","status":"publish","type":"post","link":"https:\/\/www.hoymercedes.com.ar\/principal\/2025\/07\/13\/eden-no-atendera-al-publico-el-lunes-14-de-julio\/","title":{"rendered":"EDEN no atender\u00e1 al p\u00fablico el lunes 14 de julio"},"content":{"rendered":"\n<p>La empresa distribuidora de energ\u00eda\u00a0EDEN\u00a0inform\u00f3 que\u00a0el pr\u00f3ximo lunes 14 de julio\u00a0no brindar\u00e1 atenci\u00f3n comercial presencial, en el marco de la\u00a0conmemoraci\u00f3n del D\u00eda del Trabajador de la Energ\u00eda El\u00e9ctrica.<\/p>\n\n\n\n<p>Durante esa jornada, los centros de atenci\u00f3n al usuario permanecer\u00e1n\u00a0<strong>cerrados<\/strong>, aunque seguir\u00e1n disponibles los\u00a0canales virtuales y telef\u00f3nicos\u00a0para realizar gestiones comerciales o solicitar asistencia t\u00e9cnica.<\/p>\n\n\n\n<p>Las v\u00edas habilitadas son:<br><strong>WhatsApp<\/strong>: 336 452 6944<br><strong>Oficina Virtual<\/strong>:\u00a0<a class=\"\" href=\"http:\/\/www.edensa.com.ar\/\" target=\"_blank\" rel=\"noopener\">www.edensa.com.ar<\/a><br><strong>Tel\u00e9fonos<\/strong>: 0810-999-3336 (consultas comerciales) y 0800-999-3336 (asistencia t\u00e9cnica)<\/p>\n\n\n\n<p>Desde EDEN recuerdan que los usuarios pueden gestionar sus tr\u00e1mites habituales de manera remota y efectuar reclamos por inconvenientes en el servicio utilizando cualquiera de estas herramientas.<\/p>\n\n\n\n<p>Asimismo, la empresa comunic\u00f3 que&nbsp;<strong>el martes 15 de julio<\/strong>&nbsp;se retomar\u00e1 con&nbsp;<strong>normalidad la atenci\u00f3n presencial<\/strong>&nbsp;en sus oficinas comerciales.<\/p>\n","protected":false},"excerpt":{"rendered":"<p>La empresa distribuidora de energ\u00eda\u00a0EDEN\u00a0inform\u00f3 que\u00a0el pr\u00f3ximo lunes 14 de julio\u00a0no brindar\u00e1 atenci\u00f3n comercial presencial, en el marco de la\u00a0conmemoraci\u00f3n &#8230; <a title=\"EDEN no atender\u00e1 al p\u00fablico el lunes 14 de julio\" class=\"read-more\" href=\"https:\/\/www.hoymercedes.com.ar\/principal\/2025\/07\/13\/eden-no-atendera-al-publico-el-lunes-14-de-julio\/\" aria-label=\"Leer m\u00e1s sobre EDEN no atender\u00e1 al p\u00fablico el lunes 14 de julio\">Leer m\u00e1s<\/a><\/p>\n","protected":false},"author":1,"featured_media":186156,"comment_status":"closed","ping_status":"open","sticky":false,"template":"","format":"standard","meta":{"_monsterinsights_skip_tracking":false,"_monsterinsights_sitenote_active":false,"_monsterinsights_sitenote_note":"","_monsterinsights_sitenote_category":0,"jetpack_post_was_ever_published":false,"_jetpack_newsletter_access":"","_jetpack_dont_email_post_to_subs":false,"_jetpack_newsletter_tier_id":0,"_jetpack_memberships_contains_paywalled_content":false,"_jetpack_memberships_contains_paid_content":false,"footnotes":"","jetpack_publicize_message":"","jetpack_publicize_feature_enabled":true,"jetpack_social_post_already_shared":true,"jetpack_social_options":{"image_generator_settings":{"template":"highway","default_image_id":0,"enabled":false},"version":2},"_wpas_customize_per_network":false},"categories":[8],"tags":[],"class_list":["post-186155","post","type-post","status-publish","format-standard","has-post-thumbnail","hentry","category-sociedad","generate-columns","tablet-grid-50","mobile-grid-100","grid-parent","grid-50"],"jetpack_publicize_connections":[],"jetpack_featured_media_url":"https:\/\/www.hoymercedes.com.ar\/principal\/wp-content\/uploads\/2025\/07\/EDEN1.jpg","wps_subtitle":"","jetpack_sharing_enabled":true,"_links":{"self":[{"href":"https:\/\/www.hoymercedes.com.ar\/principal\/wp-json\/wp\/v2\/posts\/186155","targetHints":{"allow":["GET"]}}],"collection":[{"href":"https:\/\/www.hoymercedes.com.ar\/principal\/wp-json\/wp\/v2\/posts"}],"about":[{"href":"https:\/\/www.hoymercedes.com.ar\/principal\/wp-json\/wp\/v2\/types\/post"}],"author":[{"embeddable":true,"href":"https:\/\/www.hoymercedes.com.ar\/principal\/wp-json\/wp\/v2\/users\/1"}],"replies":[{"embeddable":true,"href":"https:\/\/www.hoymercedes.com.ar\/principal\/wp-json\/wp\/v2\/comments?post=186155"}],"version-history":[{"count":1,"href":"https:\/\/www.hoymercedes.com.ar\/principal\/wp-json\/wp\/v2\/posts\/186155\/revisions"}],"predecessor-version":[{"id":186157,"href":"https:\/\/www.hoymercedes.com.ar\/principal\/wp-json\/wp\/v2\/posts\/186155\/revisions\/186157"}],"wp:featuredmedia":[{"embeddable":true,"href":"https:\/\/www.hoymercedes.com.ar\/principal\/wp-json\/wp\/v2\/media\/186156"}],"wp:attachment":[{"href":"https:\/\/www.hoymercedes.com.ar\/principal\/wp-json\/wp\/v2\/media?parent=186155"}],"wp:term":[{"taxonomy":"category","embeddable":true,"href":"https:\/\/www.hoymercedes.com.ar\/principal\/wp-json\/wp\/v2\/categories?post=186155"},{"taxonomy":"post_tag","embeddable":true,"href":"https:\/\/www.hoymercedes.com.ar\/principal\/wp-json\/wp\/v2\/tags?post=186155"}],"curies":[{"name":"wp","href":"https:\/\/api.w.org\/{rel}","templated":true}]}}