{"id":186158,"date":"2025-07-12T21:08:00","date_gmt":"2025-07-13T00:08:00","guid":{"rendered":"https:\/\/www.hoymercedes.com.ar\/principal\/?p=186158"},"modified":"2025-07-12T20:09:20","modified_gmt":"2025-07-12T23:09:20","slug":"la-cem-participo-de-reunion-regional-de-feba-en-suipacha","status":"publish","type":"post","link":"https:\/\/www.hoymercedes.com.ar\/principal\/2025\/07\/12\/la-cem-participo-de-reunion-regional-de-feba-en-suipacha\/","title":{"rendered":"La CEM particip\u00f3 de reuni\u00f3n regional de FEBA en Suipacha"},"content":{"rendered":"\n<p>El presidente de la C\u00e1mara Econ\u00f3mica Mercedina (CEM), Federico Sirch, junto a los miembros de la Comisi\u00f3n Directiva Natalia Facciolo, Celina Pont\u00f3n, \u00c1ngel Salvetti y el gerente general Ariel Pietrucha, participaron de la Reuni\u00f3n Regional de la Federaci\u00f3n Econ\u00f3mica de la Provincia de Buenos Aires (FEBA), que tuvo lugar en el Centro Econ\u00f3mico de la vecina ciudad de Suipacha.<\/p>\n\n\n<div class=\"wp-block-image\">\n<figure class=\"aligncenter size-full\"><img loading=\"lazy\" decoding=\"async\" width=\"770\" height=\"439\" data-attachment-id=\"186150\" data-permalink=\"https:\/\/www.hoymercedes.com.ar\/principal\/2025\/07\/12\/refacciones-en-la-sociedad-italiana\/whatsapp-image-2025-07-11-at-16-06-08\/#main\" data-orig-file=\"https:\/\/www.hoymercedes.com.ar\/principal\/wp-content\/uploads\/2025\/07\/WhatsApp-Image-2025-07-11-at-16.06.08.jpg\" data-orig-size=\"770,439\" data-comments-opened=\"0\" data-image-meta=\"{&quot;aperture&quot;:&quot;0&quot;,&quot;credit&quot;:&quot;&quot;,&quot;camera&quot;:&quot;&quot;,&quot;caption&quot;:&quot;&quot;,&quot;created_timestamp&quot;:&quot;0&quot;,&quot;copyright&quot;:&quot;&quot;,&quot;focal_length&quot;:&quot;0&quot;,&quot;iso&quot;:&quot;0&quot;,&quot;shutter_speed&quot;:&quot;0&quot;,&quot;title&quot;:&quot;&quot;,&quot;orientation&quot;:&quot;0&quot;}\" data-image-title=\"WhatsApp Image 2025-07-11 at 16.06.08\" data-image-description=\"\" data-image-caption=\"\" data-large-file=\"https:\/\/www.hoymercedes.com.ar\/principal\/wp-content\/uploads\/2025\/07\/WhatsApp-Image-2025-07-11-at-16.06.08.jpg\" src=\"https:\/\/www.hoymercedes.com.ar\/principal\/wp-content\/uploads\/2025\/07\/WhatsApp-Image-2025-07-11-at-16.06.08.jpg\" alt=\"\" class=\"wp-image-186150\" srcset=\"https:\/\/www.hoymercedes.com.ar\/principal\/wp-content\/uploads\/2025\/07\/WhatsApp-Image-2025-07-11-at-16.06.08.jpg 770w, https:\/\/www.hoymercedes.com.ar\/principal\/wp-content\/uploads\/2025\/07\/WhatsApp-Image-2025-07-11-at-16.06.08-630x359.jpg 630w, https:\/\/www.hoymercedes.com.ar\/principal\/wp-content\/uploads\/2025\/07\/WhatsApp-Image-2025-07-11-at-16.06.08-150x86.jpg 150w\" sizes=\"auto, (max-width: 770px) 100vw, 770px\" \/><\/figure>\n<\/div>\n\n\n<p>El encuentro fue encabezado por el vicepresidente de FEBA, Juan Carlos Uboldi, en representaci\u00f3n del titular de la entidad, Camilo Alberto Kahale, y cont\u00f3 con la presencia del presidente del Centro anfitri\u00f3n, Pablo Braghi, y del intendente de Suipacha, Juan Luis Mancini.<\/p>\n\n\n\n<p>Durante la jornada se abordaron temas relacionados con la coyuntura econ\u00f3mica, la realidad de las pymes bonaerenses y los desaf\u00edos del sector productivo en el actual contexto.<\/p>\n\n\n\n<p>Participaron alrededor de 30 dirigentes empresariales de ciudades como Mercedes, Suipacha, Chivilcoy, Los Toldos, Saladillo, Jun\u00edn, Luj\u00e1n, Mor\u00f3n, Bragado, Hurlingham, Pilar, San Nicol\u00e1s, Mar del Plata y Tigre, entre otras.<\/p>\n","protected":false},"excerpt":{"rendered":"<p>El presidente de la C\u00e1mara Econ\u00f3mica Mercedina (CEM), Federico Sirch, junto a los miembros de la Comisi\u00f3n Directiva Natalia Facciolo, &#8230; <a title=\"La CEM particip\u00f3 de reuni\u00f3n regional de FEBA en Suipacha\" class=\"read-more\" href=\"https:\/\/www.hoymercedes.com.ar\/principal\/2025\/07\/12\/la-cem-participo-de-reunion-regional-de-feba-en-suipacha\/\" aria-label=\"Leer m\u00e1s sobre La CEM particip\u00f3 de reuni\u00f3n regional de FEBA en Suipacha\">Leer m\u00e1s<\/a><\/p>\n","protected":false},"author":1,"featured_media":186150,"comment_status":"closed","ping_status":"open","sticky":false,"template":"","format":"standard","meta":{"_monsterinsights_skip_tracking":false,"_monsterinsights_sitenote_active":false,"_monsterinsights_sitenote_note":"","_monsterinsights_sitenote_category":0,"jetpack_post_was_ever_published":false,"_jetpack_newsletter_access":"","_jetpack_dont_email_post_to_subs":false,"_jetpack_newsletter_tier_id":0,"_jetpack_memberships_contains_paywalled_content":false,"_jetpack_memberships_contains_paid_content":false,"footnotes":"","jetpack_publicize_message":"","jetpack_publicize_feature_enabled":true,"jetpack_social_post_already_shared":true,"jetpack_social_options":{"image_generator_settings":{"template":"highway","default_image_id":0,"enabled":false},"version":2},"_wpas_customize_per_network":false},"categories":[8],"tags":[],"class_list":["post-186158","post","type-post","status-publish","format-standard","has-post-thumbnail","hentry","category-sociedad","generate-columns","tablet-grid-50","mobile-grid-100","grid-parent","grid-50"],"jetpack_publicize_connections":[],"jetpack_featured_media_url":"https:\/\/www.hoymercedes.com.ar\/principal\/wp-content\/uploads\/2025\/07\/WhatsApp-Image-2025-07-11-at-16.06.08.jpg","wps_subtitle":"","jetpack_sharing_enabled":true,"_links":{"self":[{"href":"https:\/\/www.hoymercedes.com.ar\/principal\/wp-json\/wp\/v2\/posts\/186158","targetHints":{"allow":["GET"]}}],"collection":[{"href":"https:\/\/www.hoymercedes.com.ar\/principal\/wp-json\/wp\/v2\/posts"}],"about":[{"href":"https:\/\/www.hoymercedes.com.ar\/principal\/wp-json\/wp\/v2\/types\/post"}],"author":[{"embeddable":true,"href":"https:\/\/www.hoymercedes.com.ar\/principal\/wp-json\/wp\/v2\/users\/1"}],"replies":[{"embeddable":true,"href":"https:\/\/www.hoymercedes.com.ar\/principal\/wp-json\/wp\/v2\/comments?post=186158"}],"version-history":[{"count":1,"href":"https:\/\/www.hoymercedes.com.ar\/principal\/wp-json\/wp\/v2\/posts\/186158\/revisions"}],"predecessor-version":[{"id":186159,"href":"https:\/\/www.hoymercedes.com.ar\/principal\/wp-json\/wp\/v2\/posts\/186158\/revisions\/186159"}],"wp:featuredmedia":[{"embeddable":true,"href":"https:\/\/www.hoymercedes.com.ar\/principal\/wp-json\/wp\/v2\/media\/186150"}],"wp:attachment":[{"href":"https:\/\/www.hoymercedes.com.ar\/principal\/wp-json\/wp\/v2\/media?parent=186158"}],"wp:term":[{"taxonomy":"category","embeddable":true,"href":"https:\/\/www.hoymercedes.com.ar\/principal\/wp-json\/wp\/v2\/categories?post=186158"},{"taxonomy":"post_tag","embeddable":true,"href":"https:\/\/www.hoymercedes.com.ar\/principal\/wp-json\/wp\/v2\/tags?post=186158"}],"curies":[{"name":"wp","href":"https:\/\/api.w.org\/{rel}","templated":true}]}}