{"id":186177,"date":"2025-07-13T19:48:09","date_gmt":"2025-07-13T22:48:09","guid":{"rendered":"https:\/\/www.hoymercedes.com.ar\/principal\/?p=186177"},"modified":"2025-07-13T19:48:10","modified_gmt":"2025-07-13T22:48:10","slug":"rad-rot-altamira-vibro-con-un-fin-de-semana-a-puro-fierros-familia-y-solidaridad","status":"publish","type":"post","link":"https:\/\/www.hoymercedes.com.ar\/principal\/2025\/07\/13\/rad-rot-altamira-vibro-con-un-fin-de-semana-a-puro-fierros-familia-y-solidaridad\/","title":{"rendered":"Rad Rot: Altamira vibr\u00f3 con un fin de semana a puro fierros, familia y solidaridad"},"content":{"rendered":"\n<figure class=\"wp-block-image size-large\"><img loading=\"lazy\" decoding=\"async\" width=\"1024\" height=\"768\" data-attachment-id=\"186178\" data-permalink=\"https:\/\/www.hoymercedes.com.ar\/principal\/2025\/07\/13\/rad-rot-altamira-vibro-con-un-fin-de-semana-a-puro-fierros-familia-y-solidaridad\/altamira-road\/#main\" data-orig-file=\"https:\/\/www.hoymercedes.com.ar\/principal\/wp-content\/uploads\/2025\/07\/Altamira-Road.jpg\" data-orig-size=\"2048,1536\" data-comments-opened=\"0\" data-image-meta=\"{&quot;aperture&quot;:&quot;0&quot;,&quot;credit&quot;:&quot;&quot;,&quot;camera&quot;:&quot;&quot;,&quot;caption&quot;:&quot;&quot;,&quot;created_timestamp&quot;:&quot;0&quot;,&quot;copyright&quot;:&quot;&quot;,&quot;focal_length&quot;:&quot;0&quot;,&quot;iso&quot;:&quot;0&quot;,&quot;shutter_speed&quot;:&quot;0&quot;,&quot;title&quot;:&quot;&quot;,&quot;orientation&quot;:&quot;0&quot;}\" data-image-title=\"Altamira-Road\" data-image-description=\"&lt;p&gt;Altamira vibr\u00f3 con un fin de semana a puro fierros, familia y solidaridad&lt;\/p&gt;\n\" data-image-caption=\"&lt;p&gt;Altamira vibr\u00f3 con un fin de semana a puro fierros, familia y solidaridad&lt;\/p&gt;\n\" data-large-file=\"https:\/\/www.hoymercedes.com.ar\/principal\/wp-content\/uploads\/2025\/07\/Altamira-Road-1024x768.jpg\" src=\"https:\/\/www.hoymercedes.com.ar\/principal\/wp-content\/uploads\/2025\/07\/Altamira-Road-1024x768.jpg\" alt=\"\" class=\"wp-image-186178\" srcset=\"https:\/\/www.hoymercedes.com.ar\/principal\/wp-content\/uploads\/2025\/07\/Altamira-Road-1024x768.jpg 1024w, https:\/\/www.hoymercedes.com.ar\/principal\/wp-content\/uploads\/2025\/07\/Altamira-Road-630x473.jpg 630w, https:\/\/www.hoymercedes.com.ar\/principal\/wp-content\/uploads\/2025\/07\/Altamira-Road-150x113.jpg 150w, https:\/\/www.hoymercedes.com.ar\/principal\/wp-content\/uploads\/2025\/07\/Altamira-Road-1536x1152.jpg 1536w, https:\/\/www.hoymercedes.com.ar\/principal\/wp-content\/uploads\/2025\/07\/Altamira-Road.jpg 2048w\" sizes=\"auto, (max-width: 1024px) 100vw, 1024px\" \/><\/figure>\n\n\n\n<p>Este finde la estaci\u00f3n de tren de Altamira fue escenario de un gran encuentro fierrero: <strong>Rad Rot<\/strong>. La actividad convoc\u00f3 a cientos de personas en torno a la pasi\u00f3n fierrera y el esp\u00edritu comunitario.<\/p>\n\n\n\n<p>La propuesta combin\u00f3 exhibiciones de autos, menciones especiales, sorteos, patios de comida, cantina, y m\u00e1s, en un finde con un clima excelente.<\/p>\n\n\n\n<p>El encuentro fue organizado con fines solidarios, a beneficio del circuito local y con el objetivo de colaborar con la comunidad de Altamira, un pueblo que contin\u00faa creciendo gracias al empuje de sus vecinos.<\/p>\n\n\n\n<p>El evento fue posible gracias al trabajo conjunto de un gran grupo humano que d\u00eda a d\u00eda se suma con compromiso y entusiasmo.<\/p>\n\n\n\n<p>Desde la organizaci\u00f3n agradecieron en sus redes especialmente a quienes participaron, colaboraron y fueron parte de dos jornadas inolvidables, marcadas por la camarader\u00eda y la pasi\u00f3n compartida.<\/p>\n\n\n\n<figure class=\"wp-block-gallery has-nested-images columns-default is-cropped wp-block-gallery-1 is-layout-flex wp-block-gallery-is-layout-flex\">\n<figure class=\"wp-block-image size-large\"><img loading=\"lazy\" decoding=\"async\" width=\"1024\" height=\"768\" data-attachment-id=\"186184\" data-permalink=\"https:\/\/www.hoymercedes.com.ar\/principal\/2025\/07\/13\/rad-rot-altamira-vibro-con-un-fin-de-semana-a-puro-fierros-familia-y-solidaridad\/altamira-road-2\/#main\" data-orig-file=\"https:\/\/www.hoymercedes.com.ar\/principal\/wp-content\/uploads\/2025\/07\/Altamira-Road.2.jpg\" data-orig-size=\"2048,1536\" data-comments-opened=\"0\" data-image-meta=\"{&quot;aperture&quot;:&quot;0&quot;,&quot;credit&quot;:&quot;&quot;,&quot;camera&quot;:&quot;&quot;,&quot;caption&quot;:&quot;&quot;,&quot;created_timestamp&quot;:&quot;0&quot;,&quot;copyright&quot;:&quot;&quot;,&quot;focal_length&quot;:&quot;0&quot;,&quot;iso&quot;:&quot;0&quot;,&quot;shutter_speed&quot;:&quot;0&quot;,&quot;title&quot;:&quot;&quot;,&quot;orientation&quot;:&quot;0&quot;}\" data-image-title=\"Altamira-Road.2\" data-image-description=\"\" data-image-caption=\"\" data-large-file=\"https:\/\/www.hoymercedes.com.ar\/principal\/wp-content\/uploads\/2025\/07\/Altamira-Road.2-1024x768.jpg\" data-id=\"186184\" src=\"https:\/\/www.hoymercedes.com.ar\/principal\/wp-content\/uploads\/2025\/07\/Altamira-Road.2-1024x768.jpg\" alt=\"\" class=\"wp-image-186184\" srcset=\"https:\/\/www.hoymercedes.com.ar\/principal\/wp-content\/uploads\/2025\/07\/Altamira-Road.2-1024x768.jpg 1024w, https:\/\/www.hoymercedes.com.ar\/principal\/wp-content\/uploads\/2025\/07\/Altamira-Road.2-630x473.jpg 630w, https:\/\/www.hoymercedes.com.ar\/principal\/wp-content\/uploads\/2025\/07\/Altamira-Road.2-150x113.jpg 150w, https:\/\/www.hoymercedes.com.ar\/principal\/wp-content\/uploads\/2025\/07\/Altamira-Road.2-1536x1152.jpg 1536w, https:\/\/www.hoymercedes.com.ar\/principal\/wp-content\/uploads\/2025\/07\/Altamira-Road.2.jpg 2048w\" sizes=\"auto, (max-width: 1024px) 100vw, 1024px\" \/><\/figure>\n\n\n\n<figure class=\"wp-block-image size-large\"><img loading=\"lazy\" decoding=\"async\" width=\"1024\" height=\"768\" data-attachment-id=\"186180\" data-permalink=\"https:\/\/www.hoymercedes.com.ar\/principal\/2025\/07\/13\/rad-rot-altamira-vibro-con-un-fin-de-semana-a-puro-fierros-familia-y-solidaridad\/altamira-road-3\/#main\" data-orig-file=\"https:\/\/www.hoymercedes.com.ar\/principal\/wp-content\/uploads\/2025\/07\/Altamira-Road.3.jpg\" data-orig-size=\"2048,1536\" data-comments-opened=\"0\" data-image-meta=\"{&quot;aperture&quot;:&quot;0&quot;,&quot;credit&quot;:&quot;&quot;,&quot;camera&quot;:&quot;&quot;,&quot;caption&quot;:&quot;&quot;,&quot;created_timestamp&quot;:&quot;0&quot;,&quot;copyright&quot;:&quot;&quot;,&quot;focal_length&quot;:&quot;0&quot;,&quot;iso&quot;:&quot;0&quot;,&quot;shutter_speed&quot;:&quot;0&quot;,&quot;title&quot;:&quot;&quot;,&quot;orientation&quot;:&quot;0&quot;}\" data-image-title=\"Altamira-Road.3\" data-image-description=\"&lt;p&gt;Altamira vibr\u00f3 con un fin de semana a puro fierros, familia y solidaridad&lt;\/p&gt;\n\" data-image-caption=\"&lt;p&gt;Altamira vibr\u00f3 con un fin de semana a puro fierros, familia y solidaridad&lt;\/p&gt;\n\" data-large-file=\"https:\/\/www.hoymercedes.com.ar\/principal\/wp-content\/uploads\/2025\/07\/Altamira-Road.3-1024x768.jpg\" data-id=\"186180\" src=\"https:\/\/www.hoymercedes.com.ar\/principal\/wp-content\/uploads\/2025\/07\/Altamira-Road.3-1024x768.jpg\" alt=\"\" class=\"wp-image-186180\" srcset=\"https:\/\/www.hoymercedes.com.ar\/principal\/wp-content\/uploads\/2025\/07\/Altamira-Road.3-1024x768.jpg 1024w, https:\/\/www.hoymercedes.com.ar\/principal\/wp-content\/uploads\/2025\/07\/Altamira-Road.3-630x473.jpg 630w, https:\/\/www.hoymercedes.com.ar\/principal\/wp-content\/uploads\/2025\/07\/Altamira-Road.3-150x113.jpg 150w, https:\/\/www.hoymercedes.com.ar\/principal\/wp-content\/uploads\/2025\/07\/Altamira-Road.3-1536x1152.jpg 1536w, https:\/\/www.hoymercedes.com.ar\/principal\/wp-content\/uploads\/2025\/07\/Altamira-Road.3.jpg 2048w\" sizes=\"auto, (max-width: 1024px) 100vw, 1024px\" \/><\/figure>\n\n\n\n<figure class=\"wp-block-image size-large\"><img loading=\"lazy\" decoding=\"async\" width=\"1024\" height=\"768\" data-attachment-id=\"186182\" data-permalink=\"https:\/\/www.hoymercedes.com.ar\/principal\/2025\/07\/13\/rad-rot-altamira-vibro-con-un-fin-de-semana-a-puro-fierros-familia-y-solidaridad\/altamira-road-4\/#main\" data-orig-file=\"https:\/\/www.hoymercedes.com.ar\/principal\/wp-content\/uploads\/2025\/07\/Altamira-Road.4.jpg\" data-orig-size=\"2048,1536\" data-comments-opened=\"0\" data-image-meta=\"{&quot;aperture&quot;:&quot;0&quot;,&quot;credit&quot;:&quot;&quot;,&quot;camera&quot;:&quot;&quot;,&quot;caption&quot;:&quot;&quot;,&quot;created_timestamp&quot;:&quot;0&quot;,&quot;copyright&quot;:&quot;&quot;,&quot;focal_length&quot;:&quot;0&quot;,&quot;iso&quot;:&quot;0&quot;,&quot;shutter_speed&quot;:&quot;0&quot;,&quot;title&quot;:&quot;&quot;,&quot;orientation&quot;:&quot;0&quot;}\" data-image-title=\"Altamira-Road.4\" data-image-description=\"&lt;p&gt;Altamira vibr\u00f3 con un fin de semana a puro fierros, familia y solidaridad&lt;\/p&gt;\n\" data-image-caption=\"&lt;p&gt;Altamira vibr\u00f3 con un fin de semana a puro fierros, familia y solidaridad&lt;\/p&gt;\n\" data-large-file=\"https:\/\/www.hoymercedes.com.ar\/principal\/wp-content\/uploads\/2025\/07\/Altamira-Road.4-1024x768.jpg\" data-id=\"186182\" src=\"https:\/\/www.hoymercedes.com.ar\/principal\/wp-content\/uploads\/2025\/07\/Altamira-Road.4-1024x768.jpg\" alt=\"\" class=\"wp-image-186182\" srcset=\"https:\/\/www.hoymercedes.com.ar\/principal\/wp-content\/uploads\/2025\/07\/Altamira-Road.4-1024x768.jpg 1024w, https:\/\/www.hoymercedes.com.ar\/principal\/wp-content\/uploads\/2025\/07\/Altamira-Road.4-630x473.jpg 630w, https:\/\/www.hoymercedes.com.ar\/principal\/wp-content\/uploads\/2025\/07\/Altamira-Road.4-150x113.jpg 150w, https:\/\/www.hoymercedes.com.ar\/principal\/wp-content\/uploads\/2025\/07\/Altamira-Road.4-1536x1152.jpg 1536w, https:\/\/www.hoymercedes.com.ar\/principal\/wp-content\/uploads\/2025\/07\/Altamira-Road.4.jpg 2048w\" sizes=\"auto, (max-width: 1024px) 100vw, 1024px\" \/><\/figure>\n\n\n\n<figure class=\"wp-block-image size-large\"><img loading=\"lazy\" decoding=\"async\" width=\"1024\" height=\"768\" data-attachment-id=\"186181\" data-permalink=\"https:\/\/www.hoymercedes.com.ar\/principal\/2025\/07\/13\/rad-rot-altamira-vibro-con-un-fin-de-semana-a-puro-fierros-familia-y-solidaridad\/altamira-road-5\/#main\" data-orig-file=\"https:\/\/www.hoymercedes.com.ar\/principal\/wp-content\/uploads\/2025\/07\/Altamira-Road.5.jpg\" data-orig-size=\"2048,1536\" data-comments-opened=\"0\" data-image-meta=\"{&quot;aperture&quot;:&quot;0&quot;,&quot;credit&quot;:&quot;&quot;,&quot;camera&quot;:&quot;&quot;,&quot;caption&quot;:&quot;&quot;,&quot;created_timestamp&quot;:&quot;0&quot;,&quot;copyright&quot;:&quot;&quot;,&quot;focal_length&quot;:&quot;0&quot;,&quot;iso&quot;:&quot;0&quot;,&quot;shutter_speed&quot;:&quot;0&quot;,&quot;title&quot;:&quot;&quot;,&quot;orientation&quot;:&quot;0&quot;}\" data-image-title=\"Altamira-Road.5\" data-image-description=\"&lt;p&gt;Altamira vibr\u00f3 con un fin de semana a puro fierros, familia y solidaridad&lt;\/p&gt;\n\" data-image-caption=\"&lt;p&gt;Altamira vibr\u00f3 con un fin de semana a puro fierros, familia y solidaridad&lt;\/p&gt;\n\" data-large-file=\"https:\/\/www.hoymercedes.com.ar\/principal\/wp-content\/uploads\/2025\/07\/Altamira-Road.5-1024x768.jpg\" data-id=\"186181\" src=\"https:\/\/www.hoymercedes.com.ar\/principal\/wp-content\/uploads\/2025\/07\/Altamira-Road.5-1024x768.jpg\" alt=\"\" class=\"wp-image-186181\" srcset=\"https:\/\/www.hoymercedes.com.ar\/principal\/wp-content\/uploads\/2025\/07\/Altamira-Road.5-1024x768.jpg 1024w, https:\/\/www.hoymercedes.com.ar\/principal\/wp-content\/uploads\/2025\/07\/Altamira-Road.5-630x473.jpg 630w, https:\/\/www.hoymercedes.com.ar\/principal\/wp-content\/uploads\/2025\/07\/Altamira-Road.5-150x113.jpg 150w, https:\/\/www.hoymercedes.com.ar\/principal\/wp-content\/uploads\/2025\/07\/Altamira-Road.5-1536x1152.jpg 1536w, https:\/\/www.hoymercedes.com.ar\/principal\/wp-content\/uploads\/2025\/07\/Altamira-Road.5.jpg 2048w\" sizes=\"auto, (max-width: 1024px) 100vw, 1024px\" \/><\/figure>\n\n\n\n<figure class=\"wp-block-image size-large\"><img loading=\"lazy\" decoding=\"async\" width=\"1024\" height=\"768\" data-attachment-id=\"186179\" data-permalink=\"https:\/\/www.hoymercedes.com.ar\/principal\/2025\/07\/13\/rad-rot-altamira-vibro-con-un-fin-de-semana-a-puro-fierros-familia-y-solidaridad\/altamira-road-6\/#main\" data-orig-file=\"https:\/\/www.hoymercedes.com.ar\/principal\/wp-content\/uploads\/2025\/07\/Altamira-Road.6.jpg\" data-orig-size=\"2048,1536\" data-comments-opened=\"0\" data-image-meta=\"{&quot;aperture&quot;:&quot;0&quot;,&quot;credit&quot;:&quot;&quot;,&quot;camera&quot;:&quot;&quot;,&quot;caption&quot;:&quot;&quot;,&quot;created_timestamp&quot;:&quot;0&quot;,&quot;copyright&quot;:&quot;&quot;,&quot;focal_length&quot;:&quot;0&quot;,&quot;iso&quot;:&quot;0&quot;,&quot;shutter_speed&quot;:&quot;0&quot;,&quot;title&quot;:&quot;&quot;,&quot;orientation&quot;:&quot;0&quot;}\" data-image-title=\"Altamira-Road.6\" data-image-description=\"&lt;p&gt;Altamira vibr\u00f3 con un fin de semana a puro fierros, familia y solidaridad&lt;\/p&gt;\n\" data-image-caption=\"&lt;p&gt;Altamira vibr\u00f3 con un fin de semana a puro fierros, familia y solidaridad&lt;\/p&gt;\n\" data-large-file=\"https:\/\/www.hoymercedes.com.ar\/principal\/wp-content\/uploads\/2025\/07\/Altamira-Road.6-1024x768.jpg\" data-id=\"186179\" src=\"https:\/\/www.hoymercedes.com.ar\/principal\/wp-content\/uploads\/2025\/07\/Altamira-Road.6-1024x768.jpg\" alt=\"\" class=\"wp-image-186179\" srcset=\"https:\/\/www.hoymercedes.com.ar\/principal\/wp-content\/uploads\/2025\/07\/Altamira-Road.6-1024x768.jpg 1024w, https:\/\/www.hoymercedes.com.ar\/principal\/wp-content\/uploads\/2025\/07\/Altamira-Road.6-630x473.jpg 630w, https:\/\/www.hoymercedes.com.ar\/principal\/wp-content\/uploads\/2025\/07\/Altamira-Road.6-150x113.jpg 150w, https:\/\/www.hoymercedes.com.ar\/principal\/wp-content\/uploads\/2025\/07\/Altamira-Road.6-1536x1152.jpg 1536w, https:\/\/www.hoymercedes.com.ar\/principal\/wp-content\/uploads\/2025\/07\/Altamira-Road.6.jpg 2048w\" sizes=\"auto, (max-width: 1024px) 100vw, 1024px\" \/><\/figure>\n\n\n\n<figure class=\"wp-block-image size-large\"><img loading=\"lazy\" decoding=\"async\" width=\"1024\" height=\"768\" data-attachment-id=\"186183\" data-permalink=\"https:\/\/www.hoymercedes.com.ar\/principal\/2025\/07\/13\/rad-rot-altamira-vibro-con-un-fin-de-semana-a-puro-fierros-familia-y-solidaridad\/altamira-road-7\/#main\" data-orig-file=\"https:\/\/www.hoymercedes.com.ar\/principal\/wp-content\/uploads\/2025\/07\/Altamira-Road.7.jpg\" data-orig-size=\"2048,1536\" data-comments-opened=\"0\" data-image-meta=\"{&quot;aperture&quot;:&quot;0&quot;,&quot;credit&quot;:&quot;&quot;,&quot;camera&quot;:&quot;&quot;,&quot;caption&quot;:&quot;&quot;,&quot;created_timestamp&quot;:&quot;0&quot;,&quot;copyright&quot;:&quot;&quot;,&quot;focal_length&quot;:&quot;0&quot;,&quot;iso&quot;:&quot;0&quot;,&quot;shutter_speed&quot;:&quot;0&quot;,&quot;title&quot;:&quot;&quot;,&quot;orientation&quot;:&quot;0&quot;}\" data-image-title=\"Altamira-Road.7\" data-image-description=\"&lt;p&gt;Altamira vibr\u00f3 con un fin de semana a puro fierros, familia y solidaridad&lt;\/p&gt;\n\" data-image-caption=\"&lt;p&gt;Altamira vibr\u00f3 con un fin de semana a puro fierros, familia y solidaridad&lt;\/p&gt;\n\" data-large-file=\"https:\/\/www.hoymercedes.com.ar\/principal\/wp-content\/uploads\/2025\/07\/Altamira-Road.7-1024x768.jpg\" data-id=\"186183\" src=\"https:\/\/www.hoymercedes.com.ar\/principal\/wp-content\/uploads\/2025\/07\/Altamira-Road.7-1024x768.jpg\" alt=\"\" class=\"wp-image-186183\" srcset=\"https:\/\/www.hoymercedes.com.ar\/principal\/wp-content\/uploads\/2025\/07\/Altamira-Road.7-1024x768.jpg 1024w, https:\/\/www.hoymercedes.com.ar\/principal\/wp-content\/uploads\/2025\/07\/Altamira-Road.7-630x473.jpg 630w, https:\/\/www.hoymercedes.com.ar\/principal\/wp-content\/uploads\/2025\/07\/Altamira-Road.7-150x113.jpg 150w, https:\/\/www.hoymercedes.com.ar\/principal\/wp-content\/uploads\/2025\/07\/Altamira-Road.7-1536x1152.jpg 1536w, https:\/\/www.hoymercedes.com.ar\/principal\/wp-content\/uploads\/2025\/07\/Altamira-Road.7.jpg 2048w\" sizes=\"auto, (max-width: 1024px) 100vw, 1024px\" \/><\/figure>\n<\/figure>\n\n\n\n<p>Fotos:<a href=\"https:\/\/www.facebook.com\/profile.php?id=100094328844060\" target=\"_blank\" rel=\"noopener\"> <strong>Rad Rot<\/strong> <\/a><\/p>\n","protected":false},"excerpt":{"rendered":"<p>Este finde la estaci\u00f3n de tren de Altamira fue escenario de un gran encuentro fierrero: Rad Rot. La actividad convoc\u00f3 &#8230; <a title=\"Rad Rot: Altamira vibr\u00f3 con un fin de semana a puro fierros, familia y solidaridad\" class=\"read-more\" href=\"https:\/\/www.hoymercedes.com.ar\/principal\/2025\/07\/13\/rad-rot-altamira-vibro-con-un-fin-de-semana-a-puro-fierros-familia-y-solidaridad\/\" aria-label=\"Leer m\u00e1s sobre Rad Rot: Altamira vibr\u00f3 con un fin de semana a puro fierros, familia y solidaridad\">Leer m\u00e1s<\/a><\/p>\n","protected":false},"author":1,"featured_media":186178,"comment_status":"closed","ping_status":"open","sticky":false,"template":"","format":"standard","meta":{"_monsterinsights_skip_tracking":false,"_monsterinsights_sitenote_active":false,"_monsterinsights_sitenote_note":"","_monsterinsights_sitenote_category":0,"jetpack_post_was_ever_published":false,"_jetpack_newsletter_access":"","_jetpack_dont_email_post_to_subs":false,"_jetpack_newsletter_tier_id":0,"_jetpack_memberships_contains_paywalled_content":false,"_jetpack_memberships_contains_paid_content":false,"footnotes":"","jetpack_publicize_message":"","jetpack_publicize_feature_enabled":true,"jetpack_social_post_already_shared":false,"jetpack_social_options":{"image_generator_settings":{"template":"highway","default_image_id":0,"enabled":false},"version":2},"_wpas_customize_per_network":false},"categories":[8],"tags":[462,20558],"class_list":["post-186177","post","type-post","status-publish","format-standard","has-post-thumbnail","hentry","category-sociedad","tag-altamira","tag-rat-rod","generate-columns","tablet-grid-50","mobile-grid-100","grid-parent","grid-50"],"jetpack_publicize_connections":[],"jetpack_featured_media_url":"https:\/\/www.hoymercedes.com.ar\/principal\/wp-content\/uploads\/2025\/07\/Altamira-Road.jpg","wps_subtitle":"","jetpack_sharing_enabled":true,"_links":{"self":[{"href":"https:\/\/www.hoymercedes.com.ar\/principal\/wp-json\/wp\/v2\/posts\/186177","targetHints":{"allow":["GET"]}}],"collection":[{"href":"https:\/\/www.hoymercedes.com.ar\/principal\/wp-json\/wp\/v2\/posts"}],"about":[{"href":"https:\/\/www.hoymercedes.com.ar\/principal\/wp-json\/wp\/v2\/types\/post"}],"author":[{"embeddable":true,"href":"https:\/\/www.hoymercedes.com.ar\/principal\/wp-json\/wp\/v2\/users\/1"}],"replies":[{"embeddable":true,"href":"https:\/\/www.hoymercedes.com.ar\/principal\/wp-json\/wp\/v2\/comments?post=186177"}],"version-history":[{"count":1,"href":"https:\/\/www.hoymercedes.com.ar\/principal\/wp-json\/wp\/v2\/posts\/186177\/revisions"}],"predecessor-version":[{"id":186185,"href":"https:\/\/www.hoymercedes.com.ar\/principal\/wp-json\/wp\/v2\/posts\/186177\/revisions\/186185"}],"wp:featuredmedia":[{"embeddable":true,"href":"https:\/\/www.hoymercedes.com.ar\/principal\/wp-json\/wp\/v2\/media\/186178"}],"wp:attachment":[{"href":"https:\/\/www.hoymercedes.com.ar\/principal\/wp-json\/wp\/v2\/media?parent=186177"}],"wp:term":[{"taxonomy":"category","embeddable":true,"href":"https:\/\/www.hoymercedes.com.ar\/principal\/wp-json\/wp\/v2\/categories?post=186177"},{"taxonomy":"post_tag","embeddable":true,"href":"https:\/\/www.hoymercedes.com.ar\/principal\/wp-json\/wp\/v2\/tags?post=186177"}],"curies":[{"name":"wp","href":"https:\/\/api.w.org\/{rel}","templated":true}]}}