{"id":186188,"date":"2025-07-13T23:19:22","date_gmt":"2025-07-14T02:19:22","guid":{"rendered":"https:\/\/www.hoymercedes.com.ar\/principal\/?p=186188"},"modified":"2025-07-13T23:19:24","modified_gmt":"2025-07-14T02:19:24","slug":"fallecio-un-vecino-en-siniestro-vial-en-ruta-n5","status":"publish","type":"post","link":"https:\/\/www.hoymercedes.com.ar\/principal\/2025\/07\/13\/fallecio-un-vecino-en-siniestro-vial-en-ruta-n5\/","title":{"rendered":"Falleci\u00f3 un vecino en siniestro vial en Ruta N\u00b05"},"content":{"rendered":"\n<p>Durante la jornada de ayer un siniestro vial se produjo en Ruta Nacional n\u00b05 involucrando a un autom\u00f3vil conducido por una mujer y la v\u00edctima fatal que se movilizaba en una motocicleta 150cc.<\/p>\n\n\n\n<p>El acontecimiento sucedi\u00f3 en el cruce de Ruta N\u00b05 y Acceso Sanmart\u00edn. Fue el pasado s\u00e1bado en horas de la tarde.<\/p>\n\n\n\n<p>Extra oficialmente se supo que el hombre cruzaba y termin\u00f3 siendo atropellado, teniendo como consecuencia heridas de gravedad.<\/p>\n\n\n\n<p>Fue trasladado por el SAME al nosocomio local, pero no pudo revertirse la situaci\u00f3n.<\/p>\n\n\n\n<p>En el autom\u00f3vil viajaban dos mujeres m\u00e1s, adem\u00e1s de la conductora.<\/p>\n\n\n\n<p>La v\u00edctima se trata de<strong> Mart\u00edn Sequeira.<\/strong><\/p>\n","protected":false},"excerpt":{"rendered":"<p>Durante la jornada de ayer un siniestro vial se produjo en Ruta Nacional n\u00b05 involucrando a un autom\u00f3vil conducido por &#8230; <a title=\"Falleci\u00f3 un vecino en siniestro vial en Ruta N\u00b05\" class=\"read-more\" href=\"https:\/\/www.hoymercedes.com.ar\/principal\/2025\/07\/13\/fallecio-un-vecino-en-siniestro-vial-en-ruta-n5\/\" aria-label=\"Leer m\u00e1s sobre Falleci\u00f3 un vecino en siniestro vial en Ruta N\u00b05\">Leer m\u00e1s<\/a><\/p>\n","protected":false},"author":1,"featured_media":118857,"comment_status":"closed","ping_status":"open","sticky":false,"template":"","format":"standard","meta":{"_monsterinsights_skip_tracking":false,"_monsterinsights_sitenote_active":false,"_monsterinsights_sitenote_note":"","_monsterinsights_sitenote_category":0,"jetpack_post_was_ever_published":false,"_jetpack_newsletter_access":"","_jetpack_dont_email_post_to_subs":false,"_jetpack_newsletter_tier_id":0,"_jetpack_memberships_contains_paywalled_content":false,"_jetpack_memberships_contains_paid_content":false,"footnotes":"","jetpack_publicize_message":"","jetpack_publicize_feature_enabled":true,"jetpack_social_post_already_shared":false,"jetpack_social_options":{"image_generator_settings":{"template":"highway","default_image_id":0,"enabled":false},"version":2},"_wpas_customize_per_network":false},"categories":[85],"tags":[20559,10395],"class_list":["post-186188","post","type-post","status-publish","format-standard","has-post-thumbnail","hentry","category-policial","tag-fallecio-un-hombre","tag-siniestro-vial","generate-columns","tablet-grid-50","mobile-grid-100","grid-parent","grid-50"],"jetpack_publicize_connections":[],"jetpack_featured_media_url":"https:\/\/www.hoymercedes.com.ar\/principal\/wp-content\/uploads\/2020\/10\/21-policia-bragado.jpg","wps_subtitle":"Doloroso","jetpack_sharing_enabled":true,"_links":{"self":[{"href":"https:\/\/www.hoymercedes.com.ar\/principal\/wp-json\/wp\/v2\/posts\/186188","targetHints":{"allow":["GET"]}}],"collection":[{"href":"https:\/\/www.hoymercedes.com.ar\/principal\/wp-json\/wp\/v2\/posts"}],"about":[{"href":"https:\/\/www.hoymercedes.com.ar\/principal\/wp-json\/wp\/v2\/types\/post"}],"author":[{"embeddable":true,"href":"https:\/\/www.hoymercedes.com.ar\/principal\/wp-json\/wp\/v2\/users\/1"}],"replies":[{"embeddable":true,"href":"https:\/\/www.hoymercedes.com.ar\/principal\/wp-json\/wp\/v2\/comments?post=186188"}],"version-history":[{"count":2,"href":"https:\/\/www.hoymercedes.com.ar\/principal\/wp-json\/wp\/v2\/posts\/186188\/revisions"}],"predecessor-version":[{"id":186190,"href":"https:\/\/www.hoymercedes.com.ar\/principal\/wp-json\/wp\/v2\/posts\/186188\/revisions\/186190"}],"wp:featuredmedia":[{"embeddable":true,"href":"https:\/\/www.hoymercedes.com.ar\/principal\/wp-json\/wp\/v2\/media\/118857"}],"wp:attachment":[{"href":"https:\/\/www.hoymercedes.com.ar\/principal\/wp-json\/wp\/v2\/media?parent=186188"}],"wp:term":[{"taxonomy":"category","embeddable":true,"href":"https:\/\/www.hoymercedes.com.ar\/principal\/wp-json\/wp\/v2\/categories?post=186188"},{"taxonomy":"post_tag","embeddable":true,"href":"https:\/\/www.hoymercedes.com.ar\/principal\/wp-json\/wp\/v2\/tags?post=186188"}],"curies":[{"name":"wp","href":"https:\/\/api.w.org\/{rel}","templated":true}]}}