{"id":186199,"date":"2025-07-14T15:23:00","date_gmt":"2025-07-14T18:23:00","guid":{"rendered":"https:\/\/www.hoymercedes.com.ar\/principal\/?p=186199"},"modified":"2025-07-14T13:39:07","modified_gmt":"2025-07-14T16:39:07","slug":"se-viene-el-festival-del-alfajor-y-el-chocolate-en-plaza-san-martin","status":"publish","type":"post","link":"https:\/\/www.hoymercedes.com.ar\/principal\/2025\/07\/14\/se-viene-el-festival-del-alfajor-y-el-chocolate-en-plaza-san-martin\/","title":{"rendered":"Se viene el \u201cFestival del alfajor y el chocolate\u201d en Plaza San Mart\u00edn"},"content":{"rendered":"\n<figure class=\"wp-block-image size-large\"><img loading=\"lazy\" decoding=\"async\" width=\"1024\" height=\"682\" data-attachment-id=\"186200\" data-permalink=\"https:\/\/www.hoymercedes.com.ar\/principal\/2025\/07\/14\/se-viene-el-festival-del-alfajor-y-el-chocolate-en-plaza-san-martin\/dsc05762\/#main\" data-orig-file=\"https:\/\/www.hoymercedes.com.ar\/principal\/wp-content\/uploads\/2025\/07\/DSC05762.jpg\" data-orig-size=\"1319,879\" data-comments-opened=\"0\" data-image-meta=\"{&quot;aperture&quot;:&quot;0&quot;,&quot;credit&quot;:&quot;&quot;,&quot;camera&quot;:&quot;&quot;,&quot;caption&quot;:&quot;&quot;,&quot;created_timestamp&quot;:&quot;0&quot;,&quot;copyright&quot;:&quot;&quot;,&quot;focal_length&quot;:&quot;0&quot;,&quot;iso&quot;:&quot;0&quot;,&quot;shutter_speed&quot;:&quot;0&quot;,&quot;title&quot;:&quot;&quot;,&quot;orientation&quot;:&quot;0&quot;}\" data-image-title=\"Se viene el \u201cFestival del alfajor y el chocolate\u201d en Plaza San Mart\u00edn\" data-image-description=\"&lt;p&gt;Se viene el \u201cFestival del alfajor y el chocolate\u201d en Plaza San Mart\u00edn&lt;\/p&gt;\n\" data-image-caption=\"&lt;p&gt;Se viene el \u201cFestival del alfajor y el chocolate\u201d en Plaza San Mart\u00edn&lt;\/p&gt;\n\" data-large-file=\"https:\/\/www.hoymercedes.com.ar\/principal\/wp-content\/uploads\/2025\/07\/DSC05762-1024x682.jpg\" src=\"https:\/\/www.hoymercedes.com.ar\/principal\/wp-content\/uploads\/2025\/07\/DSC05762-1024x682.jpg\" alt=\"\" class=\"wp-image-186200\" srcset=\"https:\/\/www.hoymercedes.com.ar\/principal\/wp-content\/uploads\/2025\/07\/DSC05762-1024x682.jpg 1024w, https:\/\/www.hoymercedes.com.ar\/principal\/wp-content\/uploads\/2025\/07\/DSC05762-630x420.jpg 630w, https:\/\/www.hoymercedes.com.ar\/principal\/wp-content\/uploads\/2025\/07\/DSC05762-150x100.jpg 150w, https:\/\/www.hoymercedes.com.ar\/principal\/wp-content\/uploads\/2025\/07\/DSC05762-700x465.jpg 700w, https:\/\/www.hoymercedes.com.ar\/principal\/wp-content\/uploads\/2025\/07\/DSC05762.jpg 1319w\" sizes=\"auto, (max-width: 1024px) 100vw, 1024px\" \/><\/figure>\n\n\n\n<p>Se viene el primer festival del chocolate y el alfajor en Mercedes. Ser\u00e1 el pr\u00f3ximo 19 de julio en Plaza San Mart\u00edn. \u201cLa idea es que conozcamos un poco m\u00e1s el enorme trabajo que realizan, en excelente calidad, nuestros vecinos y vecinas, produciendo dulces que ya est\u00e1n tomando un gran reconocimiento provincial y nacional\u201d coment\u00f3 el intendente Juan Ustarroz, adem\u00e1s de ser una excelente ocasi\u00f3n para el encuentro disfrute.<\/p>\n\n\n\n<p>\u201cSe trata de un reconocimiento al gran trabajo que desde hace un tiempo vienen efectuando distintas familias produciendo exquisiteces dulces, alfajores y chocolates que han obtenido premios y reconocimientos nacionales, que muchos influencer de distintos puntos del pa\u00eds han rese\u00f1ado de manera excelente y que se trata de un espacio que viene creciendo en Mercedes\u201d dijo Francisco Dinova.<\/p>\n\n\n\n<figure class=\"wp-block-image size-large\"><img loading=\"lazy\" decoding=\"async\" width=\"1024\" height=\"682\" data-attachment-id=\"186201\" data-permalink=\"https:\/\/www.hoymercedes.com.ar\/principal\/2025\/07\/14\/se-viene-el-festival-del-alfajor-y-el-chocolate-en-plaza-san-martin\/dsc05724\/#main\" data-orig-file=\"https:\/\/www.hoymercedes.com.ar\/principal\/wp-content\/uploads\/2025\/07\/DSC05724.jpg\" data-orig-size=\"1319,879\" data-comments-opened=\"0\" data-image-meta=\"{&quot;aperture&quot;:&quot;0&quot;,&quot;credit&quot;:&quot;&quot;,&quot;camera&quot;:&quot;&quot;,&quot;caption&quot;:&quot;&quot;,&quot;created_timestamp&quot;:&quot;0&quot;,&quot;copyright&quot;:&quot;&quot;,&quot;focal_length&quot;:&quot;0&quot;,&quot;iso&quot;:&quot;0&quot;,&quot;shutter_speed&quot;:&quot;0&quot;,&quot;title&quot;:&quot;&quot;,&quot;orientation&quot;:&quot;0&quot;}\" data-image-title=\"DSC05724\" data-image-description=\"\" data-image-caption=\"\" data-large-file=\"https:\/\/www.hoymercedes.com.ar\/principal\/wp-content\/uploads\/2025\/07\/DSC05724-1024x682.jpg\" src=\"https:\/\/www.hoymercedes.com.ar\/principal\/wp-content\/uploads\/2025\/07\/DSC05724-1024x682.jpg\" alt=\"Se viene el \u201cFestival del alfajor y el chocolate\u201d en Plaza San Mart\u00edn\" class=\"wp-image-186201\" srcset=\"https:\/\/www.hoymercedes.com.ar\/principal\/wp-content\/uploads\/2025\/07\/DSC05724-1024x682.jpg 1024w, https:\/\/www.hoymercedes.com.ar\/principal\/wp-content\/uploads\/2025\/07\/DSC05724-630x420.jpg 630w, https:\/\/www.hoymercedes.com.ar\/principal\/wp-content\/uploads\/2025\/07\/DSC05724-150x100.jpg 150w, https:\/\/www.hoymercedes.com.ar\/principal\/wp-content\/uploads\/2025\/07\/DSC05724-700x465.jpg 700w, https:\/\/www.hoymercedes.com.ar\/principal\/wp-content\/uploads\/2025\/07\/DSC05724.jpg 1319w\" sizes=\"auto, (max-width: 1024px) 100vw, 1024px\" \/><\/figure>\n\n\n\n<p>Tambi\u00e9n coment\u00f3 que \u201cfue as\u00ed que, tras varios encuentros, uniendo como dice nuestro intendente Ustarroz e insta mucho, el esfuerzo entre el sector p\u00fablico y privado, que logramos coordinar y generar el primer encuentro festival que ser\u00e1 en Plaza San Mart\u00edn, libre y gratuito, desde 10hs a 18hs, para que todas y todos podamos ac\u00e9rcanos, conocer, disfrutar y pasarla muy bien\u201d afirm\u00f3 el director de turismo.<\/p>\n\n\n\n<p>La propuesta est\u00e1 ambientada con buena m\u00fasica, promocionando el trabajo y el encuentro mercedino y, por supuesto, conociendo m\u00e1s y mejor lo que en nuestra ciudad se produce.<\/p>\n","protected":false},"excerpt":{"rendered":"<p>Se viene el primer festival del chocolate y el alfajor en Mercedes. Ser\u00e1 el pr\u00f3ximo 19 de julio en Plaza &#8230; <a title=\"Se viene el \u201cFestival del alfajor y el chocolate\u201d en Plaza San Mart\u00edn\" class=\"read-more\" href=\"https:\/\/www.hoymercedes.com.ar\/principal\/2025\/07\/14\/se-viene-el-festival-del-alfajor-y-el-chocolate-en-plaza-san-martin\/\" aria-label=\"Leer m\u00e1s sobre Se viene el \u201cFestival del alfajor y el chocolate\u201d en Plaza San Mart\u00edn\">Leer m\u00e1s<\/a><\/p>\n","protected":false},"author":1,"featured_media":186200,"comment_status":"closed","ping_status":"open","sticky":false,"template":"","format":"standard","meta":{"_monsterinsights_skip_tracking":false,"_monsterinsights_sitenote_active":false,"_monsterinsights_sitenote_note":"","_monsterinsights_sitenote_category":0,"jetpack_post_was_ever_published":false,"_jetpack_newsletter_access":"","_jetpack_dont_email_post_to_subs":false,"_jetpack_newsletter_tier_id":0,"_jetpack_memberships_contains_paywalled_content":false,"_jetpack_memberships_contains_paid_content":false,"footnotes":"","jetpack_publicize_message":"","jetpack_publicize_feature_enabled":true,"jetpack_social_post_already_shared":true,"jetpack_social_options":{"image_generator_settings":{"template":"highway","default_image_id":0,"enabled":false},"version":2},"_wpas_customize_per_network":false},"categories":[8],"tags":[20561,20562,20563],"class_list":["post-186199","post","type-post","status-publish","format-standard","has-post-thumbnail","hentry","category-sociedad","tag-festival-del-alfajor-en-merceds","tag-fiesta-del-alfajor","tag-mercado-del-alfajor","generate-columns","tablet-grid-50","mobile-grid-100","grid-parent","grid-50"],"jetpack_publicize_connections":[],"jetpack_featured_media_url":"https:\/\/www.hoymercedes.com.ar\/principal\/wp-content\/uploads\/2025\/07\/DSC05762.jpg","wps_subtitle":"Encuentros ","jetpack_sharing_enabled":true,"_links":{"self":[{"href":"https:\/\/www.hoymercedes.com.ar\/principal\/wp-json\/wp\/v2\/posts\/186199","targetHints":{"allow":["GET"]}}],"collection":[{"href":"https:\/\/www.hoymercedes.com.ar\/principal\/wp-json\/wp\/v2\/posts"}],"about":[{"href":"https:\/\/www.hoymercedes.com.ar\/principal\/wp-json\/wp\/v2\/types\/post"}],"author":[{"embeddable":true,"href":"https:\/\/www.hoymercedes.com.ar\/principal\/wp-json\/wp\/v2\/users\/1"}],"replies":[{"embeddable":true,"href":"https:\/\/www.hoymercedes.com.ar\/principal\/wp-json\/wp\/v2\/comments?post=186199"}],"version-history":[{"count":3,"href":"https:\/\/www.hoymercedes.com.ar\/principal\/wp-json\/wp\/v2\/posts\/186199\/revisions"}],"predecessor-version":[{"id":186204,"href":"https:\/\/www.hoymercedes.com.ar\/principal\/wp-json\/wp\/v2\/posts\/186199\/revisions\/186204"}],"wp:featuredmedia":[{"embeddable":true,"href":"https:\/\/www.hoymercedes.com.ar\/principal\/wp-json\/wp\/v2\/media\/186200"}],"wp:attachment":[{"href":"https:\/\/www.hoymercedes.com.ar\/principal\/wp-json\/wp\/v2\/media?parent=186199"}],"wp:term":[{"taxonomy":"category","embeddable":true,"href":"https:\/\/www.hoymercedes.com.ar\/principal\/wp-json\/wp\/v2\/categories?post=186199"},{"taxonomy":"post_tag","embeddable":true,"href":"https:\/\/www.hoymercedes.com.ar\/principal\/wp-json\/wp\/v2\/tags?post=186199"}],"curies":[{"name":"wp","href":"https:\/\/api.w.org\/{rel}","templated":true}]}}