{"id":186262,"date":"2025-07-16T19:05:29","date_gmt":"2025-07-16T22:05:29","guid":{"rendered":"https:\/\/www.hoymercedes.com.ar\/principal\/?p=186262"},"modified":"2025-07-16T19:05:47","modified_gmt":"2025-07-16T22:05:47","slug":"arquitectos-inaugura-muestra-de-florencia-maresca-y-valentin-baggio","status":"publish","type":"post","link":"https:\/\/www.hoymercedes.com.ar\/principal\/2025\/07\/16\/arquitectos-inaugura-muestra-de-florencia-maresca-y-valentin-baggio\/","title":{"rendered":"Arquitectos inaugura muestra de Florencia Maresca y Valent\u00edn Baggio"},"content":{"rendered":"\n<p>El venidero s\u00e1bado 19 de julio, 20:30 horas, se inaugurar\u00e1 en la Sede Distrital del Colegio de Arquitectos &#8211; Distrito 5, (Av. 30 N\u00aa 564, Mercedes), una nueva muestra de arte. En esta oportunidad expondr\u00e1n los artistas Florencia Maresca \u201cDe Flores y lugares \u00bb (acuarela) y Valent\u00edn Baggio (acuarela).<\/p>\n\n\n\n<figure class=\"wp-block-image size-full\"><img loading=\"lazy\" decoding=\"async\" width=\"640\" height=\"400\" data-attachment-id=\"186263\" data-permalink=\"https:\/\/www.hoymercedes.com.ar\/principal\/2025\/07\/16\/arquitectos-inaugura-muestra-de-florencia-maresca-y-valentin-baggio\/ellos2\/#main\" data-orig-file=\"https:\/\/www.hoymercedes.com.ar\/principal\/wp-content\/uploads\/2025\/07\/ELLOS2.jpg\" data-orig-size=\"640,400\" data-comments-opened=\"0\" data-image-meta=\"{&quot;aperture&quot;:&quot;0&quot;,&quot;credit&quot;:&quot;&quot;,&quot;camera&quot;:&quot;&quot;,&quot;caption&quot;:&quot;&quot;,&quot;created_timestamp&quot;:&quot;0&quot;,&quot;copyright&quot;:&quot;&quot;,&quot;focal_length&quot;:&quot;0&quot;,&quot;iso&quot;:&quot;0&quot;,&quot;shutter_speed&quot;:&quot;0&quot;,&quot;title&quot;:&quot;&quot;,&quot;orientation&quot;:&quot;0&quot;}\" data-image-title=\"ELLOS2\" data-image-description=\"\" data-image-caption=\"\" data-large-file=\"https:\/\/www.hoymercedes.com.ar\/principal\/wp-content\/uploads\/2025\/07\/ELLOS2.jpg\" src=\"https:\/\/www.hoymercedes.com.ar\/principal\/wp-content\/uploads\/2025\/07\/ELLOS2.jpg\" alt=\"\" class=\"wp-image-186263\" srcset=\"https:\/\/www.hoymercedes.com.ar\/principal\/wp-content\/uploads\/2025\/07\/ELLOS2.jpg 640w, https:\/\/www.hoymercedes.com.ar\/principal\/wp-content\/uploads\/2025\/07\/ELLOS2-630x394.jpg 630w, https:\/\/www.hoymercedes.com.ar\/principal\/wp-content\/uploads\/2025\/07\/ELLOS2-150x94.jpg 150w\" sizes=\"auto, (max-width: 640px) 100vw, 640px\" \/><\/figure>\n\n\n\n<p>\u201cDe Flores y lugares\u201d. Florencia Maresca. Esta serie en acuarelas re\u00fane dos universos que me acompa\u00f1an desde siempre: las Flores que me inspiran y los lugares que forman parte de mi historia. Las primeras, por su belleza fr\u00e1gil, sus formas y colores que aparecen y desaparecen como recuerdos. Los segundos, por lo que guardan: momentos, personas, paisajes que dejaron huella. Cada obra nace de una emoci\u00f3n, de algo que quise conservar. Pintarlas fue una manera de quedarme un poco m\u00e1s ah\u00ed, en lo vivido. Cada imagen es una forma de volver. \u201cDe Flores y lugares\u201d es, sobre todo, una colecci\u00f3n de memorias pintadas.<\/p>\n\n\n\n<p>Valent\u00edn Baggio. \u00abA trav\u00e9s de una cuidada selecci\u00f3n de obras, se presenta a la naturaleza como protagonista indiscutible. Cada pintura se ofrece como una ventana \u00edntima a paisajes que invitan a la contemplaci\u00f3n. Estas acuarelas no llevan t\u00edtulo, dejando de que sea la propia imagen quien dialogue con el espectador. Con trazos sutiles y una paleta austera, estas obras nacen del asombro ante el entorno natural y del anhelo de capturar la esencia de lo ef\u00edmero.\u00bb<\/p>\n\n\n\n<p>Como todos los a\u00f1os , el Coordinador de este Ciclo de Arte del CAPBA5 es el Arq. Sebasti\u00e1n Bocca.<\/p>\n\n\n\n<p>El acceso a la muestra es libre y gratuito y se podr\u00e1 visitar tambi\u00e9n de lunes a viernes de 8 a 13 y de 14 a 16 horas. La exposici\u00f3n cierra el 1* de agosto.<\/p>\n\n\n\n<p><\/p>\n","protected":false},"excerpt":{"rendered":"<p>El venidero s\u00e1bado 19 de julio, 20:30 horas, se inaugurar\u00e1 en la Sede Distrital del Colegio de Arquitectos &#8211; Distrito &#8230; <a title=\"Arquitectos inaugura muestra de Florencia Maresca y Valent\u00edn Baggio\" class=\"read-more\" href=\"https:\/\/www.hoymercedes.com.ar\/principal\/2025\/07\/16\/arquitectos-inaugura-muestra-de-florencia-maresca-y-valentin-baggio\/\" aria-label=\"Leer m\u00e1s sobre Arquitectos inaugura muestra de Florencia Maresca y Valent\u00edn Baggio\">Leer m\u00e1s<\/a><\/p>\n","protected":false},"author":1,"featured_media":186263,"comment_status":"closed","ping_status":"open","sticky":false,"template":"","format":"standard","meta":{"_monsterinsights_skip_tracking":false,"_monsterinsights_sitenote_active":false,"_monsterinsights_sitenote_note":"","_monsterinsights_sitenote_category":0,"jetpack_post_was_ever_published":false,"_jetpack_newsletter_access":"","_jetpack_dont_email_post_to_subs":false,"_jetpack_newsletter_tier_id":0,"_jetpack_memberships_contains_paywalled_content":false,"_jetpack_memberships_contains_paid_content":false,"footnotes":"","jetpack_publicize_message":"","jetpack_publicize_feature_enabled":true,"jetpack_social_post_already_shared":false,"jetpack_social_options":{"image_generator_settings":{"template":"highway","default_image_id":0,"enabled":false},"version":2},"_wpas_customize_per_network":false},"categories":[104],"tags":[7805],"class_list":["post-186262","post","type-post","status-publish","format-standard","has-post-thumbnail","hentry","category-cultura","tag-cultura","generate-columns","tablet-grid-50","mobile-grid-100","grid-parent","grid-50"],"jetpack_publicize_connections":[],"jetpack_featured_media_url":"https:\/\/www.hoymercedes.com.ar\/principal\/wp-content\/uploads\/2025\/07\/ELLOS2.jpg","wps_subtitle":"","jetpack_sharing_enabled":true,"_links":{"self":[{"href":"https:\/\/www.hoymercedes.com.ar\/principal\/wp-json\/wp\/v2\/posts\/186262","targetHints":{"allow":["GET"]}}],"collection":[{"href":"https:\/\/www.hoymercedes.com.ar\/principal\/wp-json\/wp\/v2\/posts"}],"about":[{"href":"https:\/\/www.hoymercedes.com.ar\/principal\/wp-json\/wp\/v2\/types\/post"}],"author":[{"embeddable":true,"href":"https:\/\/www.hoymercedes.com.ar\/principal\/wp-json\/wp\/v2\/users\/1"}],"replies":[{"embeddable":true,"href":"https:\/\/www.hoymercedes.com.ar\/principal\/wp-json\/wp\/v2\/comments?post=186262"}],"version-history":[{"count":1,"href":"https:\/\/www.hoymercedes.com.ar\/principal\/wp-json\/wp\/v2\/posts\/186262\/revisions"}],"predecessor-version":[{"id":186265,"href":"https:\/\/www.hoymercedes.com.ar\/principal\/wp-json\/wp\/v2\/posts\/186262\/revisions\/186265"}],"wp:featuredmedia":[{"embeddable":true,"href":"https:\/\/www.hoymercedes.com.ar\/principal\/wp-json\/wp\/v2\/media\/186263"}],"wp:attachment":[{"href":"https:\/\/www.hoymercedes.com.ar\/principal\/wp-json\/wp\/v2\/media?parent=186262"}],"wp:term":[{"taxonomy":"category","embeddable":true,"href":"https:\/\/www.hoymercedes.com.ar\/principal\/wp-json\/wp\/v2\/categories?post=186262"},{"taxonomy":"post_tag","embeddable":true,"href":"https:\/\/www.hoymercedes.com.ar\/principal\/wp-json\/wp\/v2\/tags?post=186262"}],"curies":[{"name":"wp","href":"https:\/\/api.w.org\/{rel}","templated":true}]}}