{"id":186267,"date":"2025-07-16T19:59:20","date_gmt":"2025-07-16T22:59:20","guid":{"rendered":"https:\/\/www.hoymercedes.com.ar\/principal\/?p=186267"},"modified":"2025-07-16T19:59:23","modified_gmt":"2025-07-16T22:59:23","slug":"dos-camiones-volcaron-durante-la-madrugada-en-la-autovia-no-hubo-heridos","status":"publish","type":"post","link":"https:\/\/www.hoymercedes.com.ar\/principal\/2025\/07\/16\/dos-camiones-volcaron-durante-la-madrugada-en-la-autovia-no-hubo-heridos\/","title":{"rendered":"Dos camiones volcaron durante la madrugada en la Autov\u00eda: no hubo heridos"},"content":{"rendered":"\n<figure class=\"wp-block-image size-large\"><img loading=\"lazy\" decoding=\"async\" width=\"1024\" height=\"576\" data-attachment-id=\"186268\" data-permalink=\"https:\/\/www.hoymercedes.com.ar\/principal\/2025\/07\/16\/dos-camiones-volcaron-durante-la-madrugada-en-la-autovia-no-hubo-heridos\/vuelco-camiones\/#main\" data-orig-file=\"https:\/\/www.hoymercedes.com.ar\/principal\/wp-content\/uploads\/2025\/07\/Vuelco-Camiones.jpg\" data-orig-size=\"1600,900\" data-comments-opened=\"0\" data-image-meta=\"{&quot;aperture&quot;:&quot;0&quot;,&quot;credit&quot;:&quot;&quot;,&quot;camera&quot;:&quot;&quot;,&quot;caption&quot;:&quot;&quot;,&quot;created_timestamp&quot;:&quot;0&quot;,&quot;copyright&quot;:&quot;&quot;,&quot;focal_length&quot;:&quot;0&quot;,&quot;iso&quot;:&quot;0&quot;,&quot;shutter_speed&quot;:&quot;0&quot;,&quot;title&quot;:&quot;&quot;,&quot;orientation&quot;:&quot;0&quot;}\" data-image-title=\"Vuelco-Camiones\" data-image-description=\"&lt;p&gt;Dos camiones volcaron durante la madrugada en la Autov\u00eda: no hubo heridos&lt;\/p&gt;\n\" data-image-caption=\"&lt;p&gt;Dos camiones volcaron durante la madrugada en la Autov\u00eda: no hubo heridos&lt;\/p&gt;\n\" data-large-file=\"https:\/\/www.hoymercedes.com.ar\/principal\/wp-content\/uploads\/2025\/07\/Vuelco-Camiones-1024x576.jpg\" src=\"https:\/\/www.hoymercedes.com.ar\/principal\/wp-content\/uploads\/2025\/07\/Vuelco-Camiones-1024x576.jpg\" alt=\"\" class=\"wp-image-186268\" srcset=\"https:\/\/www.hoymercedes.com.ar\/principal\/wp-content\/uploads\/2025\/07\/Vuelco-Camiones-1024x576.jpg 1024w, https:\/\/www.hoymercedes.com.ar\/principal\/wp-content\/uploads\/2025\/07\/Vuelco-Camiones-630x354.jpg 630w, https:\/\/www.hoymercedes.com.ar\/principal\/wp-content\/uploads\/2025\/07\/Vuelco-Camiones-150x84.jpg 150w, https:\/\/www.hoymercedes.com.ar\/principal\/wp-content\/uploads\/2025\/07\/Vuelco-Camiones-1536x864.jpg 1536w, https:\/\/www.hoymercedes.com.ar\/principal\/wp-content\/uploads\/2025\/07\/Vuelco-Camiones.jpg 1600w\" sizes=\"auto, (max-width: 1024px) 100vw, 1024px\" \/><\/figure>\n\n\n\n<p>Durante la madrugada del martes se registraron dos siniestros viales en rutas clave de Luj\u00e1n. Uno de los hechos ocurri\u00f3 en la <strong>Autov\u00eda 5<\/strong>, a la altura del barrio Loreto, mientras que el otro tuvo lugar en el Acceso Oeste. En ambos casos estuvieron involucrados camiones de gran porte y, afortunadamente, no se reportaron personas heridas.<\/p>\n\n\n\n<p>El primero de los incidentes se produjo cerca de la 1:30 de la ma\u00f1ana en el kil\u00f3metro 72 de la Autov\u00eda 5, en la zona de J\u00e1uregui. Un cami\u00f3n Iveco con acoplado, que transportaba aves para la empresa \u201cLos Viejos\u201d, impact\u00f3 contra un caballo suelto sobre la calzada. A ra\u00edz del choque, el veh\u00edculo volc\u00f3 parcialmente. El conductor result\u00f3 ileso y solo se registraron da\u00f1os materiales. En el lugar trabajaron efectivos policiales y personal de asistencia vial.<\/p>\n\n\n\n<p>El segundo siniestro tuvo lugar pocas horas despu\u00e9s sobre el Acceso Oeste, a la altura del puente Beschtedt. Otro cami\u00f3n perdi\u00f3 el control y termin\u00f3 volcado sobre la ruta. Las causas a\u00fan se investigan, aunque se presume que una maniobra inesperada pudo haber provocado la p\u00e9rdida de estabilidad del veh\u00edculo. Tampoco se registraron heridos.<\/p>\n\n\n\n<p>Ambos hechos generaron demoras en el tr\u00e1nsito y requirieron la intervenci\u00f3n de equipos especializados para la remoci\u00f3n de los camiones. Desde las autoridades viales reiteraron el pedido de circular con extrema precauci\u00f3n, especialmente durante la noche, y alertaron sobre el riesgo que representan los animales sueltos en zonas rurales.<\/p>\n\n\n\n<p>Foto: <a href=\"https:\/\/www.elcivismo.com.ar\/notas\/56381\/dos-siniestros-viales-con-camiones-durante-la-madrugada.html\" target=\"_blank\" rel=\"noopener\">El Civismo<\/a><\/p>\n","protected":false},"excerpt":{"rendered":"<p>Durante la madrugada del martes se registraron dos siniestros viales en rutas clave de Luj\u00e1n. Uno de los hechos ocurri\u00f3 &#8230; <a title=\"Dos camiones volcaron durante la madrugada en la Autov\u00eda: no hubo heridos\" class=\"read-more\" href=\"https:\/\/www.hoymercedes.com.ar\/principal\/2025\/07\/16\/dos-camiones-volcaron-durante-la-madrugada-en-la-autovia-no-hubo-heridos\/\" aria-label=\"Leer m\u00e1s sobre Dos camiones volcaron durante la madrugada en la Autov\u00eda: no hubo heridos\">Leer m\u00e1s<\/a><\/p>\n","protected":false},"author":1,"featured_media":186268,"comment_status":"closed","ping_status":"open","sticky":false,"template":"","format":"standard","meta":{"_monsterinsights_skip_tracking":false,"_monsterinsights_sitenote_active":false,"_monsterinsights_sitenote_note":"","_monsterinsights_sitenote_category":0,"jetpack_post_was_ever_published":false,"_jetpack_newsletter_access":"","_jetpack_dont_email_post_to_subs":false,"_jetpack_newsletter_tier_id":0,"_jetpack_memberships_contains_paywalled_content":false,"_jetpack_memberships_contains_paid_content":false,"footnotes":"","jetpack_publicize_message":"","jetpack_publicize_feature_enabled":true,"jetpack_social_post_already_shared":false,"jetpack_social_options":{"image_generator_settings":{"template":"highway","default_image_id":0,"enabled":false},"version":2},"_wpas_customize_per_network":false},"categories":[85],"tags":[3521,10395],"class_list":["post-186267","post","type-post","status-publish","format-standard","has-post-thumbnail","hentry","category-policial","tag-autovia-5","tag-siniestro-vial","generate-columns","tablet-grid-50","mobile-grid-100","grid-parent","grid-50"],"jetpack_publicize_connections":[],"jetpack_featured_media_url":"https:\/\/www.hoymercedes.com.ar\/principal\/wp-content\/uploads\/2025\/07\/Vuelco-Camiones.jpg","wps_subtitle":"Siniestro vial","jetpack_sharing_enabled":true,"_links":{"self":[{"href":"https:\/\/www.hoymercedes.com.ar\/principal\/wp-json\/wp\/v2\/posts\/186267","targetHints":{"allow":["GET"]}}],"collection":[{"href":"https:\/\/www.hoymercedes.com.ar\/principal\/wp-json\/wp\/v2\/posts"}],"about":[{"href":"https:\/\/www.hoymercedes.com.ar\/principal\/wp-json\/wp\/v2\/types\/post"}],"author":[{"embeddable":true,"href":"https:\/\/www.hoymercedes.com.ar\/principal\/wp-json\/wp\/v2\/users\/1"}],"replies":[{"embeddable":true,"href":"https:\/\/www.hoymercedes.com.ar\/principal\/wp-json\/wp\/v2\/comments?post=186267"}],"version-history":[{"count":2,"href":"https:\/\/www.hoymercedes.com.ar\/principal\/wp-json\/wp\/v2\/posts\/186267\/revisions"}],"predecessor-version":[{"id":186270,"href":"https:\/\/www.hoymercedes.com.ar\/principal\/wp-json\/wp\/v2\/posts\/186267\/revisions\/186270"}],"wp:featuredmedia":[{"embeddable":true,"href":"https:\/\/www.hoymercedes.com.ar\/principal\/wp-json\/wp\/v2\/media\/186268"}],"wp:attachment":[{"href":"https:\/\/www.hoymercedes.com.ar\/principal\/wp-json\/wp\/v2\/media?parent=186267"}],"wp:term":[{"taxonomy":"category","embeddable":true,"href":"https:\/\/www.hoymercedes.com.ar\/principal\/wp-json\/wp\/v2\/categories?post=186267"},{"taxonomy":"post_tag","embeddable":true,"href":"https:\/\/www.hoymercedes.com.ar\/principal\/wp-json\/wp\/v2\/tags?post=186267"}],"curies":[{"name":"wp","href":"https:\/\/api.w.org\/{rel}","templated":true}]}}