{"id":186273,"date":"2025-07-16T21:24:26","date_gmt":"2025-07-17T00:24:26","guid":{"rendered":"https:\/\/www.hoymercedes.com.ar\/principal\/?p=186273"},"modified":"2025-07-16T21:24:28","modified_gmt":"2025-07-17T00:24:28","slug":"vecina-de-mercedes-resulta-herida-en-un-grave-accidente-en-el-norte-del-pais","status":"publish","type":"post","link":"https:\/\/www.hoymercedes.com.ar\/principal\/2025\/07\/16\/vecina-de-mercedes-resulta-herida-en-un-grave-accidente-en-el-norte-del-pais\/","title":{"rendered":"Vecina de Mercedes resulta herida en un grave accidente en el norte del pa\u00eds"},"content":{"rendered":"\n<figure class=\"wp-block-image size-large\"><img loading=\"lazy\" decoding=\"async\" width=\"1024\" height=\"768\" data-attachment-id=\"186274\" data-permalink=\"https:\/\/www.hoymercedes.com.ar\/principal\/2025\/07\/16\/vecina-de-mercedes-resulta-herida-en-un-grave-accidente-en-el-norte-del-pais\/siniestro-catamarca\/#main\" data-orig-file=\"https:\/\/www.hoymercedes.com.ar\/principal\/wp-content\/uploads\/2025\/07\/Siniestro-Catamarca.jpg\" data-orig-size=\"1200,900\" data-comments-opened=\"0\" data-image-meta=\"{&quot;aperture&quot;:&quot;0&quot;,&quot;credit&quot;:&quot;&quot;,&quot;camera&quot;:&quot;&quot;,&quot;caption&quot;:&quot;&quot;,&quot;created_timestamp&quot;:&quot;0&quot;,&quot;copyright&quot;:&quot;&quot;,&quot;focal_length&quot;:&quot;0&quot;,&quot;iso&quot;:&quot;0&quot;,&quot;shutter_speed&quot;:&quot;0&quot;,&quot;title&quot;:&quot;&quot;,&quot;orientation&quot;:&quot;0&quot;}\" data-image-title=\"Siniestro-Catamarca\" data-image-description=\"&lt;p&gt;Vecina de Mercedes resulta herida en un grave accidente en el norte del pa\u00eds&lt;\/p&gt;\n\" data-image-caption=\"&lt;p&gt;Vecina de Mercedes resulta herida en un grave accidente en el norte del pa\u00eds&lt;\/p&gt;\n\" data-large-file=\"https:\/\/www.hoymercedes.com.ar\/principal\/wp-content\/uploads\/2025\/07\/Siniestro-Catamarca-1024x768.jpg\" src=\"https:\/\/www.hoymercedes.com.ar\/principal\/wp-content\/uploads\/2025\/07\/Siniestro-Catamarca-1024x768.jpg\" alt=\"\" class=\"wp-image-186274\" srcset=\"https:\/\/www.hoymercedes.com.ar\/principal\/wp-content\/uploads\/2025\/07\/Siniestro-Catamarca-1024x768.jpg 1024w, https:\/\/www.hoymercedes.com.ar\/principal\/wp-content\/uploads\/2025\/07\/Siniestro-Catamarca-630x473.jpg 630w, https:\/\/www.hoymercedes.com.ar\/principal\/wp-content\/uploads\/2025\/07\/Siniestro-Catamarca-150x113.jpg 150w, https:\/\/www.hoymercedes.com.ar\/principal\/wp-content\/uploads\/2025\/07\/Siniestro-Catamarca.jpg 1200w\" sizes=\"auto, (max-width: 1024px) 100vw, 1024px\" \/><\/figure>\n\n\n\n<p>Una mujer de 60 a\u00f1os, oriunda de esta ciudad, sufri\u00f3 heridas de consideraci\u00f3n tras protagonizar un grave siniestro vial en la ma\u00f1ana de hoy en la provincia de Catamarca.<\/p>\n\n\n\n<p>El hecho ocurri\u00f3 cerca de las 9:30 hs en la Ruta Nacional N\u00b0 60, a la altura de la localidad de El Quemado. La v\u00edctima, identificada como Juana del Valle Quispe, conduc\u00eda su autom\u00f3vil Chevrolet \u00d3nix cuando, por razones que se investigan, perdi\u00f3 el control del veh\u00edculo, sali\u00f3 de la calzada e impact\u00f3 violentamente contra un \u00e1rbol.<\/p>\n\n\n\n<p>Producto del choque, la conductora mercedina fue asistida en el lugar y luego trasladada al Hospital San Juan Bautista, en la capital catamarque\u00f1a. En el operativo de rescate y asistencia intervinieron personal de salud local, efectivos de la Subcomisar\u00eda de San Mart\u00edn y Bomberos Voluntarios de Recreo.<\/p>\n\n\n\n<p>La Fiscal\u00eda de Instrucci\u00f3n en turno del Distrito Sur investiga las causas que originaron el accidente.<\/p>\n","protected":false},"excerpt":{"rendered":"<p>Una mujer de 60 a\u00f1os, oriunda de esta ciudad, sufri\u00f3 heridas de consideraci\u00f3n tras protagonizar un grave siniestro vial en &#8230; <a title=\"Vecina de Mercedes resulta herida en un grave accidente en el norte del pa\u00eds\" class=\"read-more\" href=\"https:\/\/www.hoymercedes.com.ar\/principal\/2025\/07\/16\/vecina-de-mercedes-resulta-herida-en-un-grave-accidente-en-el-norte-del-pais\/\" aria-label=\"Leer m\u00e1s sobre Vecina de Mercedes resulta herida en un grave accidente en el norte del pa\u00eds\">Leer m\u00e1s<\/a><\/p>\n","protected":false},"author":1,"featured_media":186274,"comment_status":"closed","ping_status":"open","sticky":false,"template":"","format":"standard","meta":{"_monsterinsights_skip_tracking":false,"_monsterinsights_sitenote_active":false,"_monsterinsights_sitenote_note":"","_monsterinsights_sitenote_category":0,"jetpack_post_was_ever_published":false,"_jetpack_newsletter_access":"","_jetpack_dont_email_post_to_subs":false,"_jetpack_newsletter_tier_id":0,"_jetpack_memberships_contains_paywalled_content":false,"_jetpack_memberships_contains_paid_content":false,"footnotes":"","jetpack_publicize_message":"","jetpack_publicize_feature_enabled":true,"jetpack_social_post_already_shared":false,"jetpack_social_options":{"image_generator_settings":{"template":"highway","default_image_id":0,"enabled":false},"version":2},"_wpas_customize_per_network":false},"categories":[8],"tags":[],"class_list":["post-186273","post","type-post","status-publish","format-standard","has-post-thumbnail","hentry","category-sociedad","generate-columns","tablet-grid-50","mobile-grid-100","grid-parent","grid-50"],"jetpack_publicize_connections":[],"jetpack_featured_media_url":"https:\/\/www.hoymercedes.com.ar\/principal\/wp-content\/uploads\/2025\/07\/Siniestro-Catamarca.jpg","wps_subtitle":"Preocupante","jetpack_sharing_enabled":true,"_links":{"self":[{"href":"https:\/\/www.hoymercedes.com.ar\/principal\/wp-json\/wp\/v2\/posts\/186273","targetHints":{"allow":["GET"]}}],"collection":[{"href":"https:\/\/www.hoymercedes.com.ar\/principal\/wp-json\/wp\/v2\/posts"}],"about":[{"href":"https:\/\/www.hoymercedes.com.ar\/principal\/wp-json\/wp\/v2\/types\/post"}],"author":[{"embeddable":true,"href":"https:\/\/www.hoymercedes.com.ar\/principal\/wp-json\/wp\/v2\/users\/1"}],"replies":[{"embeddable":true,"href":"https:\/\/www.hoymercedes.com.ar\/principal\/wp-json\/wp\/v2\/comments?post=186273"}],"version-history":[{"count":2,"href":"https:\/\/www.hoymercedes.com.ar\/principal\/wp-json\/wp\/v2\/posts\/186273\/revisions"}],"predecessor-version":[{"id":186276,"href":"https:\/\/www.hoymercedes.com.ar\/principal\/wp-json\/wp\/v2\/posts\/186273\/revisions\/186276"}],"wp:featuredmedia":[{"embeddable":true,"href":"https:\/\/www.hoymercedes.com.ar\/principal\/wp-json\/wp\/v2\/media\/186274"}],"wp:attachment":[{"href":"https:\/\/www.hoymercedes.com.ar\/principal\/wp-json\/wp\/v2\/media?parent=186273"}],"wp:term":[{"taxonomy":"category","embeddable":true,"href":"https:\/\/www.hoymercedes.com.ar\/principal\/wp-json\/wp\/v2\/categories?post=186273"},{"taxonomy":"post_tag","embeddable":true,"href":"https:\/\/www.hoymercedes.com.ar\/principal\/wp-json\/wp\/v2\/tags?post=186273"}],"curies":[{"name":"wp","href":"https:\/\/api.w.org\/{rel}","templated":true}]}}