{"id":186291,"date":"2025-07-17T14:42:13","date_gmt":"2025-07-17T17:42:13","guid":{"rendered":"https:\/\/www.hoymercedes.com.ar\/principal\/?p=186291"},"modified":"2025-07-17T14:42:15","modified_gmt":"2025-07-17T17:42:15","slug":"abogados-jura-de-nuevos-matriculados","status":"publish","type":"post","link":"https:\/\/www.hoymercedes.com.ar\/principal\/2025\/07\/17\/abogados-jura-de-nuevos-matriculados\/","title":{"rendered":"Abogados: Jura de nuevos matriculados"},"content":{"rendered":"\n<p>Desde el Colegio de Abogados del Departamento Judicial Mercedes hicieron p\u00fablica la realizaci\u00f3n de dos ceremonias de jura de nuevos matriculados que se incorporaran a la instituci\u00f3n. <\/p>\n\n\n\n<p>El lunes 14 de julio, en el Segundo Piso del nuestro Colegio, prest\u00f3 juramento como matriculado en incompatibilidad el Procurador&nbsp;<strong>Cristian Maximiliano Dematei.<\/strong>&nbsp;La ceremonia fue encabezada por el Dr. Hern\u00e1n Alberto Salaverri, Presidente de la instituci\u00f3n, quien brind\u00f3 c\u00e1lidas palabras de bienvenida ante familiares y amigos que acompa\u00f1aron el acto.<\/p>\n\n\n<div class=\"wp-block-image\">\n<figure class=\"aligncenter size-full\"><img loading=\"lazy\" decoding=\"async\" width=\"800\" height=\"533\" data-attachment-id=\"186293\" data-permalink=\"https:\/\/www.hoymercedes.com.ar\/principal\/2025\/07\/17\/abogados-jura-de-nuevos-matriculados\/20250714_130654\/#main\" data-orig-file=\"https:\/\/www.hoymercedes.com.ar\/principal\/wp-content\/uploads\/2025\/07\/20250714_130654.jpg\" data-orig-size=\"800,533\" data-comments-opened=\"0\" data-image-meta=\"{&quot;aperture&quot;:&quot;0&quot;,&quot;credit&quot;:&quot;&quot;,&quot;camera&quot;:&quot;&quot;,&quot;caption&quot;:&quot;&quot;,&quot;created_timestamp&quot;:&quot;1752498414&quot;,&quot;copyright&quot;:&quot;&quot;,&quot;focal_length&quot;:&quot;0&quot;,&quot;iso&quot;:&quot;0&quot;,&quot;shutter_speed&quot;:&quot;0&quot;,&quot;title&quot;:&quot;&quot;,&quot;orientation&quot;:&quot;0&quot;}\" data-image-title=\"20250714_130654\" data-image-description=\"\" data-image-caption=\"\" data-large-file=\"https:\/\/www.hoymercedes.com.ar\/principal\/wp-content\/uploads\/2025\/07\/20250714_130654.jpg\" src=\"https:\/\/www.hoymercedes.com.ar\/principal\/wp-content\/uploads\/2025\/07\/20250714_130654.jpg\" alt=\"\" class=\"wp-image-186293\" srcset=\"https:\/\/www.hoymercedes.com.ar\/principal\/wp-content\/uploads\/2025\/07\/20250714_130654.jpg 800w, https:\/\/www.hoymercedes.com.ar\/principal\/wp-content\/uploads\/2025\/07\/20250714_130654-630x420.jpg 630w, https:\/\/www.hoymercedes.com.ar\/principal\/wp-content\/uploads\/2025\/07\/20250714_130654-150x100.jpg 150w, https:\/\/www.hoymercedes.com.ar\/principal\/wp-content\/uploads\/2025\/07\/20250714_130654-700x465.jpg 700w\" sizes=\"auto, (max-width: 800px) 100vw, 800px\" \/><\/figure>\n<\/div>\n\n\n<p>En tanto el mi\u00e9rcoles 16 de julio, en nuestro Sal\u00f3n de Actos \u00abDr. Arturo Acu\u00f1a Anzorena\u00bb, tuvo lugar el juramento (tambi\u00e9n presidido por el Dr. Salaverri) de los nuevos matriculados en ejercicio activo. En esta ocasi\u00f3n, juraron los Dres. y Dras.&nbsp;<strong>Leandro Rene Aguer, Fabian Ernesto Padin, Marcos Scorzato, Silvia Mercedes Sotelo, Cesar Norberto Bissutti, Martin Corraro y Alejandro Agustin Milocco.<\/strong><\/p>\n\n\n\n<p>Desde el Colegio de Abogados del Departamento Judicial de Mercedes felicitan a los nuevos matriculados, \u00abdese\u00e1ndoles un camino lleno de \u00e9xitos y crecimiento profesional\u00bb.<\/p>\n\n\n<div class=\"wp-block-image\">\n<figure class=\"aligncenter size-full\"><img loading=\"lazy\" decoding=\"async\" width=\"800\" height=\"349\" data-attachment-id=\"186292\" data-permalink=\"https:\/\/www.hoymercedes.com.ar\/principal\/2025\/07\/17\/abogados-jura-de-nuevos-matriculados\/dsc_0915-edit\/#main\" data-orig-file=\"https:\/\/www.hoymercedes.com.ar\/principal\/wp-content\/uploads\/2025\/07\/DSC_0915-EDIT.jpg\" data-orig-size=\"800,349\" data-comments-opened=\"0\" data-image-meta=\"{&quot;aperture&quot;:&quot;0&quot;,&quot;credit&quot;:&quot;&quot;,&quot;camera&quot;:&quot;&quot;,&quot;caption&quot;:&quot;&quot;,&quot;created_timestamp&quot;:&quot;1752673685&quot;,&quot;copyright&quot;:&quot;&quot;,&quot;focal_length&quot;:&quot;0&quot;,&quot;iso&quot;:&quot;0&quot;,&quot;shutter_speed&quot;:&quot;0&quot;,&quot;title&quot;:&quot;&quot;,&quot;orientation&quot;:&quot;0&quot;}\" data-image-title=\"DSC_0915-EDIT\" data-image-description=\"\" data-image-caption=\"\" data-large-file=\"https:\/\/www.hoymercedes.com.ar\/principal\/wp-content\/uploads\/2025\/07\/DSC_0915-EDIT.jpg\" src=\"https:\/\/www.hoymercedes.com.ar\/principal\/wp-content\/uploads\/2025\/07\/DSC_0915-EDIT.jpg\" alt=\"\" class=\"wp-image-186292\" srcset=\"https:\/\/www.hoymercedes.com.ar\/principal\/wp-content\/uploads\/2025\/07\/DSC_0915-EDIT.jpg 800w, https:\/\/www.hoymercedes.com.ar\/principal\/wp-content\/uploads\/2025\/07\/DSC_0915-EDIT-630x275.jpg 630w, https:\/\/www.hoymercedes.com.ar\/principal\/wp-content\/uploads\/2025\/07\/DSC_0915-EDIT-150x65.jpg 150w\" sizes=\"auto, (max-width: 800px) 100vw, 800px\" \/><\/figure>\n<\/div>","protected":false},"excerpt":{"rendered":"<p>Desde el Colegio de Abogados del Departamento Judicial Mercedes hicieron p\u00fablica la realizaci\u00f3n de dos ceremonias de jura de nuevos &#8230; <a title=\"Abogados: Jura de nuevos matriculados\" class=\"read-more\" href=\"https:\/\/www.hoymercedes.com.ar\/principal\/2025\/07\/17\/abogados-jura-de-nuevos-matriculados\/\" aria-label=\"Leer m\u00e1s sobre Abogados: Jura de nuevos matriculados\">Leer m\u00e1s<\/a><\/p>\n","protected":false},"author":1,"featured_media":186292,"comment_status":"closed","ping_status":"open","sticky":false,"template":"","format":"standard","meta":{"_monsterinsights_skip_tracking":false,"_monsterinsights_sitenote_active":false,"_monsterinsights_sitenote_note":"","_monsterinsights_sitenote_category":0,"jetpack_post_was_ever_published":false,"_jetpack_newsletter_access":"","_jetpack_dont_email_post_to_subs":false,"_jetpack_newsletter_tier_id":0,"_jetpack_memberships_contains_paywalled_content":false,"_jetpack_memberships_contains_paid_content":false,"footnotes":"","jetpack_publicize_message":"","jetpack_publicize_feature_enabled":true,"jetpack_social_post_already_shared":false,"jetpack_social_options":{"image_generator_settings":{"template":"highway","default_image_id":0,"enabled":false},"version":2},"_wpas_customize_per_network":false},"categories":[8],"tags":[],"class_list":["post-186291","post","type-post","status-publish","format-standard","has-post-thumbnail","hentry","category-sociedad","generate-columns","tablet-grid-50","mobile-grid-100","grid-parent","grid-50"],"jetpack_publicize_connections":[],"jetpack_featured_media_url":"https:\/\/www.hoymercedes.com.ar\/principal\/wp-content\/uploads\/2025\/07\/DSC_0915-EDIT.jpg","wps_subtitle":"","jetpack_sharing_enabled":true,"_links":{"self":[{"href":"https:\/\/www.hoymercedes.com.ar\/principal\/wp-json\/wp\/v2\/posts\/186291","targetHints":{"allow":["GET"]}}],"collection":[{"href":"https:\/\/www.hoymercedes.com.ar\/principal\/wp-json\/wp\/v2\/posts"}],"about":[{"href":"https:\/\/www.hoymercedes.com.ar\/principal\/wp-json\/wp\/v2\/types\/post"}],"author":[{"embeddable":true,"href":"https:\/\/www.hoymercedes.com.ar\/principal\/wp-json\/wp\/v2\/users\/1"}],"replies":[{"embeddable":true,"href":"https:\/\/www.hoymercedes.com.ar\/principal\/wp-json\/wp\/v2\/comments?post=186291"}],"version-history":[{"count":1,"href":"https:\/\/www.hoymercedes.com.ar\/principal\/wp-json\/wp\/v2\/posts\/186291\/revisions"}],"predecessor-version":[{"id":186294,"href":"https:\/\/www.hoymercedes.com.ar\/principal\/wp-json\/wp\/v2\/posts\/186291\/revisions\/186294"}],"wp:featuredmedia":[{"embeddable":true,"href":"https:\/\/www.hoymercedes.com.ar\/principal\/wp-json\/wp\/v2\/media\/186292"}],"wp:attachment":[{"href":"https:\/\/www.hoymercedes.com.ar\/principal\/wp-json\/wp\/v2\/media?parent=186291"}],"wp:term":[{"taxonomy":"category","embeddable":true,"href":"https:\/\/www.hoymercedes.com.ar\/principal\/wp-json\/wp\/v2\/categories?post=186291"},{"taxonomy":"post_tag","embeddable":true,"href":"https:\/\/www.hoymercedes.com.ar\/principal\/wp-json\/wp\/v2\/tags?post=186291"}],"curies":[{"name":"wp","href":"https:\/\/api.w.org\/{rel}","templated":true}]}}