{"id":186303,"date":"2025-07-18T18:25:56","date_gmt":"2025-07-18T21:25:56","guid":{"rendered":"https:\/\/www.hoymercedes.com.ar\/principal\/?p=186303"},"modified":"2025-07-18T18:51:00","modified_gmt":"2025-07-18T21:51:00","slug":"una-vez-mas-las-falsas-noticias-afectan-a-nuestra-ciudad","status":"publish","type":"post","link":"https:\/\/www.hoymercedes.com.ar\/principal\/2025\/07\/18\/una-vez-mas-las-falsas-noticias-afectan-a-nuestra-ciudad\/","title":{"rendered":"Una vez m\u00e1s las falsas noticias afectan a nuestra ciudad"},"content":{"rendered":"\n<p>Una vez m\u00e1s nuestra ciudad es objeto de noticias falsas surgidas desde medios de comunicaci\u00f3n de La Plata. En este caso desde un portal platense que habla de las \u00faltimas inundaciones en Mercedes, faltando a la verdad. Vale recordar que ya fue expuesto por sus comportamientos carentes de \u00e9tica y rigurosidad informativa, siendo una cl\u00e1sica \u201coperaci\u00f3n de prensa\u201d.<\/p>\n\n\n\n<p><strong>Noticia<\/strong><\/p>\n\n\n\n<p>El medio expone que Mercedes tuvo una inundaci\u00f3n con da\u00f1os que no fueron tales. En primer lugar, desde la anterior crecida a esta pasamos de m\u00e1s de 500 evacuados a menos de 300, con un febrero r\u00e9cord en ca\u00edda de agua, donde es elocuente comparando que en todo 2015 fue de 1184.3 mm y de enero a mayo de 2025 de 926.6 mm.<\/p>\n\n\n\n<p><strong>Obras<\/strong><\/p>\n\n\n\n<p>La obra del Paseo de la Ribera, como se dio a llamar, m\u00e1s el canal Santa Mar\u00eda, lograron que barrios enteros no tuvieron agua acumulada. Encaradas por la Provincia y gestionadas por la Municipalidad son un avance en infraestructura h\u00eddrica sin comparaci\u00f3n en la historia reciente de la ciudad. El Paseo adem\u00e1s es una obra de cuidado ambiental, que las familias ya empiezan a ver sus resultados, no s\u00f3lo en contenci\u00f3n de agua, sino tambi\u00e9n en cuidado del espacio. Adem\u00e1s de las intervenciones complementarias en canales internos de la ciudad que desembocan en el R\u00edo Luj\u00e1n.<\/p>\n\n\n\n<p>Los mapas que se expusieron y siguen visibles en sitios de noticias y redes sociales dan cuanta c\u00f3mo comparativamente fueron muy pocos los barrios afectados entre aquella crecida de 2015 y esta, superior en ca\u00edda de agua, de 2025, que, gracias a las obras, se logr\u00f3 contener.<\/p>\n\n\n\n<p><strong>Publicidad<\/strong><\/p>\n\n\n\n<p>Ya en varias ocasiones se han expuestos medios ajenos a nuestra ciudad que, como no se les otorga publicidad, empiezan a publicar noticias ajenas a la realidad, confundiendo y enga\u00f1ando al vecino. Son claramente \u201coperaciones pol\u00edticas, medi\u00e1ticas y mal intencionadas\u201d afirmaron fuentes consultadas al respecto.<\/p>\n\n\n\n<p>Fuente: Municipalidad de Mercedes<\/p>\n","protected":false},"excerpt":{"rendered":"<p>Una vez m\u00e1s nuestra ciudad es objeto de noticias falsas surgidas desde medios de comunicaci\u00f3n de La Plata. En este &#8230; <a title=\"Una vez m\u00e1s las falsas noticias afectan a nuestra ciudad\" class=\"read-more\" href=\"https:\/\/www.hoymercedes.com.ar\/principal\/2025\/07\/18\/una-vez-mas-las-falsas-noticias-afectan-a-nuestra-ciudad\/\" aria-label=\"Leer m\u00e1s sobre Una vez m\u00e1s las falsas noticias afectan a nuestra ciudad\">Leer m\u00e1s<\/a><\/p>\n","protected":false},"author":1,"featured_media":186304,"comment_status":"closed","ping_status":"open","sticky":false,"template":"","format":"standard","meta":{"_monsterinsights_skip_tracking":false,"_monsterinsights_sitenote_active":false,"_monsterinsights_sitenote_note":"","_monsterinsights_sitenote_category":0,"jetpack_post_was_ever_published":false,"_jetpack_newsletter_access":"","_jetpack_dont_email_post_to_subs":false,"_jetpack_newsletter_tier_id":0,"_jetpack_memberships_contains_paywalled_content":false,"_jetpack_memberships_contains_paid_content":false,"footnotes":"","jetpack_publicize_message":"","jetpack_publicize_feature_enabled":true,"jetpack_social_post_already_shared":false,"jetpack_social_options":{"image_generator_settings":{"template":"highway","default_image_id":0,"enabled":false},"version":2},"_wpas_customize_per_network":false},"categories":[8],"tags":[],"class_list":["post-186303","post","type-post","status-publish","format-standard","has-post-thumbnail","hentry","category-sociedad","generate-columns","tablet-grid-50","mobile-grid-100","grid-parent","grid-50"],"jetpack_publicize_connections":[],"jetpack_featured_media_url":"https:\/\/www.hoymercedes.com.ar\/principal\/wp-content\/uploads\/2025\/07\/FakeNews.jpg","wps_subtitle":"Debate","jetpack_sharing_enabled":true,"_links":{"self":[{"href":"https:\/\/www.hoymercedes.com.ar\/principal\/wp-json\/wp\/v2\/posts\/186303","targetHints":{"allow":["GET"]}}],"collection":[{"href":"https:\/\/www.hoymercedes.com.ar\/principal\/wp-json\/wp\/v2\/posts"}],"about":[{"href":"https:\/\/www.hoymercedes.com.ar\/principal\/wp-json\/wp\/v2\/types\/post"}],"author":[{"embeddable":true,"href":"https:\/\/www.hoymercedes.com.ar\/principal\/wp-json\/wp\/v2\/users\/1"}],"replies":[{"embeddable":true,"href":"https:\/\/www.hoymercedes.com.ar\/principal\/wp-json\/wp\/v2\/comments?post=186303"}],"version-history":[{"count":4,"href":"https:\/\/www.hoymercedes.com.ar\/principal\/wp-json\/wp\/v2\/posts\/186303\/revisions"}],"predecessor-version":[{"id":186317,"href":"https:\/\/www.hoymercedes.com.ar\/principal\/wp-json\/wp\/v2\/posts\/186303\/revisions\/186317"}],"wp:featuredmedia":[{"embeddable":true,"href":"https:\/\/www.hoymercedes.com.ar\/principal\/wp-json\/wp\/v2\/media\/186304"}],"wp:attachment":[{"href":"https:\/\/www.hoymercedes.com.ar\/principal\/wp-json\/wp\/v2\/media?parent=186303"}],"wp:term":[{"taxonomy":"category","embeddable":true,"href":"https:\/\/www.hoymercedes.com.ar\/principal\/wp-json\/wp\/v2\/categories?post=186303"},{"taxonomy":"post_tag","embeddable":true,"href":"https:\/\/www.hoymercedes.com.ar\/principal\/wp-json\/wp\/v2\/tags?post=186303"}],"curies":[{"name":"wp","href":"https:\/\/api.w.org\/{rel}","templated":true}]}}