{"id":186323,"date":"2025-07-19T18:22:15","date_gmt":"2025-07-19T21:22:15","guid":{"rendered":"https:\/\/www.hoymercedes.com.ar\/principal\/?p=186323"},"modified":"2025-07-19T18:22:57","modified_gmt":"2025-07-19T21:22:57","slug":"viernes-de-handball-en-el-cef-n40-2","status":"publish","type":"post","link":"https:\/\/www.hoymercedes.com.ar\/principal\/2025\/07\/19\/viernes-de-handball-en-el-cef-n40-2\/","title":{"rendered":"Viernes de Handball en el CEF N\u00b040"},"content":{"rendered":"\n<p>Los m\u00e1s peque\u00f1os del Handball Mercedino volvieron a disfrutar de una tarde de juego en el gimnasio del CEF N\u00b040, en donde los equipos locales recibieron a las categor\u00edas Mini e Infantiles en ambas ramas de la Escuela Municipal de Handball.<\/p>\n\n\n\n<figure class=\"wp-block-image size-large\"><img loading=\"lazy\" decoding=\"async\" width=\"1024\" height=\"1024\" data-attachment-id=\"186324\" data-permalink=\"https:\/\/www.hoymercedes.com.ar\/principal\/2025\/07\/19\/viernes-de-handball-en-el-cef-n40-2\/fb_img_1752960004195\/#main\" data-orig-file=\"https:\/\/www.hoymercedes.com.ar\/principal\/wp-content\/uploads\/2025\/07\/FB_IMG_1752960004195.jpg\" data-orig-size=\"1080,1080\" data-comments-opened=\"0\" data-image-meta=\"{&quot;aperture&quot;:&quot;0&quot;,&quot;credit&quot;:&quot;&quot;,&quot;camera&quot;:&quot;&quot;,&quot;caption&quot;:&quot;&quot;,&quot;created_timestamp&quot;:&quot;0&quot;,&quot;copyright&quot;:&quot;&quot;,&quot;focal_length&quot;:&quot;0&quot;,&quot;iso&quot;:&quot;0&quot;,&quot;shutter_speed&quot;:&quot;0&quot;,&quot;title&quot;:&quot;&quot;,&quot;orientation&quot;:&quot;0&quot;}\" data-image-title=\"FB_IMG_1752960004195\" data-image-description=\"\" data-image-caption=\"\" data-large-file=\"https:\/\/www.hoymercedes.com.ar\/principal\/wp-content\/uploads\/2025\/07\/FB_IMG_1752960004195-1024x1024.jpg\" src=\"https:\/\/www.hoymercedes.com.ar\/principal\/wp-content\/uploads\/2025\/07\/FB_IMG_1752960004195-1024x1024.jpg\" alt=\"\" class=\"wp-image-186324\" srcset=\"https:\/\/www.hoymercedes.com.ar\/principal\/wp-content\/uploads\/2025\/07\/FB_IMG_1752960004195-1024x1024.jpg 1024w, https:\/\/www.hoymercedes.com.ar\/principal\/wp-content\/uploads\/2025\/07\/FB_IMG_1752960004195-620x620.jpg 620w, https:\/\/www.hoymercedes.com.ar\/principal\/wp-content\/uploads\/2025\/07\/FB_IMG_1752960004195-150x150.jpg 150w, https:\/\/www.hoymercedes.com.ar\/principal\/wp-content\/uploads\/2025\/07\/FB_IMG_1752960004195.jpg 1080w\" sizes=\"auto, (max-width: 1024px) 100vw, 1024px\" \/><\/figure>\n\n\n\n<p>Los peque\u00f1os de mini handball jugaron muchos partidos coordinados por los profesores Nicolas Mirchenko y Camila Claudel, disfrutando del deporte corriendo y lanzando junto a sus compa\u00f1eros de equipo y compa\u00f1eros de juego.<\/p>\n\n\n\n<p>Mientras que en otra cancha, jugaron las categor\u00edas Infantiles femenino y masculino disputando varios partidos coordinados por los profesores Bruno Saion y Dami\u00e1n Altieri, intercambiando experiencias con sus compa\u00f1eros de jugo y consolidando sus conocimientos deportivos.<\/p>\n\n\n\n<p>Fuente: Prensa LIMEBA. <\/p>\n\n\n\n<p><\/p>\n","protected":false},"excerpt":{"rendered":"<p>Los m\u00e1s peque\u00f1os del Handball Mercedino volvieron a disfrutar de una tarde de juego en el gimnasio del CEF N\u00b040, &#8230; <a title=\"Viernes de Handball en el CEF N\u00b040\" class=\"read-more\" href=\"https:\/\/www.hoymercedes.com.ar\/principal\/2025\/07\/19\/viernes-de-handball-en-el-cef-n40-2\/\" aria-label=\"Leer m\u00e1s sobre Viernes de Handball en el CEF N\u00b040\">Leer m\u00e1s<\/a><\/p>\n","protected":false},"author":1,"featured_media":186324,"comment_status":"closed","ping_status":"open","sticky":false,"template":"","format":"standard","meta":{"_monsterinsights_skip_tracking":false,"_monsterinsights_sitenote_active":false,"_monsterinsights_sitenote_note":"","_monsterinsights_sitenote_category":0,"jetpack_post_was_ever_published":false,"_jetpack_newsletter_access":"","_jetpack_dont_email_post_to_subs":false,"_jetpack_newsletter_tier_id":0,"_jetpack_memberships_contains_paywalled_content":false,"_jetpack_memberships_contains_paid_content":false,"footnotes":"","jetpack_publicize_message":"","jetpack_publicize_feature_enabled":true,"jetpack_social_post_already_shared":false,"jetpack_social_options":{"image_generator_settings":{"template":"highway","default_image_id":0,"enabled":false},"version":2},"_wpas_customize_per_network":false},"categories":[8],"tags":[],"class_list":["post-186323","post","type-post","status-publish","format-standard","has-post-thumbnail","hentry","category-sociedad","generate-columns","tablet-grid-50","mobile-grid-100","grid-parent","grid-50"],"jetpack_publicize_connections":[],"jetpack_featured_media_url":"https:\/\/www.hoymercedes.com.ar\/principal\/wp-content\/uploads\/2025\/07\/FB_IMG_1752960004195.jpg","wps_subtitle":"","jetpack_sharing_enabled":true,"_links":{"self":[{"href":"https:\/\/www.hoymercedes.com.ar\/principal\/wp-json\/wp\/v2\/posts\/186323","targetHints":{"allow":["GET"]}}],"collection":[{"href":"https:\/\/www.hoymercedes.com.ar\/principal\/wp-json\/wp\/v2\/posts"}],"about":[{"href":"https:\/\/www.hoymercedes.com.ar\/principal\/wp-json\/wp\/v2\/types\/post"}],"author":[{"embeddable":true,"href":"https:\/\/www.hoymercedes.com.ar\/principal\/wp-json\/wp\/v2\/users\/1"}],"replies":[{"embeddable":true,"href":"https:\/\/www.hoymercedes.com.ar\/principal\/wp-json\/wp\/v2\/comments?post=186323"}],"version-history":[{"count":1,"href":"https:\/\/www.hoymercedes.com.ar\/principal\/wp-json\/wp\/v2\/posts\/186323\/revisions"}],"predecessor-version":[{"id":186325,"href":"https:\/\/www.hoymercedes.com.ar\/principal\/wp-json\/wp\/v2\/posts\/186323\/revisions\/186325"}],"wp:featuredmedia":[{"embeddable":true,"href":"https:\/\/www.hoymercedes.com.ar\/principal\/wp-json\/wp\/v2\/media\/186324"}],"wp:attachment":[{"href":"https:\/\/www.hoymercedes.com.ar\/principal\/wp-json\/wp\/v2\/media?parent=186323"}],"wp:term":[{"taxonomy":"category","embeddable":true,"href":"https:\/\/www.hoymercedes.com.ar\/principal\/wp-json\/wp\/v2\/categories?post=186323"},{"taxonomy":"post_tag","embeddable":true,"href":"https:\/\/www.hoymercedes.com.ar\/principal\/wp-json\/wp\/v2\/tags?post=186323"}],"curies":[{"name":"wp","href":"https:\/\/api.w.org\/{rel}","templated":true}]}}