{"id":186326,"date":"2025-07-19T22:38:11","date_gmt":"2025-07-20T01:38:11","guid":{"rendered":"https:\/\/www.hoymercedes.com.ar\/principal\/?p=186326"},"modified":"2025-07-19T22:38:51","modified_gmt":"2025-07-20T01:38:51","slug":"vecinos-por-mercedes-presento-a-sus-candidatos","status":"publish","type":"post","link":"https:\/\/www.hoymercedes.com.ar\/principal\/2025\/07\/19\/vecinos-por-mercedes-presento-a-sus-candidatos\/","title":{"rendered":"Vecinos por Mercedes present\u00f3 a sus candidatos"},"content":{"rendered":"\n<p><em>La agrupaci\u00f3n vecinal present\u00f3 su lista de candidatos en el Concejo Deliberante y el Consejo Escolar. Entre sus integrantes hay referentes barriales, docentes, auxiliares y j\u00f3venes estudiantes.<\/em><\/p>\n\n\n<div class=\"wp-block-image\">\n<figure class=\"aligncenter size-full\"><img loading=\"lazy\" decoding=\"async\" width=\"799\" height=\"535\" data-attachment-id=\"186329\" data-permalink=\"https:\/\/www.hoymercedes.com.ar\/principal\/2025\/07\/19\/vecinos-por-mercedes-presento-a-sus-candidatos\/img-20250719-wa0013_copy_800x535\/#main\" data-orig-file=\"https:\/\/www.hoymercedes.com.ar\/principal\/wp-content\/uploads\/2025\/07\/IMG-20250719-WA0013_copy_800x535.jpg\" data-orig-size=\"799,535\" data-comments-opened=\"0\" data-image-meta=\"{&quot;aperture&quot;:&quot;0&quot;,&quot;credit&quot;:&quot;&quot;,&quot;camera&quot;:&quot;&quot;,&quot;caption&quot;:&quot;&quot;,&quot;created_timestamp&quot;:&quot;0&quot;,&quot;copyright&quot;:&quot;&quot;,&quot;focal_length&quot;:&quot;0&quot;,&quot;iso&quot;:&quot;0&quot;,&quot;shutter_speed&quot;:&quot;0&quot;,&quot;title&quot;:&quot;&quot;,&quot;orientation&quot;:&quot;0&quot;}\" data-image-title=\"IMG-20250719-WA0013_copy_800x535\" data-image-description=\"\" data-image-caption=\"\" data-large-file=\"https:\/\/www.hoymercedes.com.ar\/principal\/wp-content\/uploads\/2025\/07\/IMG-20250719-WA0013_copy_800x535.jpg\" src=\"https:\/\/www.hoymercedes.com.ar\/principal\/wp-content\/uploads\/2025\/07\/IMG-20250719-WA0013_copy_800x535.jpg\" alt=\"\" class=\"wp-image-186329\" srcset=\"https:\/\/www.hoymercedes.com.ar\/principal\/wp-content\/uploads\/2025\/07\/IMG-20250719-WA0013_copy_800x535.jpg 799w, https:\/\/www.hoymercedes.com.ar\/principal\/wp-content\/uploads\/2025\/07\/IMG-20250719-WA0013_copy_800x535-630x422.jpg 630w, https:\/\/www.hoymercedes.com.ar\/principal\/wp-content\/uploads\/2025\/07\/IMG-20250719-WA0013_copy_800x535-150x100.jpg 150w\" sizes=\"auto, (max-width: 799px) 100vw, 799px\" \/><\/figure>\n<\/div>\n\n\n<p>En la tarde del s\u00e1bado se dio a conocer oficialmente la n\u00f3mina de candidatos y candidatas de la agrupaci\u00f3n vecinal \u201cVecinos por Mercedes\u201d, que competir\u00e1 en las elecciones del pr\u00f3ximo 7 de septiembre por bancas en el Concejo Deliberante y en el Consejo Escolar del distrito.<\/p>\n\n\n\n<p>Encabezada por Bernardo Manuel Zubeld\u00eda, la lista se presenta como una alternativa ciudadana que, seg\u00fan destacan sus impulsores, \u201cviene a oxigenar la pol\u00edtica local\u201d. Lo acompa\u00f1an en los primeros lugares como concejales titulares Romanela Ayel\u00e9n Vautretto y Rogelio Zelaya, este \u00faltimo se\u00f1alado como un perfil muy comprometido por quienes integran el espacio.<\/p>\n\n\n\n<p>La propuesta de \u201cVecinos por Mercedes\u201d incluye entre sus candidaturas a personas con trayectorias diversas y vinculadas a los barrios, la educaci\u00f3n y la vida comunitaria. En los puestos de concejales titulares tambi\u00e9n figuran Mar\u00eda del Rosario Claudel, Franco Agust\u00edn Amaya, Valeria Gabriela Viale, Maximiliano Mart\u00edn Cara, Susana Beatriz S\u00e1nchez y Cecilio Nicol\u00e1s Desima. Como concejales suplentes se postulan Noem\u00ed Elisabet Blanco, Pablo Ra\u00fal Flores, Sonia Nancy Carabajal, Carlos A. Garavano, Zulma Susana Etcheverry e Ismael Sergio Vega.<\/p>\n\n\n<div class=\"wp-block-image\">\n<figure class=\"aligncenter size-full\"><img loading=\"lazy\" decoding=\"async\" width=\"800\" height=\"526\" data-attachment-id=\"186328\" data-permalink=\"https:\/\/www.hoymercedes.com.ar\/principal\/2025\/07\/19\/vecinos-por-mercedes-presento-a-sus-candidatos\/img-20250719-wa0014_copy_800x526\/#main\" data-orig-file=\"https:\/\/www.hoymercedes.com.ar\/principal\/wp-content\/uploads\/2025\/07\/IMG-20250719-WA0014_copy_800x526.jpg\" data-orig-size=\"800,526\" data-comments-opened=\"0\" data-image-meta=\"{&quot;aperture&quot;:&quot;0&quot;,&quot;credit&quot;:&quot;&quot;,&quot;camera&quot;:&quot;&quot;,&quot;caption&quot;:&quot;&quot;,&quot;created_timestamp&quot;:&quot;0&quot;,&quot;copyright&quot;:&quot;&quot;,&quot;focal_length&quot;:&quot;0&quot;,&quot;iso&quot;:&quot;0&quot;,&quot;shutter_speed&quot;:&quot;0&quot;,&quot;title&quot;:&quot;&quot;,&quot;orientation&quot;:&quot;0&quot;}\" data-image-title=\"IMG-20250719-WA0014_copy_800x526\" data-image-description=\"\" data-image-caption=\"\" data-large-file=\"https:\/\/www.hoymercedes.com.ar\/principal\/wp-content\/uploads\/2025\/07\/IMG-20250719-WA0014_copy_800x526.jpg\" src=\"https:\/\/www.hoymercedes.com.ar\/principal\/wp-content\/uploads\/2025\/07\/IMG-20250719-WA0014_copy_800x526.jpg\" alt=\"\" class=\"wp-image-186328\" srcset=\"https:\/\/www.hoymercedes.com.ar\/principal\/wp-content\/uploads\/2025\/07\/IMG-20250719-WA0014_copy_800x526.jpg 800w, https:\/\/www.hoymercedes.com.ar\/principal\/wp-content\/uploads\/2025\/07\/IMG-20250719-WA0014_copy_800x526-630x414.jpg 630w, https:\/\/www.hoymercedes.com.ar\/principal\/wp-content\/uploads\/2025\/07\/IMG-20250719-WA0014_copy_800x526-150x99.jpg 150w\" sizes=\"auto, (max-width: 800px) 100vw, 800px\" \/><\/figure>\n<\/div>\n\n\n<p>Para el Consejo Escolar, la lista est\u00e1 integrada por Carla Daniela Pederneschi, directora de una instituci\u00f3n educativa; Samuel Agust\u00edn Guti\u00e9rrez, estudiante del profesorado de Educaci\u00f3n F\u00edsica; y Daniela M\u00f3nica Manrique, auxiliar docente. En los cargos suplentes se postulan los docentes Germ\u00e1n Eduardo Calvo y Gisela V\u00e1zquez, junto a Mario Adolfo Anania, estudiante del nivel superior.<\/p>\n\n\n\n<p>Desde la agrupaci\u00f3n destacan \u00abel perfil plural y comunitario\u00bb de la lista, integrada por personas con participaci\u00f3n activa en sus \u00e1mbitos laborales y territoriales, sin pertenencia a estructuras partidarias tradicionales. \u00abLa elecci\u00f3n, prevista para el 7 de septiembre, ser\u00e1 clave para la renovaci\u00f3n de representantes en el legislativo local y en el \u00f3rgano que define y acompa\u00f1a pol\u00edticas educativas en el distrito\u00bb, destacan desde la agrupaci\u00f3n vecinal.<\/p>\n","protected":false},"excerpt":{"rendered":"<p>La agrupaci\u00f3n vecinal present\u00f3 su lista de candidatos en el Concejo Deliberante y el Consejo Escolar. Entre sus integrantes hay &#8230; <a title=\"Vecinos por Mercedes present\u00f3 a sus candidatos\" class=\"read-more\" href=\"https:\/\/www.hoymercedes.com.ar\/principal\/2025\/07\/19\/vecinos-por-mercedes-presento-a-sus-candidatos\/\" aria-label=\"Leer m\u00e1s sobre Vecinos por Mercedes present\u00f3 a sus candidatos\">Leer m\u00e1s<\/a><\/p>\n","protected":false},"author":1,"featured_media":186329,"comment_status":"closed","ping_status":"open","sticky":false,"template":"","format":"standard","meta":{"_monsterinsights_skip_tracking":false,"_monsterinsights_sitenote_active":false,"_monsterinsights_sitenote_note":"","_monsterinsights_sitenote_category":0,"jetpack_post_was_ever_published":false,"_jetpack_newsletter_access":"","_jetpack_dont_email_post_to_subs":false,"_jetpack_newsletter_tier_id":0,"_jetpack_memberships_contains_paywalled_content":false,"_jetpack_memberships_contains_paid_content":false,"footnotes":"","jetpack_publicize_message":"","jetpack_publicize_feature_enabled":true,"jetpack_social_post_already_shared":false,"jetpack_social_options":{"image_generator_settings":{"template":"highway","default_image_id":0,"enabled":false},"version":2},"_wpas_customize_per_network":false},"categories":[8],"tags":[],"class_list":["post-186326","post","type-post","status-publish","format-standard","has-post-thumbnail","hentry","category-sociedad","generate-columns","tablet-grid-50","mobile-grid-100","grid-parent","grid-50"],"jetpack_publicize_connections":[],"jetpack_featured_media_url":"https:\/\/www.hoymercedes.com.ar\/principal\/wp-content\/uploads\/2025\/07\/IMG-20250719-WA0013_copy_800x535.jpg","wps_subtitle":"","jetpack_sharing_enabled":true,"_links":{"self":[{"href":"https:\/\/www.hoymercedes.com.ar\/principal\/wp-json\/wp\/v2\/posts\/186326","targetHints":{"allow":["GET"]}}],"collection":[{"href":"https:\/\/www.hoymercedes.com.ar\/principal\/wp-json\/wp\/v2\/posts"}],"about":[{"href":"https:\/\/www.hoymercedes.com.ar\/principal\/wp-json\/wp\/v2\/types\/post"}],"author":[{"embeddable":true,"href":"https:\/\/www.hoymercedes.com.ar\/principal\/wp-json\/wp\/v2\/users\/1"}],"replies":[{"embeddable":true,"href":"https:\/\/www.hoymercedes.com.ar\/principal\/wp-json\/wp\/v2\/comments?post=186326"}],"version-history":[{"count":2,"href":"https:\/\/www.hoymercedes.com.ar\/principal\/wp-json\/wp\/v2\/posts\/186326\/revisions"}],"predecessor-version":[{"id":186330,"href":"https:\/\/www.hoymercedes.com.ar\/principal\/wp-json\/wp\/v2\/posts\/186326\/revisions\/186330"}],"wp:featuredmedia":[{"embeddable":true,"href":"https:\/\/www.hoymercedes.com.ar\/principal\/wp-json\/wp\/v2\/media\/186329"}],"wp:attachment":[{"href":"https:\/\/www.hoymercedes.com.ar\/principal\/wp-json\/wp\/v2\/media?parent=186326"}],"wp:term":[{"taxonomy":"category","embeddable":true,"href":"https:\/\/www.hoymercedes.com.ar\/principal\/wp-json\/wp\/v2\/categories?post=186326"},{"taxonomy":"post_tag","embeddable":true,"href":"https:\/\/www.hoymercedes.com.ar\/principal\/wp-json\/wp\/v2\/tags?post=186326"}],"curies":[{"name":"wp","href":"https:\/\/api.w.org\/{rel}","templated":true}]}}