{"id":186331,"date":"2025-07-19T23:36:55","date_gmt":"2025-07-20T02:36:55","guid":{"rendered":"https:\/\/www.hoymercedes.com.ar\/principal\/?p=186331"},"modified":"2025-07-19T23:36:57","modified_gmt":"2025-07-20T02:36:57","slug":"agreden-a-arbitro-y-debe-ser-atendido-en-hospital","status":"publish","type":"post","link":"https:\/\/www.hoymercedes.com.ar\/principal\/2025\/07\/19\/agreden-a-arbitro-y-debe-ser-atendido-en-hospital\/","title":{"rendered":"Agreden a \u00e1rbitro y debe ser atendido en Hospital"},"content":{"rendered":"\n<p>La irracionalidad gan\u00f3 terreno en el campo de juego mientras se disputaba un encuentro de reserva entre <strong>Quilmes y Holanda<\/strong>. El herido fue el refer\u00ed <strong>Emanuel S\u00e1nchez,<\/strong> qui\u00e9n debi\u00f3 ser atendido en el Hospital Dubarry por el fuerte golpe recibido en la cara.<\/p>\n\n\n\n<p>La violencia vuelve a manchar el f\u00fatbol de Mercedes. En la tarde de este s\u00e1bado, un partido correspondiente a la Segunda Divisi\u00f3n de la Liga Mercedina fue suspendido a los 15 minutos del segundo tiempo a ra\u00edz de una brutal agresi\u00f3n sufrida por el \u00e1rbitro Emanuel S\u00e1nchez. El colegiado se debi\u00f3 atender en el Hospital Dubarry con una seria lesi\u00f3n en uno de sus ojos, tras la agresi\u00f3n recibida.<\/p>\n\n\n\n<p>Al momento del la violencia iba el encuentro 6 a 1 a favor de Quilmes. <\/p>\n","protected":false},"excerpt":{"rendered":"<p>La irracionalidad gan\u00f3 terreno en el campo de juego mientras se disputaba un encuentro de reserva entre Quilmes y Holanda. &#8230; <a title=\"Agreden a \u00e1rbitro y debe ser atendido en Hospital\" class=\"read-more\" href=\"https:\/\/www.hoymercedes.com.ar\/principal\/2025\/07\/19\/agreden-a-arbitro-y-debe-ser-atendido-en-hospital\/\" aria-label=\"Leer m\u00e1s sobre Agreden a \u00e1rbitro y debe ser atendido en Hospital\">Leer m\u00e1s<\/a><\/p>\n","protected":false},"author":1,"featured_media":186332,"comment_status":"closed","ping_status":"open","sticky":false,"template":"","format":"standard","meta":{"_monsterinsights_skip_tracking":false,"_monsterinsights_sitenote_active":false,"_monsterinsights_sitenote_note":"","_monsterinsights_sitenote_category":0,"jetpack_post_was_ever_published":false,"_jetpack_newsletter_access":"","_jetpack_dont_email_post_to_subs":false,"_jetpack_newsletter_tier_id":0,"_jetpack_memberships_contains_paywalled_content":false,"_jetpack_memberships_contains_paid_content":false,"footnotes":"","jetpack_publicize_message":"","jetpack_publicize_feature_enabled":true,"jetpack_social_post_already_shared":false,"jetpack_social_options":{"image_generator_settings":{"template":"highway","default_image_id":0,"enabled":false},"version":2},"_wpas_customize_per_network":false},"categories":[21],"tags":[12951,1901,1413,18419],"class_list":["post-186331","post","type-post","status-publish","format-standard","has-post-thumbnail","hentry","category-deportes","tag-holanda","tag-liga-mercedina","tag-quilmes","tag-violencia-en-el-futbol","generate-columns","tablet-grid-50","mobile-grid-100","grid-parent","grid-50"],"jetpack_publicize_connections":[],"jetpack_featured_media_url":"https:\/\/www.hoymercedes.com.ar\/principal\/wp-content\/uploads\/2025\/07\/mr-football-4564458_1280.jpg","wps_subtitle":"Violencia","jetpack_sharing_enabled":true,"_links":{"self":[{"href":"https:\/\/www.hoymercedes.com.ar\/principal\/wp-json\/wp\/v2\/posts\/186331","targetHints":{"allow":["GET"]}}],"collection":[{"href":"https:\/\/www.hoymercedes.com.ar\/principal\/wp-json\/wp\/v2\/posts"}],"about":[{"href":"https:\/\/www.hoymercedes.com.ar\/principal\/wp-json\/wp\/v2\/types\/post"}],"author":[{"embeddable":true,"href":"https:\/\/www.hoymercedes.com.ar\/principal\/wp-json\/wp\/v2\/users\/1"}],"replies":[{"embeddable":true,"href":"https:\/\/www.hoymercedes.com.ar\/principal\/wp-json\/wp\/v2\/comments?post=186331"}],"version-history":[{"count":2,"href":"https:\/\/www.hoymercedes.com.ar\/principal\/wp-json\/wp\/v2\/posts\/186331\/revisions"}],"predecessor-version":[{"id":186334,"href":"https:\/\/www.hoymercedes.com.ar\/principal\/wp-json\/wp\/v2\/posts\/186331\/revisions\/186334"}],"wp:featuredmedia":[{"embeddable":true,"href":"https:\/\/www.hoymercedes.com.ar\/principal\/wp-json\/wp\/v2\/media\/186332"}],"wp:attachment":[{"href":"https:\/\/www.hoymercedes.com.ar\/principal\/wp-json\/wp\/v2\/media?parent=186331"}],"wp:term":[{"taxonomy":"category","embeddable":true,"href":"https:\/\/www.hoymercedes.com.ar\/principal\/wp-json\/wp\/v2\/categories?post=186331"},{"taxonomy":"post_tag","embeddable":true,"href":"https:\/\/www.hoymercedes.com.ar\/principal\/wp-json\/wp\/v2\/tags?post=186331"}],"curies":[{"name":"wp","href":"https:\/\/api.w.org\/{rel}","templated":true}]}}