{"id":186363,"date":"2025-07-20T18:29:48","date_gmt":"2025-07-20T21:29:48","guid":{"rendered":"https:\/\/www.hoymercedes.com.ar\/principal\/?p=186363"},"modified":"2025-07-20T18:30:25","modified_gmt":"2025-07-20T21:30:25","slug":"potencia-confirma-sus-primeros-candidatos-locales","status":"publish","type":"post","link":"https:\/\/www.hoymercedes.com.ar\/principal\/2025\/07\/20\/potencia-confirma-sus-primeros-candidatos-locales\/","title":{"rendered":"Potencia confirma sus primeros candidatos locales"},"content":{"rendered":"\n<p>El equipo de Potencia Mercedes confirm\u00f3 a los dos primeros candidatos para el Concejo Deliberante y los dos para el Consejo Escolar. Se tratan de Carlos Mosso (concejal mandato cumplido) y Sandra Guti\u00e9rrez por el departamento legislativo, y a Carolina Deprati Garay y Bautista Dellepiane para el cuerpo de consejeros. <\/p>\n\n\n\n<p>\u00abCon la prudencia que nos manejamos, esperando la confirmaci\u00f3n oficial desde la Junta Electoral, independientemente que en el d\u00eda de ayer s\u00e1bado en tiempo y forma presentamos la documentaci\u00f3n correspondiente para acreditar nuestra lista de candidatos a concejales y consejeros, Potencia tendr\u00eda su propia boleta en nuestra localidad\u00bb, asegura Carlos Mosso confirmando algunos de los nombres de los candidatos que encabeza. <\/p>\n\n\n\n<p>\u00abHemos armado un equipo tan diverso como necesario. Con la experiencia de quienes ya pelearon mil batallas y con la energ\u00eda de quienes llegan con ideas frescas y ganas reales de transformar\u00bb, expresan desde el equipo de Potencia Mercedes. <\/p>\n\n\n\n<p>\u00abNo vinimos a adaptarnos. Vinimos a sacudir estructuras oxidadas que se aferran al poder, se enamoran de \u00e9l y se  olvida para qu\u00e9 est\u00e1n. Nosotros, por el entusiasmo que se respira, sabemos, todos, que esto es en serio\u00bb, agregan. <\/p>\n\n\n\n<p>\u00abDesde las convicci\u00f3n republicana firme, en un Estado democr\u00e1tico que cree en la justicia social, vamos a empujar uan propuesta clara, \u00e9tica, decente, con los pies en la tierra y el coraz\u00f3n en Mercedes para representarlos\u00bb. <\/p>\n\n\n\n<p>Por \u00faltimo, afirmaron que en los pr\u00f3ximos d\u00edas, cuando la Junta Electoral confirme la lista, dar\u00e1n a conocer la n\u00f3mina de candidatos en Mercedes. <\/p>\n\n\n<div class=\"wp-block-image\">\n<figure class=\"aligncenter size-large\"><img loading=\"lazy\" decoding=\"async\" width=\"614\" height=\"1024\" data-attachment-id=\"186364\" data-permalink=\"https:\/\/www.hoymercedes.com.ar\/principal\/2025\/07\/20\/potencia-confirma-sus-primeros-candidatos-locales\/whatsapp-image-2025-07-20-at-14-21-14\/#main\" data-orig-file=\"https:\/\/www.hoymercedes.com.ar\/principal\/wp-content\/uploads\/2025\/07\/WhatsApp-Image-2025-07-20-at-14.21.14.jpeg\" data-orig-size=\"960,1600\" data-comments-opened=\"0\" data-image-meta=\"{&quot;aperture&quot;:&quot;0&quot;,&quot;credit&quot;:&quot;&quot;,&quot;camera&quot;:&quot;&quot;,&quot;caption&quot;:&quot;&quot;,&quot;created_timestamp&quot;:&quot;0&quot;,&quot;copyright&quot;:&quot;&quot;,&quot;focal_length&quot;:&quot;0&quot;,&quot;iso&quot;:&quot;0&quot;,&quot;shutter_speed&quot;:&quot;0&quot;,&quot;title&quot;:&quot;&quot;,&quot;orientation&quot;:&quot;0&quot;}\" data-image-title=\"WhatsApp Image 2025-07-20 at 14.21.14\" data-image-description=\"\" data-image-caption=\"\" data-large-file=\"https:\/\/www.hoymercedes.com.ar\/principal\/wp-content\/uploads\/2025\/07\/WhatsApp-Image-2025-07-20-at-14.21.14-614x1024.jpeg\" src=\"https:\/\/www.hoymercedes.com.ar\/principal\/wp-content\/uploads\/2025\/07\/WhatsApp-Image-2025-07-20-at-14.21.14-614x1024.jpeg\" alt=\"\" class=\"wp-image-186364\" srcset=\"https:\/\/www.hoymercedes.com.ar\/principal\/wp-content\/uploads\/2025\/07\/WhatsApp-Image-2025-07-20-at-14.21.14-614x1024.jpeg 614w, https:\/\/www.hoymercedes.com.ar\/principal\/wp-content\/uploads\/2025\/07\/WhatsApp-Image-2025-07-20-at-14.21.14-372x620.jpeg 372w, https:\/\/www.hoymercedes.com.ar\/principal\/wp-content\/uploads\/2025\/07\/WhatsApp-Image-2025-07-20-at-14.21.14-90x150.jpeg 90w, https:\/\/www.hoymercedes.com.ar\/principal\/wp-content\/uploads\/2025\/07\/WhatsApp-Image-2025-07-20-at-14.21.14-922x1536.jpeg 922w, https:\/\/www.hoymercedes.com.ar\/principal\/wp-content\/uploads\/2025\/07\/WhatsApp-Image-2025-07-20-at-14.21.14.jpeg 960w\" sizes=\"auto, (max-width: 614px) 100vw, 614px\" \/><\/figure>\n<\/div>","protected":false},"excerpt":{"rendered":"<p>El equipo de Potencia Mercedes confirm\u00f3 a los dos primeros candidatos para el Concejo Deliberante y los dos para el &#8230; <a title=\"Potencia confirma sus primeros candidatos locales\" class=\"read-more\" href=\"https:\/\/www.hoymercedes.com.ar\/principal\/2025\/07\/20\/potencia-confirma-sus-primeros-candidatos-locales\/\" aria-label=\"Leer m\u00e1s sobre Potencia confirma sus primeros candidatos locales\">Leer m\u00e1s<\/a><\/p>\n","protected":false},"author":1,"featured_media":186364,"comment_status":"closed","ping_status":"open","sticky":false,"template":"","format":"standard","meta":{"_monsterinsights_skip_tracking":false,"_monsterinsights_sitenote_active":false,"_monsterinsights_sitenote_note":"","_monsterinsights_sitenote_category":0,"jetpack_post_was_ever_published":false,"_jetpack_newsletter_access":"","_jetpack_dont_email_post_to_subs":false,"_jetpack_newsletter_tier_id":0,"_jetpack_memberships_contains_paywalled_content":false,"_jetpack_memberships_contains_paid_content":false,"footnotes":"","jetpack_publicize_message":"","jetpack_publicize_feature_enabled":true,"jetpack_social_post_already_shared":false,"jetpack_social_options":{"image_generator_settings":{"template":"highway","default_image_id":0,"enabled":false},"version":2},"_wpas_customize_per_network":false},"categories":[8],"tags":[],"class_list":["post-186363","post","type-post","status-publish","format-standard","has-post-thumbnail","hentry","category-sociedad","generate-columns","tablet-grid-50","mobile-grid-100","grid-parent","grid-50"],"jetpack_publicize_connections":[],"jetpack_featured_media_url":"https:\/\/www.hoymercedes.com.ar\/principal\/wp-content\/uploads\/2025\/07\/WhatsApp-Image-2025-07-20-at-14.21.14.jpeg","wps_subtitle":"","jetpack_sharing_enabled":true,"_links":{"self":[{"href":"https:\/\/www.hoymercedes.com.ar\/principal\/wp-json\/wp\/v2\/posts\/186363","targetHints":{"allow":["GET"]}}],"collection":[{"href":"https:\/\/www.hoymercedes.com.ar\/principal\/wp-json\/wp\/v2\/posts"}],"about":[{"href":"https:\/\/www.hoymercedes.com.ar\/principal\/wp-json\/wp\/v2\/types\/post"}],"author":[{"embeddable":true,"href":"https:\/\/www.hoymercedes.com.ar\/principal\/wp-json\/wp\/v2\/users\/1"}],"replies":[{"embeddable":true,"href":"https:\/\/www.hoymercedes.com.ar\/principal\/wp-json\/wp\/v2\/comments?post=186363"}],"version-history":[{"count":1,"href":"https:\/\/www.hoymercedes.com.ar\/principal\/wp-json\/wp\/v2\/posts\/186363\/revisions"}],"predecessor-version":[{"id":186365,"href":"https:\/\/www.hoymercedes.com.ar\/principal\/wp-json\/wp\/v2\/posts\/186363\/revisions\/186365"}],"wp:featuredmedia":[{"embeddable":true,"href":"https:\/\/www.hoymercedes.com.ar\/principal\/wp-json\/wp\/v2\/media\/186364"}],"wp:attachment":[{"href":"https:\/\/www.hoymercedes.com.ar\/principal\/wp-json\/wp\/v2\/media?parent=186363"}],"wp:term":[{"taxonomy":"category","embeddable":true,"href":"https:\/\/www.hoymercedes.com.ar\/principal\/wp-json\/wp\/v2\/categories?post=186363"},{"taxonomy":"post_tag","embeddable":true,"href":"https:\/\/www.hoymercedes.com.ar\/principal\/wp-json\/wp\/v2\/tags?post=186363"}],"curies":[{"name":"wp","href":"https:\/\/api.w.org\/{rel}","templated":true}]}}