{"id":186398,"date":"2025-07-21T16:05:40","date_gmt":"2025-07-21T19:05:40","guid":{"rendered":"https:\/\/www.hoymercedes.com.ar\/principal\/?p=186398"},"modified":"2025-07-21T16:08:43","modified_gmt":"2025-07-21T19:08:43","slug":"all-haz-mercedes-y-juventud-sacan-ventaja-en-primera","status":"publish","type":"post","link":"https:\/\/www.hoymercedes.com.ar\/principal\/2025\/07\/21\/all-haz-mercedes-y-juventud-sacan-ventaja-en-primera\/","title":{"rendered":"All Haz, Mercedes y Juventud sacan ventaja en Primera"},"content":{"rendered":"\n<p>Comenz\u00f3 a jugarse el Reducido de Primera Divisi\u00f3n de la Liga Mercedina rumbo al segundo campeonato del a\u00f1o y de los tres partidos que se jugaron, solo Trocha ante V\u00e9lez termin\u00f3 empatado. En los dos restantes, Mercedes super\u00f3 a Villa Manchi, mientras que Juventud hizo lo propio ante Palometas.<\/p>\n\n\n\n<p>En cuanto a la Permanencia, All Haz obtuvo un resultado importante al golear 4 a 1 a General Rodr\u00edguez. Si bien es el primero de los seis partidos que se juegan para ver quien es el segundo equipo que desciende, el haber conseguido un triunfo y que sea por goleada, es m\u00e1s que importante.<\/p>\n\n\n\n<p>Resultados<\/p>\n\n\n\n<p><strong>Club Mercedes 2:<\/strong>&nbsp;Nicol\u00e1s Contardi 2.<br><strong>Villa Manchi 1:<\/strong>&nbsp;Spena.<\/p>\n\n\n\n<p><strong>Trocha 1:<\/strong>&nbsp;Mauro Sigona.<br><strong>V\u00e9lez 1:<\/strong>&nbsp;Agust\u00edn Alfonso.<\/p>\n\n\n\n<p><strong>Juventud 2:<\/strong>&nbsp;Jos\u00e9 Perruiset y Vicente Bernal.<br><strong>Palometas 0.<\/strong><\/p>\n\n\n\n<p><strong>All Haz 4:<\/strong>&nbsp;Nicol\u00e1s Acu\u00f1a 2, Enzo Labayr\u00fa y Mat\u00edas Romero.<br><strong>Atl\u00e9tico Rodr\u00edguez 1:<\/strong>&nbsp;Lucas Parilla.<\/p>\n\n\n\n<p><strong>Libre:<\/strong>&nbsp;Carteros.<\/p>\n\n\n\n<figure class=\"wp-block-image size-large\"><img loading=\"lazy\" decoding=\"async\" width=\"819\" height=\"1024\" data-attachment-id=\"186399\" data-permalink=\"https:\/\/www.hoymercedes.com.ar\/principal\/2025\/07\/21\/all-haz-mercedes-y-juventud-sacan-ventaja-en-primera\/11-11-2\/#main\" data-orig-file=\"https:\/\/www.hoymercedes.com.ar\/principal\/wp-content\/uploads\/2025\/07\/11-11.png\" data-orig-size=\"1080,1350\" data-comments-opened=\"0\" data-image-meta=\"{&quot;aperture&quot;:&quot;0&quot;,&quot;credit&quot;:&quot;&quot;,&quot;camera&quot;:&quot;&quot;,&quot;caption&quot;:&quot;&quot;,&quot;created_timestamp&quot;:&quot;0&quot;,&quot;copyright&quot;:&quot;&quot;,&quot;focal_length&quot;:&quot;0&quot;,&quot;iso&quot;:&quot;0&quot;,&quot;shutter_speed&quot;:&quot;0&quot;,&quot;title&quot;:&quot;&quot;,&quot;orientation&quot;:&quot;0&quot;}\" data-image-title=\"11 (11)\" data-image-description=\"\" data-image-caption=\"\" data-large-file=\"https:\/\/www.hoymercedes.com.ar\/principal\/wp-content\/uploads\/2025\/07\/11-11-819x1024.png\" src=\"https:\/\/www.hoymercedes.com.ar\/principal\/wp-content\/uploads\/2025\/07\/11-11-819x1024.png\" alt=\"\" class=\"wp-image-186399\" srcset=\"https:\/\/www.hoymercedes.com.ar\/principal\/wp-content\/uploads\/2025\/07\/11-11-819x1024.png 819w, https:\/\/www.hoymercedes.com.ar\/principal\/wp-content\/uploads\/2025\/07\/11-11-496x620.png 496w, https:\/\/www.hoymercedes.com.ar\/principal\/wp-content\/uploads\/2025\/07\/11-11-120x150.png 120w, https:\/\/www.hoymercedes.com.ar\/principal\/wp-content\/uploads\/2025\/07\/11-11.png 1080w\" sizes=\"auto, (max-width: 819px) 100vw, 819px\" \/><\/figure>\n\n\n\n<p>En cuanto al camino al t\u00edtulo en Reserva de Primera Divisi\u00f3n, estos son los resultados<\/p>\n\n\n\n<p><strong>Palometas 1:<\/strong>&nbsp;Lucas Fern\u00e1ndez.<br><strong>Jorge Newbery 1:<\/strong>&nbsp;Maximiliano Valdez.<br>(Pas\u00f3 Palometas por ventaja deportiva).<\/p>\n\n\n\n<p><strong>El Front\u00f3n 1:&nbsp;<\/strong>Agust\u00edn Rossi.<br><strong>Carteros 0.<\/strong><\/p>\n\n\n\n<p><strong>Villa Manchi 1:<\/strong>&nbsp;Diego Godoy.<br><strong>Defensores Juniors 0.<\/strong><\/p>\n\n\n\n<p><strong>Trocha 0.<\/strong><br><strong>Club Mercedes 2.<\/strong><\/p>\n\n\n\n<p><strong>Lo que viene<\/strong><br>Palometas vs. Club Mercedes.<br>Villa Manchi vs. El Front\u00f3n.<\/p>\n\n\n\n<figure class=\"wp-block-image size-large\"><img loading=\"lazy\" decoding=\"async\" width=\"819\" height=\"1024\" data-attachment-id=\"186400\" data-permalink=\"https:\/\/www.hoymercedes.com.ar\/principal\/2025\/07\/21\/all-haz-mercedes-y-juventud-sacan-ventaja-en-primera\/11-12-2\/#main\" data-orig-file=\"https:\/\/www.hoymercedes.com.ar\/principal\/wp-content\/uploads\/2025\/07\/11-12.png\" data-orig-size=\"1080,1350\" data-comments-opened=\"0\" data-image-meta=\"{&quot;aperture&quot;:&quot;0&quot;,&quot;credit&quot;:&quot;&quot;,&quot;camera&quot;:&quot;&quot;,&quot;caption&quot;:&quot;&quot;,&quot;created_timestamp&quot;:&quot;0&quot;,&quot;copyright&quot;:&quot;&quot;,&quot;focal_length&quot;:&quot;0&quot;,&quot;iso&quot;:&quot;0&quot;,&quot;shutter_speed&quot;:&quot;0&quot;,&quot;title&quot;:&quot;&quot;,&quot;orientation&quot;:&quot;0&quot;}\" data-image-title=\"11 (12)\" data-image-description=\"\" data-image-caption=\"\" data-large-file=\"https:\/\/www.hoymercedes.com.ar\/principal\/wp-content\/uploads\/2025\/07\/11-12-819x1024.png\" src=\"https:\/\/www.hoymercedes.com.ar\/principal\/wp-content\/uploads\/2025\/07\/11-12-819x1024.png\" alt=\"\" class=\"wp-image-186400\" srcset=\"https:\/\/www.hoymercedes.com.ar\/principal\/wp-content\/uploads\/2025\/07\/11-12-819x1024.png 819w, https:\/\/www.hoymercedes.com.ar\/principal\/wp-content\/uploads\/2025\/07\/11-12-496x620.png 496w, https:\/\/www.hoymercedes.com.ar\/principal\/wp-content\/uploads\/2025\/07\/11-12-120x150.png 120w, https:\/\/www.hoymercedes.com.ar\/principal\/wp-content\/uploads\/2025\/07\/11-12.png 1080w\" sizes=\"auto, (max-width: 819px) 100vw, 819px\" \/><\/figure>\n\n\n\n<p>En Segunda Divisi\u00f3n, el encuentro entre Quilmes y Holanda se suspendi\u00f3 por agresi\u00f3n al \u00e1rbitro, lo mismo ocurri\u00f3 entre La Tijera ante Defensores. Quedar\u00e1 para el Tribunal de Penas la resoluci\u00f3n de estos dos encuentros.<\/p>\n\n\n\n<p><strong>Pabell\u00f3n 7:&nbsp;<\/strong>Maximiliano Romero Cahu\u00e9, Nahuel Fern\u00e1ndez 2, Lautaro S\u00e1nchez, Bautista Alvarez 2 y Juan Lnnelongue.<br><strong>San Bernardo 0.<\/strong><\/p>\n\n\n\n<p><strong>Quilmes 6:&nbsp;<\/strong>Luciano L\u00f3pez, Dami\u00e1n Mansilla 2, Juan Tiberi 2 y Dami\u00e1n Gonz\u00e1lez.<br><strong>Holanda 1:&nbsp;<\/strong>Ruben Marino.<br>(suspendido en el ST por agresi\u00f3n al \u00e1rbitro).<\/p>\n\n\n\n<p><strong>Uni\u00f3n 0.<\/strong><br><strong>Gowland 1:<\/strong>&nbsp;Emanuel Acevedo.<\/p>\n\n\n\n<p>La Tijera vs. Ateneo (suspendido).<\/p>\n\n\n\n<p><strong>Libre:<\/strong>&nbsp;AMEFIP.<\/p>\n\n\n\n<figure class=\"wp-block-image size-large\"><img loading=\"lazy\" decoding=\"async\" width=\"819\" height=\"1024\" data-attachment-id=\"186401\" data-permalink=\"https:\/\/www.hoymercedes.com.ar\/principal\/2025\/07\/21\/all-haz-mercedes-y-juventud-sacan-ventaja-en-primera\/11-8-2\/#main\" data-orig-file=\"https:\/\/www.hoymercedes.com.ar\/principal\/wp-content\/uploads\/2025\/07\/11-8.png\" data-orig-size=\"1080,1350\" data-comments-opened=\"0\" data-image-meta=\"{&quot;aperture&quot;:&quot;0&quot;,&quot;credit&quot;:&quot;&quot;,&quot;camera&quot;:&quot;&quot;,&quot;caption&quot;:&quot;&quot;,&quot;created_timestamp&quot;:&quot;0&quot;,&quot;copyright&quot;:&quot;&quot;,&quot;focal_length&quot;:&quot;0&quot;,&quot;iso&quot;:&quot;0&quot;,&quot;shutter_speed&quot;:&quot;0&quot;,&quot;title&quot;:&quot;&quot;,&quot;orientation&quot;:&quot;0&quot;}\" data-image-title=\"11 (8)\" data-image-description=\"\" data-image-caption=\"\" data-large-file=\"https:\/\/www.hoymercedes.com.ar\/principal\/wp-content\/uploads\/2025\/07\/11-8-819x1024.png\" src=\"https:\/\/www.hoymercedes.com.ar\/principal\/wp-content\/uploads\/2025\/07\/11-8-819x1024.png\" alt=\"\" class=\"wp-image-186401\" srcset=\"https:\/\/www.hoymercedes.com.ar\/principal\/wp-content\/uploads\/2025\/07\/11-8-819x1024.png 819w, https:\/\/www.hoymercedes.com.ar\/principal\/wp-content\/uploads\/2025\/07\/11-8-496x620.png 496w, https:\/\/www.hoymercedes.com.ar\/principal\/wp-content\/uploads\/2025\/07\/11-8-120x150.png 120w, https:\/\/www.hoymercedes.com.ar\/principal\/wp-content\/uploads\/2025\/07\/11-8.png 1080w\" sizes=\"auto, (max-width: 819px) 100vw, 819px\" \/><\/figure>\n\n\n\n<p>En cuanto a la Reserva el partido entre La Tijera y Defensores se suspendi\u00f3 sobre el final del encuentro tambi\u00e9n por agresi\u00f3n al \u00e1rbitro.<\/p>\n\n\n\n<p><strong>Uni\u00f3n 4:<\/strong>&nbsp;Nelson Villagra 2, Felipe Casanova y Juan Lapolla.<br><strong>Deportivo Gowland 1:<\/strong>&nbsp;Santiago D\u00edaz.<\/p>\n\n\n\n<p><strong>Pabell\u00f3n 2:&nbsp;<\/strong>Juan Funes y Camilo Subesky.<br><strong>San Bernardo 0.<\/strong><\/p>\n\n\n\n<p><strong>Quilmes 1:<\/strong>&nbsp;Agust\u00edn Robledo.<br><strong>Holanda 3:<\/strong>&nbsp;Lucas Branchini, Aldo Contreras y Lisandro G\u00f3mez.<\/p>\n\n\n\n<p>La Tijera vs. Ateneo (suspendido)<\/p>\n\n\n\n<p><strong>Libre:<\/strong>&nbsp;AMEFIP.<\/p>\n\n\n\n<figure class=\"wp-block-image size-large\"><img loading=\"lazy\" decoding=\"async\" width=\"819\" height=\"1024\" data-attachment-id=\"186402\" data-permalink=\"https:\/\/www.hoymercedes.com.ar\/principal\/2025\/07\/21\/all-haz-mercedes-y-juventud-sacan-ventaja-en-primera\/11-9-2\/#main\" data-orig-file=\"https:\/\/www.hoymercedes.com.ar\/principal\/wp-content\/uploads\/2025\/07\/11-9.png\" data-orig-size=\"1080,1350\" data-comments-opened=\"0\" data-image-meta=\"{&quot;aperture&quot;:&quot;0&quot;,&quot;credit&quot;:&quot;&quot;,&quot;camera&quot;:&quot;&quot;,&quot;caption&quot;:&quot;&quot;,&quot;created_timestamp&quot;:&quot;0&quot;,&quot;copyright&quot;:&quot;&quot;,&quot;focal_length&quot;:&quot;0&quot;,&quot;iso&quot;:&quot;0&quot;,&quot;shutter_speed&quot;:&quot;0&quot;,&quot;title&quot;:&quot;&quot;,&quot;orientation&quot;:&quot;0&quot;}\" data-image-title=\"11 (9)\" data-image-description=\"\" data-image-caption=\"\" data-large-file=\"https:\/\/www.hoymercedes.com.ar\/principal\/wp-content\/uploads\/2025\/07\/11-9-819x1024.png\" src=\"https:\/\/www.hoymercedes.com.ar\/principal\/wp-content\/uploads\/2025\/07\/11-9-819x1024.png\" alt=\"\" class=\"wp-image-186402\" srcset=\"https:\/\/www.hoymercedes.com.ar\/principal\/wp-content\/uploads\/2025\/07\/11-9-819x1024.png 819w, https:\/\/www.hoymercedes.com.ar\/principal\/wp-content\/uploads\/2025\/07\/11-9-496x620.png 496w, https:\/\/www.hoymercedes.com.ar\/principal\/wp-content\/uploads\/2025\/07\/11-9-120x150.png 120w, https:\/\/www.hoymercedes.com.ar\/principal\/wp-content\/uploads\/2025\/07\/11-9.png 1080w\" sizes=\"auto, (max-width: 819px) 100vw, 819px\" \/><\/figure>\n","protected":false},"excerpt":{"rendered":"<p>Comenz\u00f3 a jugarse el Reducido de Primera Divisi\u00f3n de la Liga Mercedina rumbo al segundo campeonato del a\u00f1o y de &#8230; <a title=\"All Haz, Mercedes y Juventud sacan ventaja en Primera\" class=\"read-more\" href=\"https:\/\/www.hoymercedes.com.ar\/principal\/2025\/07\/21\/all-haz-mercedes-y-juventud-sacan-ventaja-en-primera\/\" aria-label=\"Leer m\u00e1s sobre All Haz, Mercedes y Juventud sacan ventaja en Primera\">Leer m\u00e1s<\/a><\/p>\n","protected":false},"author":1,"featured_media":186399,"comment_status":"closed","ping_status":"open","sticky":false,"template":"","format":"standard","meta":{"_monsterinsights_skip_tracking":false,"_monsterinsights_sitenote_active":false,"_monsterinsights_sitenote_note":"","_monsterinsights_sitenote_category":0,"jetpack_post_was_ever_published":false,"_jetpack_newsletter_access":"","_jetpack_dont_email_post_to_subs":false,"_jetpack_newsletter_tier_id":0,"_jetpack_memberships_contains_paywalled_content":false,"_jetpack_memberships_contains_paid_content":false,"footnotes":"","jetpack_publicize_message":"","jetpack_publicize_feature_enabled":true,"jetpack_social_post_already_shared":false,"jetpack_social_options":{"image_generator_settings":{"template":"highway","default_image_id":0,"enabled":false},"version":2},"_wpas_customize_per_network":false},"categories":[21],"tags":[],"class_list":["post-186398","post","type-post","status-publish","format-standard","has-post-thumbnail","hentry","category-deportes","generate-columns","tablet-grid-50","mobile-grid-100","grid-parent","grid-50"],"jetpack_publicize_connections":[],"jetpack_featured_media_url":"https:\/\/www.hoymercedes.com.ar\/principal\/wp-content\/uploads\/2025\/07\/11-11.png","wps_subtitle":"","jetpack_sharing_enabled":true,"jetpack-related-posts":[{"id":194865,"url":"https:\/\/www.hoymercedes.com.ar\/principal\/2026\/04\/20\/velez-carteros-y-estudiantes-mandan-en-primera-division\/","url_meta":{"origin":186398,"position":0},"title":"V\u00e9lez, Carteros y Estudiantes mandan en Primera Divisi\u00f3n","author":"hoymercedes","date":"20 abril, 2026","format":false,"excerpt":"Se llev\u00f3 adelante la quinta fecha del torneo de Primera Divisi\u00f3n de la Liga Mercedina que tuvo las goleadas de Estudiantes ante Villa Manchi, de El Front\u00f3n ante Quilmes y la de Mercedes en J\u00e1uregui ante El Tim\u00f3n. Palometas y Juventud no se disput\u00f3, con lo que ahora son cuatro\u2026","rel":"","context":"En \u00abDeportes\u00bb","block_context":{"text":"Deportes","link":"https:\/\/www.hoymercedes.com.ar\/principal\/category\/deportes\/"},"img":{"alt_text":"","src":"https:\/\/i0.wp.com\/www.hoymercedes.com.ar\/principal\/wp-content\/uploads\/2026\/04\/11.png?resize=350%2C200&ssl=1","width":350,"height":200,"srcset":"https:\/\/i0.wp.com\/www.hoymercedes.com.ar\/principal\/wp-content\/uploads\/2026\/04\/11.png?resize=350%2C200&ssl=1 1x, https:\/\/i0.wp.com\/www.hoymercedes.com.ar\/principal\/wp-content\/uploads\/2026\/04\/11.png?resize=525%2C300&ssl=1 1.5x, https:\/\/i0.wp.com\/www.hoymercedes.com.ar\/principal\/wp-content\/uploads\/2026\/04\/11.png?resize=700%2C400&ssl=1 2x, https:\/\/i0.wp.com\/www.hoymercedes.com.ar\/principal\/wp-content\/uploads\/2026\/04\/11.png?resize=1050%2C600&ssl=1 3x"},"classes":[]},{"id":174473,"url":"https:\/\/www.hoymercedes.com.ar\/principal\/2024\/04\/01\/liga-mercedina-trocha-y-villa-manchi-se-mantienen\/","url_meta":{"origin":186398,"position":1},"title":"Liga Mercedina: Trocha y Villa Manchi se mantienen","author":"hoymercedes","date":"1 abril, 2024","format":false,"excerpt":"La \u201cCarbonilla\u201d super\u00f3 a All Haz en la tarde del viernes y es el \u00fanico l\u00edder de Primera.\u00a0 En Segunda, Villa Manchi se llev\u00f3 los puntos ante a Holanda y se mantiene en lo m\u00e1s alto de la tabla. El martes arranca la sexta fecha. El viernes por la tarde\u2026","rel":"","context":"En \u00abDeportes\u00bb","block_context":{"text":"Deportes","link":"https:\/\/www.hoymercedes.com.ar\/principal\/category\/deportes\/"},"img":{"alt_text":"","src":"https:\/\/i0.wp.com\/www.hoymercedes.com.ar\/principal\/wp-content\/uploads\/2024\/04\/dliga-1.jpg?resize=350%2C200&ssl=1","width":350,"height":200,"srcset":"https:\/\/i0.wp.com\/www.hoymercedes.com.ar\/principal\/wp-content\/uploads\/2024\/04\/dliga-1.jpg?resize=350%2C200&ssl=1 1x, https:\/\/i0.wp.com\/www.hoymercedes.com.ar\/principal\/wp-content\/uploads\/2024\/04\/dliga-1.jpg?resize=525%2C300&ssl=1 1.5x, https:\/\/i0.wp.com\/www.hoymercedes.com.ar\/principal\/wp-content\/uploads\/2024\/04\/dliga-1.jpg?resize=700%2C400&ssl=1 2x"},"classes":[]},{"id":188131,"url":"https:\/\/www.hoymercedes.com.ar\/principal\/2025\/09\/21\/villa-manchi-y-velez-se-pusieron-al-dia-y-en-la-semana-se-completan-partidos\/","url_meta":{"origin":186398,"position":2},"title":"Villa Manchi y V\u00e9lez se pusieron al d\u00eda y en la semana se completan partidos","author":"hoymercedes","date":"21 septiembre, 2025","format":false,"excerpt":"La Liga Mercedina de f\u00fatbol tiene varios partidos suspendidos en sus principales categor\u00edas debido a que en las primeras tres fechas varios partidos no se pudieron jugar a causa de las lluvias que inhabilitan los campos de juego. Sin embargo, V\u00e9lez y Villa Manchi de San Andr\u00e9s de Giles pudieron\u2026","rel":"","context":"En \u00abDeportes\u00bb","block_context":{"text":"Deportes","link":"https:\/\/www.hoymercedes.com.ar\/principal\/category\/deportes\/"},"img":{"alt_text":"","src":"https:\/\/i0.wp.com\/www.hoymercedes.com.ar\/principal\/wp-content\/uploads\/2025\/09\/11-39.png?resize=350%2C200&ssl=1","width":350,"height":200,"srcset":"https:\/\/i0.wp.com\/www.hoymercedes.com.ar\/principal\/wp-content\/uploads\/2025\/09\/11-39.png?resize=350%2C200&ssl=1 1x, https:\/\/i0.wp.com\/www.hoymercedes.com.ar\/principal\/wp-content\/uploads\/2025\/09\/11-39.png?resize=525%2C300&ssl=1 1.5x, https:\/\/i0.wp.com\/www.hoymercedes.com.ar\/principal\/wp-content\/uploads\/2025\/09\/11-39.png?resize=700%2C400&ssl=1 2x, https:\/\/i0.wp.com\/www.hoymercedes.com.ar\/principal\/wp-content\/uploads\/2025\/09\/11-39.png?resize=1050%2C600&ssl=1 3x"},"classes":[]},{"id":193669,"url":"https:\/\/www.hoymercedes.com.ar\/principal\/2026\/03\/25\/todos-los-resultados-de-la-primera-fecha-de-la-liga-mercedina\/","url_meta":{"origin":186398,"position":3},"title":"Todos los resultados de la primera fecha de la Liga Mercedina","author":"hoymercedes","date":"25 marzo, 2026","format":false,"excerpt":"Entre domingo y martes se jug\u00f3 la primera fecha del f\u00fatbol de Primera y Reserva de la Liga Mercedina de F\u00fatbol, que tuvo varias goleadas, empezando a mostrar desde el primer momento la diferencia que hay entre los equipos que estaban en Primera y los que estaban en Segunda y\u2026","rel":"","context":"En \u00abDeportes\u00bb","block_context":{"text":"Deportes","link":"https:\/\/www.hoymercedes.com.ar\/principal\/category\/deportes\/"},"img":{"alt_text":"","src":"https:\/\/i0.wp.com\/www.hoymercedes.com.ar\/principal\/wp-content\/uploads\/2026\/03\/Club-Mercedes-AMEFIP-edited.png?resize=350%2C200&ssl=1","width":350,"height":200,"srcset":"https:\/\/i0.wp.com\/www.hoymercedes.com.ar\/principal\/wp-content\/uploads\/2026\/03\/Club-Mercedes-AMEFIP-edited.png?resize=350%2C200&ssl=1 1x, https:\/\/i0.wp.com\/www.hoymercedes.com.ar\/principal\/wp-content\/uploads\/2026\/03\/Club-Mercedes-AMEFIP-edited.png?resize=525%2C300&ssl=1 1.5x"},"classes":[]},{"id":188949,"url":"https:\/\/www.hoymercedes.com.ar\/principal\/2025\/10\/20\/todos-los-resultados-de-primera-segunda-y-reserva-de-la-liga-mercedina\/","url_meta":{"origin":186398,"position":4},"title":"Todos los resultados de Primera, Segunda y Reserva de la Liga Mercedina","author":"hoymercedes","date":"20 octubre, 2025","format":false,"excerpt":"Se jug\u00f3 la s\u00e9ptima fecha del torneo de Primera de la Liga Mercedina con los siguientes resultados Juventud 0.Estudiantes 1: Nahuel Mart\u00ednez. Defensores Juniors 1: Albano Mart\u00ednez de penal.Quilmes 4: Dami\u00e1n Gonz\u00e1lez, Juan Tiberi, Enzo Romero y Luciano L\u00f3pez. V\u00e9lez 4: Iker Scotto 3 y Dami\u00e1n Acu\u00f1a.Atl\u00e9tico Rodr\u00edguez 0. Jorge\u2026","rel":"","context":"En \u00abDeportes\u00bb","block_context":{"text":"Deportes","link":"https:\/\/www.hoymercedes.com.ar\/principal\/category\/deportes\/"},"img":{"alt_text":"","src":"https:\/\/i0.wp.com\/www.hoymercedes.com.ar\/principal\/wp-content\/uploads\/2025\/10\/11-50.png?resize=350%2C200&ssl=1","width":350,"height":200,"srcset":"https:\/\/i0.wp.com\/www.hoymercedes.com.ar\/principal\/wp-content\/uploads\/2025\/10\/11-50.png?resize=350%2C200&ssl=1 1x, https:\/\/i0.wp.com\/www.hoymercedes.com.ar\/principal\/wp-content\/uploads\/2025\/10\/11-50.png?resize=525%2C300&ssl=1 1.5x, https:\/\/i0.wp.com\/www.hoymercedes.com.ar\/principal\/wp-content\/uploads\/2025\/10\/11-50.png?resize=700%2C400&ssl=1 2x, https:\/\/i0.wp.com\/www.hoymercedes.com.ar\/principal\/wp-content\/uploads\/2025\/10\/11-50.png?resize=1050%2C600&ssl=1 3x"},"classes":[]},{"id":187451,"url":"https:\/\/www.hoymercedes.com.ar\/principal\/2025\/09\/02\/la-lluvia-hizo-que-el-futbol-de-la-liga-se-juegue-por-la-mitad\/","url_meta":{"origin":186398,"position":5},"title":"La lluvia hizo que el f\u00fatbol de la Liga se juegue por la mitad","author":"hoymercedes","date":"2 septiembre, 2025","format":false,"excerpt":"S\u00f3lo los partidos del s\u00e1bado, tanto en Primera y Segunda, como en Reserva y Femenino, se pudieron llevar a cabo poco m\u00e1s de la mitad de los encuentros programados para el fin de semana en las m\u00e1ximas categor\u00edas del f\u00fatbol masculino y femenino. PRIMERA DIVISI\u00d3N Estudiantes 1: Rodrigo Torres.Defensores Juniors\u2026","rel":"","context":"En \u00abDeportes\u00bb","block_context":{"text":"Deportes","link":"https:\/\/www.hoymercedes.com.ar\/principal\/category\/deportes\/"},"img":{"alt_text":"","src":"https:\/\/i0.wp.com\/www.hoymercedes.com.ar\/principal\/wp-content\/uploads\/2025\/09\/11-24.png?resize=350%2C200&ssl=1","width":350,"height":200,"srcset":"https:\/\/i0.wp.com\/www.hoymercedes.com.ar\/principal\/wp-content\/uploads\/2025\/09\/11-24.png?resize=350%2C200&ssl=1 1x, https:\/\/i0.wp.com\/www.hoymercedes.com.ar\/principal\/wp-content\/uploads\/2025\/09\/11-24.png?resize=525%2C300&ssl=1 1.5x, https:\/\/i0.wp.com\/www.hoymercedes.com.ar\/principal\/wp-content\/uploads\/2025\/09\/11-24.png?resize=700%2C400&ssl=1 2x, https:\/\/i0.wp.com\/www.hoymercedes.com.ar\/principal\/wp-content\/uploads\/2025\/09\/11-24.png?resize=1050%2C600&ssl=1 3x"},"classes":[]}],"_links":{"self":[{"href":"https:\/\/www.hoymercedes.com.ar\/principal\/wp-json\/wp\/v2\/posts\/186398","targetHints":{"allow":["GET"]}}],"collection":[{"href":"https:\/\/www.hoymercedes.com.ar\/principal\/wp-json\/wp\/v2\/posts"}],"about":[{"href":"https:\/\/www.hoymercedes.com.ar\/principal\/wp-json\/wp\/v2\/types\/post"}],"author":[{"embeddable":true,"href":"https:\/\/www.hoymercedes.com.ar\/principal\/wp-json\/wp\/v2\/users\/1"}],"replies":[{"embeddable":true,"href":"https:\/\/www.hoymercedes.com.ar\/principal\/wp-json\/wp\/v2\/comments?post=186398"}],"version-history":[{"count":1,"href":"https:\/\/www.hoymercedes.com.ar\/principal\/wp-json\/wp\/v2\/posts\/186398\/revisions"}],"predecessor-version":[{"id":186403,"href":"https:\/\/www.hoymercedes.com.ar\/principal\/wp-json\/wp\/v2\/posts\/186398\/revisions\/186403"}],"wp:featuredmedia":[{"embeddable":true,"href":"https:\/\/www.hoymercedes.com.ar\/principal\/wp-json\/wp\/v2\/media\/186399"}],"wp:attachment":[{"href":"https:\/\/www.hoymercedes.com.ar\/principal\/wp-json\/wp\/v2\/media?parent=186398"}],"wp:term":[{"taxonomy":"category","embeddable":true,"href":"https:\/\/www.hoymercedes.com.ar\/principal\/wp-json\/wp\/v2\/categories?post=186398"},{"taxonomy":"post_tag","embeddable":true,"href":"https:\/\/www.hoymercedes.com.ar\/principal\/wp-json\/wp\/v2\/tags?post=186398"}],"curies":[{"name":"wp","href":"https:\/\/api.w.org\/{rel}","templated":true}]}}