{"id":186407,"date":"2025-07-21T17:28:00","date_gmt":"2025-07-21T20:28:00","guid":{"rendered":"https:\/\/www.hoymercedes.com.ar\/principal\/?p=186407"},"modified":"2025-07-21T16:49:54","modified_gmt":"2025-07-21T19:49:54","slug":"tenis-felipe-flores-campeon-de-la-categoria-b","status":"publish","type":"post","link":"https:\/\/www.hoymercedes.com.ar\/principal\/2025\/07\/21\/tenis-felipe-flores-campeon-de-la-categoria-b\/","title":{"rendered":"Tenis: Felipe Flores campe\u00f3n de la Categor\u00eda B"},"content":{"rendered":"\n<p>En la ma\u00f1ana del domingo se realiz\u00f3 un torneo m\u00e1s del calendario anual de torneos internos de las Escuelas de tenis del Club Mercedes y de la Liga de Padres, que dirigen los profesores Mauricio Pisoni y Hern\u00e1n Ricaldoni.\u00a0<\/p>\n\n\n<div class=\"wp-block-image\">\n<figure class=\"aligncenter size-full\"><img loading=\"lazy\" decoding=\"async\" width=\"720\" height=\"480\" data-attachment-id=\"186408\" data-permalink=\"https:\/\/www.hoymercedes.com.ar\/principal\/2025\/07\/21\/tenis-felipe-flores-campeon-de-la-categoria-b\/img-20250720-wa0055\/#main\" data-orig-file=\"https:\/\/www.hoymercedes.com.ar\/principal\/wp-content\/uploads\/2025\/07\/IMG-20250720-WA0055.jpg\" data-orig-size=\"720,480\" data-comments-opened=\"0\" data-image-meta=\"{&quot;aperture&quot;:&quot;0&quot;,&quot;credit&quot;:&quot;&quot;,&quot;camera&quot;:&quot;&quot;,&quot;caption&quot;:&quot;&quot;,&quot;created_timestamp&quot;:&quot;0&quot;,&quot;copyright&quot;:&quot;&quot;,&quot;focal_length&quot;:&quot;0&quot;,&quot;iso&quot;:&quot;0&quot;,&quot;shutter_speed&quot;:&quot;0&quot;,&quot;title&quot;:&quot;&quot;,&quot;orientation&quot;:&quot;0&quot;}\" data-image-title=\"IMG-20250720-WA0055\" data-image-description=\"\" data-image-caption=\"\" data-large-file=\"https:\/\/www.hoymercedes.com.ar\/principal\/wp-content\/uploads\/2025\/07\/IMG-20250720-WA0055.jpg\" src=\"https:\/\/www.hoymercedes.com.ar\/principal\/wp-content\/uploads\/2025\/07\/IMG-20250720-WA0055.jpg\" alt=\"\" class=\"wp-image-186408\" srcset=\"https:\/\/www.hoymercedes.com.ar\/principal\/wp-content\/uploads\/2025\/07\/IMG-20250720-WA0055.jpg 720w, https:\/\/www.hoymercedes.com.ar\/principal\/wp-content\/uploads\/2025\/07\/IMG-20250720-WA0055-630x420.jpg 630w, https:\/\/www.hoymercedes.com.ar\/principal\/wp-content\/uploads\/2025\/07\/IMG-20250720-WA0055-150x100.jpg 150w\" sizes=\"auto, (max-width: 720px) 100vw, 720px\" \/><\/figure>\n<\/div>\n\n\n<p>Bajo la direcci\u00f3n de los profesores Alan Demattei y Emiliano Marcelo se disput\u00f3 la categor\u00eda B (2da por nivel de los jugadores) y el gran Felipe Flores se coron\u00f3 campe\u00f3n al vencer en la final a su compa\u00f1ero de interclubes Federico Aguirre.\u00a0<\/p>\n\n\n\n<p>&nbsp;Todos los jugadores participantes jugaron en gran nivel, demostrando avances es su aprendizaje dejando a los profesores muy contentos.&nbsp;<\/p>\n\n\n\n<p>\u00a0Los mismos fueron divididos en zonas disputando encuentros todos contra todos.\u00a0Los resultados fueron los siguientes:<\/p>\n\n\n\n<p>&nbsp;Grupo A<\/p>\n\n\n\n<p>1 Federico Aguirre<\/p>\n\n\n\n<p>2 Tom\u00e1s Arriola<br>3 Giovani Fornillo<br>4 Batista San Pedro<\/p>\n\n\n\n<p>Grupo B<br>1 Felipe Flores<br>2 Francisco Castelucci<br>3 Lorenzo Carretero<br>4 Franco Taramazco<\/p>\n\n\n\n<p>Cuartos:<br>_Federico Aguirre 4\/0 a Franco Taramazco<br>_Francisco Castelucci 4\/3 a Giovani Fornillo<br>_Lorenzo Carretero 4\/2 a&nbsp; Tom\u00e1s Arriola<br>_Felipe Flores 4\/0 a Batista San Pedro<\/p>\n\n\n\n<p>Semifinales:<br>_Federico Aguirre 4\/1 a Francisco Castelucci<br>_Felipe Flores 4\/0 a Lorenzo Carretero<\/p>\n\n\n\n<p>Final:<br>_Felipe Flores 6\/5 a Federico Aguirre<\/p>\n","protected":false},"excerpt":{"rendered":"<p>En la ma\u00f1ana del domingo se realiz\u00f3 un torneo m\u00e1s del calendario anual de torneos internos de las Escuelas de &#8230; <a title=\"Tenis: Felipe Flores campe\u00f3n de la Categor\u00eda B\" class=\"read-more\" href=\"https:\/\/www.hoymercedes.com.ar\/principal\/2025\/07\/21\/tenis-felipe-flores-campeon-de-la-categoria-b\/\" aria-label=\"Leer m\u00e1s sobre Tenis: Felipe Flores campe\u00f3n de la Categor\u00eda B\">Leer m\u00e1s<\/a><\/p>\n","protected":false},"author":1,"featured_media":186408,"comment_status":"closed","ping_status":"open","sticky":false,"template":"","format":"standard","meta":{"_monsterinsights_skip_tracking":false,"_monsterinsights_sitenote_active":false,"_monsterinsights_sitenote_note":"","_monsterinsights_sitenote_category":0,"jetpack_post_was_ever_published":false,"_jetpack_newsletter_access":"","_jetpack_dont_email_post_to_subs":false,"_jetpack_newsletter_tier_id":0,"_jetpack_memberships_contains_paywalled_content":false,"_jetpack_memberships_contains_paid_content":false,"footnotes":"","jetpack_publicize_message":"","jetpack_publicize_feature_enabled":true,"jetpack_social_post_already_shared":true,"jetpack_social_options":{"image_generator_settings":{"template":"highway","default_image_id":0,"enabled":false},"version":2},"_wpas_customize_per_network":false},"categories":[8],"tags":[],"class_list":["post-186407","post","type-post","status-publish","format-standard","has-post-thumbnail","hentry","category-sociedad","generate-columns","tablet-grid-50","mobile-grid-100","grid-parent","grid-50"],"jetpack_publicize_connections":[],"jetpack_featured_media_url":"https:\/\/www.hoymercedes.com.ar\/principal\/wp-content\/uploads\/2025\/07\/IMG-20250720-WA0055.jpg","wps_subtitle":"","jetpack_sharing_enabled":true,"_links":{"self":[{"href":"https:\/\/www.hoymercedes.com.ar\/principal\/wp-json\/wp\/v2\/posts\/186407","targetHints":{"allow":["GET"]}}],"collection":[{"href":"https:\/\/www.hoymercedes.com.ar\/principal\/wp-json\/wp\/v2\/posts"}],"about":[{"href":"https:\/\/www.hoymercedes.com.ar\/principal\/wp-json\/wp\/v2\/types\/post"}],"author":[{"embeddable":true,"href":"https:\/\/www.hoymercedes.com.ar\/principal\/wp-json\/wp\/v2\/users\/1"}],"replies":[{"embeddable":true,"href":"https:\/\/www.hoymercedes.com.ar\/principal\/wp-json\/wp\/v2\/comments?post=186407"}],"version-history":[{"count":1,"href":"https:\/\/www.hoymercedes.com.ar\/principal\/wp-json\/wp\/v2\/posts\/186407\/revisions"}],"predecessor-version":[{"id":186409,"href":"https:\/\/www.hoymercedes.com.ar\/principal\/wp-json\/wp\/v2\/posts\/186407\/revisions\/186409"}],"wp:featuredmedia":[{"embeddable":true,"href":"https:\/\/www.hoymercedes.com.ar\/principal\/wp-json\/wp\/v2\/media\/186408"}],"wp:attachment":[{"href":"https:\/\/www.hoymercedes.com.ar\/principal\/wp-json\/wp\/v2\/media?parent=186407"}],"wp:term":[{"taxonomy":"category","embeddable":true,"href":"https:\/\/www.hoymercedes.com.ar\/principal\/wp-json\/wp\/v2\/categories?post=186407"},{"taxonomy":"post_tag","embeddable":true,"href":"https:\/\/www.hoymercedes.com.ar\/principal\/wp-json\/wp\/v2\/tags?post=186407"}],"curies":[{"name":"wp","href":"https:\/\/api.w.org\/{rel}","templated":true}]}}