{"id":186440,"date":"2025-07-22T14:09:52","date_gmt":"2025-07-22T17:09:52","guid":{"rendered":"https:\/\/www.hoymercedes.com.ar\/principal\/?p=186440"},"modified":"2025-07-22T14:34:08","modified_gmt":"2025-07-22T17:34:08","slug":"la-empresaria-natalia-facciolo-entre-las-50-lideres-globales-mas-comprometidas-con-el-impacto-social","status":"publish","type":"post","link":"https:\/\/www.hoymercedes.com.ar\/principal\/2025\/07\/22\/la-empresaria-natalia-facciolo-entre-las-50-lideres-globales-mas-comprometidas-con-el-impacto-social\/","title":{"rendered":"La empresaria Natalia Facciolo entre las 50 l\u00edderes globales m\u00e1s comprometidas con el impacto social"},"content":{"rendered":"\n<p>En una publicaci\u00f3n reciente de la revista Forbes de Argentina se destaca a la empresaria mercedina Natalia Facciolo como una de las cuatro argentinas elegidas entre las cincuenta l\u00edderes mundiales m\u00e1s comprometidas con el impacto social. En la \u00faltima edici\u00f3n del programa Santander Women 50 Global, una iniciativa internacional que busca potenciar el liderazgo femenino, seleccionaron a mujeres con roles destacados en sus organizaciones.<\/p>\n\n\n<div class=\"wp-block-image\">\n<figure class=\"aligncenter size-full\"><img loading=\"lazy\" decoding=\"async\" width=\"822\" height=\"548\" data-attachment-id=\"186441\" data-permalink=\"https:\/\/www.hoymercedes.com.ar\/principal\/2025\/07\/22\/la-empresaria-natalia-facciolo-entre-las-50-lideres-globales-mas-comprometidas-con-el-impacto-social\/image-148\/#main\" data-orig-file=\"https:\/\/www.hoymercedes.com.ar\/principal\/wp-content\/uploads\/2025\/07\/image-4.png\" data-orig-size=\"822,548\" data-comments-opened=\"0\" data-image-meta=\"{&quot;aperture&quot;:&quot;0&quot;,&quot;credit&quot;:&quot;&quot;,&quot;camera&quot;:&quot;&quot;,&quot;caption&quot;:&quot;&quot;,&quot;created_timestamp&quot;:&quot;0&quot;,&quot;copyright&quot;:&quot;&quot;,&quot;focal_length&quot;:&quot;0&quot;,&quot;iso&quot;:&quot;0&quot;,&quot;shutter_speed&quot;:&quot;0&quot;,&quot;title&quot;:&quot;&quot;,&quot;orientation&quot;:&quot;0&quot;}\" data-image-title=\"image\" data-image-description=\"\" data-image-caption=\"\" data-large-file=\"https:\/\/www.hoymercedes.com.ar\/principal\/wp-content\/uploads\/2025\/07\/image-4.png\" src=\"https:\/\/www.hoymercedes.com.ar\/principal\/wp-content\/uploads\/2025\/07\/image-4.png\" alt=\"\" class=\"wp-image-186441\" srcset=\"https:\/\/www.hoymercedes.com.ar\/principal\/wp-content\/uploads\/2025\/07\/image-4.png 822w, https:\/\/www.hoymercedes.com.ar\/principal\/wp-content\/uploads\/2025\/07\/image-4-630x420.png 630w, https:\/\/www.hoymercedes.com.ar\/principal\/wp-content\/uploads\/2025\/07\/image-4-150x100.png 150w\" sizes=\"auto, (max-width: 822px) 100vw, 822px\" \/><\/figure>\n<\/div>\n\n\n<p>Natalia Facciolo (42 a\u00f1os), reconocida en Mercedes por ser parte de la empresa familiar Ludmarc, una distribuidora de alimentos al por mayor, pero tambi\u00e9n por formar parte de la C\u00e1mara Econ\u00f3mica Mercedina que la llev\u00f3 a ser la actual presidenta de Mujeres Empresarias de la Federaci\u00f3n Econ\u00f3mica de Buenos Aires, (MEFEBA) y secretaria adjunta de Mujeres Empresarias de CAME (Confederaci\u00f3n Argentina de la Mediana Empresa), donde acompa\u00f1a a las mujeres en la b\u00fasqueda por crecer, capacitarse y llevar sus pymes, negocios y emprendimientos, a un nuevo nivel.\u00a0<\/p>\n\n\n\n<p>A nivel global, el programa Santander Women 50 Global recibi\u00f3 m\u00e1s de 8.000 postulaciones, pero solo medio centenar de mujeres fueron seleccionadas. Natalia Facciolo fue seleccionada junto a Mar\u00eda Teresa Arias\u00a0(40 a\u00f1os) es l\u00edder en inclusi\u00f3n y tecnolog\u00eda para el desarrollo, Claudia G\u00f3mez\u00a0(59 a\u00f1os) tiene m\u00e1s de 20\u202fa\u00f1os de experiencia liderando proyectos de impacto y responsabilidad social en entornos corporativos y organizaciones no gubernamentales y Jorgelina Peci\u00f1a\u00a0(47 a\u00f1os) es consultora en comunicaci\u00f3n estrat\u00e9gica. <\/p>\n\n\n<div class=\"wp-block-image\">\n<figure class=\"aligncenter size-full\"><img loading=\"lazy\" decoding=\"async\" width=\"980\" height=\"549\" data-attachment-id=\"186442\" data-permalink=\"https:\/\/www.hoymercedes.com.ar\/principal\/2025\/07\/22\/la-empresaria-natalia-facciolo-entre-las-50-lideres-globales-mas-comprometidas-con-el-impacto-social\/image-149\/#main\" data-orig-file=\"https:\/\/www.hoymercedes.com.ar\/principal\/wp-content\/uploads\/2025\/07\/image-5.png\" data-orig-size=\"980,549\" data-comments-opened=\"0\" data-image-meta=\"{&quot;aperture&quot;:&quot;0&quot;,&quot;credit&quot;:&quot;&quot;,&quot;camera&quot;:&quot;&quot;,&quot;caption&quot;:&quot;&quot;,&quot;created_timestamp&quot;:&quot;0&quot;,&quot;copyright&quot;:&quot;&quot;,&quot;focal_length&quot;:&quot;0&quot;,&quot;iso&quot;:&quot;0&quot;,&quot;shutter_speed&quot;:&quot;0&quot;,&quot;title&quot;:&quot;&quot;,&quot;orientation&quot;:&quot;0&quot;}\" data-image-title=\"image\" data-image-description=\"\" data-image-caption=\"\" data-large-file=\"https:\/\/www.hoymercedes.com.ar\/principal\/wp-content\/uploads\/2025\/07\/image-5.png\" src=\"https:\/\/www.hoymercedes.com.ar\/principal\/wp-content\/uploads\/2025\/07\/image-5.png\" alt=\"\" class=\"wp-image-186442\" srcset=\"https:\/\/www.hoymercedes.com.ar\/principal\/wp-content\/uploads\/2025\/07\/image-5.png 980w, https:\/\/www.hoymercedes.com.ar\/principal\/wp-content\/uploads\/2025\/07\/image-5-630x353.png 630w, https:\/\/www.hoymercedes.com.ar\/principal\/wp-content\/uploads\/2025\/07\/image-5-150x84.png 150w\" sizes=\"auto, (max-width: 980px) 100vw, 980px\" \/><\/figure>\n<\/div>\n\n\n<p>En la entrevista del medio nacional, Natalia Facciolo destac\u00f3 que \u00abes el reconocimiento a un liderazgo ejercido desde ciudades del interior, desde los sectores productivos y desde las redes de mujeres, d\u00e1ndoles un lugar en las mesas de conversaci\u00f3n global\u00bb. En este sentido, enfatiza en la idea de que \u00abes posible liderar y ser escuchadas, incluso cuando venimos de entornos tradicionalmente subrepresentados\u00bb.<\/p>\n\n\n\n<p>Facciolo cuenta en la entrevista que ha enfrentado \u00abm\u00faltiples y acumulativos desaf\u00edos, incluyendo\u00a0sesgos de g\u00e9nero, los prejuicios asociados a la edad y el hecho de haber iniciado su carrera joven en una industria profundamente masculinizada como la de alimentos y supermercados\u00bb.<\/p>\n\n\n\n<p>Las cuatro argentinas tuvieron la oportunidad de viajar a Londres para participar del SW50 Global Leadership Programme 2025, dictado por la\u00a0London School of Economics and Political Science (LSE).<\/p>\n\n\n\n<p>Fuente: <a href=\"https:\/\/www.forbesargentina.com\/liderazgo\/eligieron-cuatro-argentinas-50-lideres-globales-mas-comprometidas-impacto-social-n75647\" target=\"_blank\" rel=\"noopener\">Forbes Argentina<\/a> (Ver nota completa)<\/p>\n\n\n<div class=\"wp-block-image\">\n<figure class=\"aligncenter size-full\"><img loading=\"lazy\" decoding=\"async\" width=\"822\" height=\"548\" data-attachment-id=\"186443\" data-permalink=\"https:\/\/www.hoymercedes.com.ar\/principal\/2025\/07\/22\/la-empresaria-natalia-facciolo-entre-las-50-lideres-globales-mas-comprometidas-con-el-impacto-social\/image-150\/#main\" data-orig-file=\"https:\/\/www.hoymercedes.com.ar\/principal\/wp-content\/uploads\/2025\/07\/image-6.png\" data-orig-size=\"822,548\" data-comments-opened=\"0\" data-image-meta=\"{&quot;aperture&quot;:&quot;0&quot;,&quot;credit&quot;:&quot;&quot;,&quot;camera&quot;:&quot;&quot;,&quot;caption&quot;:&quot;&quot;,&quot;created_timestamp&quot;:&quot;0&quot;,&quot;copyright&quot;:&quot;&quot;,&quot;focal_length&quot;:&quot;0&quot;,&quot;iso&quot;:&quot;0&quot;,&quot;shutter_speed&quot;:&quot;0&quot;,&quot;title&quot;:&quot;&quot;,&quot;orientation&quot;:&quot;0&quot;}\" data-image-title=\"image\" data-image-description=\"\" data-image-caption=\"\" data-large-file=\"https:\/\/www.hoymercedes.com.ar\/principal\/wp-content\/uploads\/2025\/07\/image-6.png\" src=\"https:\/\/www.hoymercedes.com.ar\/principal\/wp-content\/uploads\/2025\/07\/image-6.png\" alt=\"\" class=\"wp-image-186443\" srcset=\"https:\/\/www.hoymercedes.com.ar\/principal\/wp-content\/uploads\/2025\/07\/image-6.png 822w, https:\/\/www.hoymercedes.com.ar\/principal\/wp-content\/uploads\/2025\/07\/image-6-630x420.png 630w, https:\/\/www.hoymercedes.com.ar\/principal\/wp-content\/uploads\/2025\/07\/image-6-150x100.png 150w\" sizes=\"auto, (max-width: 822px) 100vw, 822px\" \/><\/figure>\n<\/div>","protected":false},"excerpt":{"rendered":"<p>En una publicaci\u00f3n reciente de la revista Forbes de Argentina se destaca a la empresaria mercedina Natalia Facciolo como una &#8230; <a title=\"La empresaria Natalia Facciolo entre las 50 l\u00edderes globales m\u00e1s comprometidas con el impacto social\" class=\"read-more\" href=\"https:\/\/www.hoymercedes.com.ar\/principal\/2025\/07\/22\/la-empresaria-natalia-facciolo-entre-las-50-lideres-globales-mas-comprometidas-con-el-impacto-social\/\" aria-label=\"Leer m\u00e1s sobre La empresaria Natalia Facciolo entre las 50 l\u00edderes globales m\u00e1s comprometidas con el impacto social\">Leer m\u00e1s<\/a><\/p>\n","protected":false},"author":1,"featured_media":186441,"comment_status":"closed","ping_status":"open","sticky":false,"template":"","format":"standard","meta":{"_monsterinsights_skip_tracking":false,"_monsterinsights_sitenote_active":false,"_monsterinsights_sitenote_note":"","_monsterinsights_sitenote_category":0,"jetpack_post_was_ever_published":false,"_jetpack_newsletter_access":"","_jetpack_dont_email_post_to_subs":false,"_jetpack_newsletter_tier_id":0,"_jetpack_memberships_contains_paywalled_content":false,"_jetpack_memberships_contains_paid_content":false,"footnotes":"","jetpack_publicize_message":"","jetpack_publicize_feature_enabled":true,"jetpack_social_post_already_shared":false,"jetpack_social_options":{"image_generator_settings":{"template":"highway","default_image_id":0,"enabled":false},"version":2},"_wpas_customize_per_network":false},"categories":[8],"tags":[],"class_list":["post-186440","post","type-post","status-publish","format-standard","has-post-thumbnail","hentry","category-sociedad","generate-columns","tablet-grid-50","mobile-grid-100","grid-parent","grid-50"],"jetpack_publicize_connections":[],"jetpack_featured_media_url":"https:\/\/www.hoymercedes.com.ar\/principal\/wp-content\/uploads\/2025\/07\/image-4.png","wps_subtitle":"","jetpack_sharing_enabled":true,"_links":{"self":[{"href":"https:\/\/www.hoymercedes.com.ar\/principal\/wp-json\/wp\/v2\/posts\/186440","targetHints":{"allow":["GET"]}}],"collection":[{"href":"https:\/\/www.hoymercedes.com.ar\/principal\/wp-json\/wp\/v2\/posts"}],"about":[{"href":"https:\/\/www.hoymercedes.com.ar\/principal\/wp-json\/wp\/v2\/types\/post"}],"author":[{"embeddable":true,"href":"https:\/\/www.hoymercedes.com.ar\/principal\/wp-json\/wp\/v2\/users\/1"}],"replies":[{"embeddable":true,"href":"https:\/\/www.hoymercedes.com.ar\/principal\/wp-json\/wp\/v2\/comments?post=186440"}],"version-history":[{"count":1,"href":"https:\/\/www.hoymercedes.com.ar\/principal\/wp-json\/wp\/v2\/posts\/186440\/revisions"}],"predecessor-version":[{"id":186444,"href":"https:\/\/www.hoymercedes.com.ar\/principal\/wp-json\/wp\/v2\/posts\/186440\/revisions\/186444"}],"wp:featuredmedia":[{"embeddable":true,"href":"https:\/\/www.hoymercedes.com.ar\/principal\/wp-json\/wp\/v2\/media\/186441"}],"wp:attachment":[{"href":"https:\/\/www.hoymercedes.com.ar\/principal\/wp-json\/wp\/v2\/media?parent=186440"}],"wp:term":[{"taxonomy":"category","embeddable":true,"href":"https:\/\/www.hoymercedes.com.ar\/principal\/wp-json\/wp\/v2\/categories?post=186440"},{"taxonomy":"post_tag","embeddable":true,"href":"https:\/\/www.hoymercedes.com.ar\/principal\/wp-json\/wp\/v2\/tags?post=186440"}],"curies":[{"name":"wp","href":"https:\/\/api.w.org\/{rel}","templated":true}]}}