{"id":186445,"date":"2025-07-22T18:19:48","date_gmt":"2025-07-22T21:19:48","guid":{"rendered":"https:\/\/www.hoymercedes.com.ar\/principal\/?p=186445"},"modified":"2025-07-22T18:19:51","modified_gmt":"2025-07-22T21:19:51","slug":"mira-el-video-cantante-mercedino-es-disputado-por-lali-la-sole-y-miranda","status":"publish","type":"post","link":"https:\/\/www.hoymercedes.com.ar\/principal\/2025\/07\/22\/mira-el-video-cantante-mercedino-es-disputado-por-lali-la-sole-y-miranda\/","title":{"rendered":"Mir\u00e1 el video: cantante mercedino es disputado por Lali, La Sole y Miranda"},"content":{"rendered":"\n<p>El mercedino Genaro Cobuccio tuvo una excelente participaci\u00f3n en el certamen \u201cLa Voz\u201d siendo seleccionado para continuar su camino en el programa, teniendo la dif\u00edcil situaci\u00f3n de deber elegir en qu\u00e9 equipo se incorporaba.<\/p>\n\n\n\n<p>Lali, Miranda y La Sole quedaron encantados con su participaci\u00f3n y los tres se dieron vuelta para que siga su formaci\u00f3n en los espacios de cada uno.<\/p>\n\n\n\n<figure class=\"wp-block-embed is-type-video is-provider-youtube wp-block-embed-youtube wp-embed-aspect-16-9 wp-has-aspect-ratio\"><div class=\"wp-block-embed__wrapper\">\n<span class=\"embed-youtube\" style=\"text-align:center; display: block;\"><iframe loading=\"lazy\" class=\"youtube-player\" width=\"1200\" height=\"675\" src=\"https:\/\/www.youtube.com\/embed\/j60lfWTaiMc?version=3&#038;rel=1&#038;showsearch=0&#038;showinfo=1&#038;iv_load_policy=1&#038;fs=1&#038;hl=es-ES&#038;autohide=2&#038;wmode=transparent\" allowfullscreen=\"true\" style=\"border:0;\" sandbox=\"allow-scripts allow-same-origin allow-popups allow-presentation allow-popups-to-escape-sandbox\"><\/iframe><\/span>\n<\/div><\/figure>\n\n\n\n<p>Luck Ra fue quien, al no elegirlo, se le acerc\u00f3 y efectu\u00f3 un \u201cjuego\u201d para que se decida. Finalmente, el mercedino, eligi\u00f3 el \u201cteam\u201d Lali.<\/p>\n\n\n\n<p>De esta manera, el mercedino que supo participar en distintas presentaciones, como el efectuado tiempo atr\u00e1s en el Vivero Biotecnol\u00f3gico, ahora tendr\u00e1 un lindo recorrido por \u201cLa Voz\u201d.<\/p>\n","protected":false},"excerpt":{"rendered":"<p>El mercedino Genaro Cobuccio tuvo una excelente participaci\u00f3n en el certamen \u201cLa Voz\u201d siendo seleccionado para continuar su camino en &#8230; <a title=\"Mir\u00e1 el video: cantante mercedino es disputado por Lali, La Sole y Miranda\" class=\"read-more\" href=\"https:\/\/www.hoymercedes.com.ar\/principal\/2025\/07\/22\/mira-el-video-cantante-mercedino-es-disputado-por-lali-la-sole-y-miranda\/\" aria-label=\"Leer m\u00e1s sobre Mir\u00e1 el video: cantante mercedino es disputado por Lali, La Sole y Miranda\">Leer m\u00e1s<\/a><\/p>\n","protected":false},"author":1,"featured_media":186448,"comment_status":"closed","ping_status":"open","sticky":false,"template":"","format":"standard","meta":{"_monsterinsights_skip_tracking":false,"_monsterinsights_sitenote_active":false,"_monsterinsights_sitenote_note":"","_monsterinsights_sitenote_category":0,"jetpack_post_was_ever_published":false,"_jetpack_newsletter_access":"","_jetpack_dont_email_post_to_subs":false,"_jetpack_newsletter_tier_id":0,"_jetpack_memberships_contains_paywalled_content":false,"_jetpack_memberships_contains_paid_content":false,"footnotes":"","jetpack_publicize_message":"","jetpack_publicize_feature_enabled":true,"jetpack_social_post_already_shared":false,"jetpack_social_options":{"image_generator_settings":{"template":"highway","default_image_id":0,"enabled":false},"version":2},"_wpas_customize_per_network":false},"categories":[8],"tags":[],"class_list":["post-186445","post","type-post","status-publish","format-standard","has-post-thumbnail","hentry","category-sociedad","generate-columns","tablet-grid-50","mobile-grid-100","grid-parent","grid-50"],"jetpack_publicize_connections":[],"jetpack_featured_media_url":"https:\/\/www.hoymercedes.com.ar\/principal\/wp-content\/uploads\/2025\/07\/GenaroCobuccio-Telefe.png","wps_subtitle":"","jetpack_sharing_enabled":true,"_links":{"self":[{"href":"https:\/\/www.hoymercedes.com.ar\/principal\/wp-json\/wp\/v2\/posts\/186445","targetHints":{"allow":["GET"]}}],"collection":[{"href":"https:\/\/www.hoymercedes.com.ar\/principal\/wp-json\/wp\/v2\/posts"}],"about":[{"href":"https:\/\/www.hoymercedes.com.ar\/principal\/wp-json\/wp\/v2\/types\/post"}],"author":[{"embeddable":true,"href":"https:\/\/www.hoymercedes.com.ar\/principal\/wp-json\/wp\/v2\/users\/1"}],"replies":[{"embeddable":true,"href":"https:\/\/www.hoymercedes.com.ar\/principal\/wp-json\/wp\/v2\/comments?post=186445"}],"version-history":[{"count":1,"href":"https:\/\/www.hoymercedes.com.ar\/principal\/wp-json\/wp\/v2\/posts\/186445\/revisions"}],"predecessor-version":[{"id":186449,"href":"https:\/\/www.hoymercedes.com.ar\/principal\/wp-json\/wp\/v2\/posts\/186445\/revisions\/186449"}],"wp:featuredmedia":[{"embeddable":true,"href":"https:\/\/www.hoymercedes.com.ar\/principal\/wp-json\/wp\/v2\/media\/186448"}],"wp:attachment":[{"href":"https:\/\/www.hoymercedes.com.ar\/principal\/wp-json\/wp\/v2\/media?parent=186445"}],"wp:term":[{"taxonomy":"category","embeddable":true,"href":"https:\/\/www.hoymercedes.com.ar\/principal\/wp-json\/wp\/v2\/categories?post=186445"},{"taxonomy":"post_tag","embeddable":true,"href":"https:\/\/www.hoymercedes.com.ar\/principal\/wp-json\/wp\/v2\/tags?post=186445"}],"curies":[{"name":"wp","href":"https:\/\/api.w.org\/{rel}","templated":true}]}}