{"id":186450,"date":"2025-07-22T21:09:03","date_gmt":"2025-07-23T00:09:03","guid":{"rendered":"https:\/\/www.hoymercedes.com.ar\/principal\/?p=186450"},"modified":"2025-07-22T21:09:06","modified_gmt":"2025-07-23T00:09:06","slug":"colegio-de-abogados-situacion-sobre-las-comisiones-medicas","status":"publish","type":"post","link":"https:\/\/www.hoymercedes.com.ar\/principal\/2025\/07\/22\/colegio-de-abogados-situacion-sobre-las-comisiones-medicas\/","title":{"rendered":"Colegio de Abogados: Situaci\u00f3n sobre las comisiones m\u00e9dicas"},"content":{"rendered":"\n<p>A trav\u00e9s de un comunicado institucional, el Colegio de Abogados del Departamento Judicial de Mercedes da cuenta e informa sobre el amparo presentado por la situaci\u00f3n de las comisiones m\u00e9dicas de las sedes de Mercedes y Luj\u00e1n. <\/p>\n\n\n\n<p>De acuerdo al texto enviado este martes, se informa que \u00aben el marco de la acci\u00f3n de amparo instada ante el Juzgado Federal de Mercedes, con motivo de la persistente falta de respuesta por parte de los organismos competentes y el sostenido deterioro en el funcionamiento de las Comisiones M\u00e9dicas con sede en Mercedes y Lujan\u00bb, el organismo judicial \u00abratific\u00f3 la competencia atribuida al \u00f3rgano jurisdiccional para intervenir en el caso, de all\u00ed que el d\u00eda 8 de julio el Juzgado ordenara al Ministerio de Capital Humano \u2013 Superintendencia de Riesgos del Trabajo evacuar \u2013en 3 d\u00edas- el informe prescripto en el Art. 4 de la Ley 26.854.- La notificaci\u00f3n se realiz\u00f3 inmediatamente v\u00eda \u201cDeox\u201d\u00bb.<\/p>\n\n\n\n<p>\u00abEl d\u00eda 14 de julio, la demandada habr\u00eda evacuado el mencionado informe, de all\u00ed que el proceso se encuentre en condiciones y a la espera de obtener un pronunciamiento cautelar que determine el inmediato restablecimiento del normal funcionamiento de ambas Comisiones\u00bb, contin\u00faa el comunicado del Colegio de Abogados.<\/p>\n\n\n\n<p>\u00abLa causa, caratulada \u201cCOLEGIO DE ABOGADOS DEL DEPARTAMENTO JUDICIAL MERCEDES c\/ ESTADO NACIONAL \u2013 MINISTERIO DE CAPITAL HUMANO \u2013 SUPERINTENDENCIA DE RIESGOS DEL TRABAJO s\/ AMPARO LEY 16.986\u201d (Expte. FSM 026754\/2025), tiene car\u00e1cter p\u00fablico por lo cual todos los matriculados podr\u00e1n acceder a su contenido para conocerlo en detalle\u00bb, resaltan.<\/p>\n\n\n\n<p>\u00abEsta acci\u00f3n representa una decisi\u00f3n institucional firme y sin precedentes en la historia del Colegio, que por primera vez promueve un amparo federal contra el Estado Nacional por la interrupci\u00f3n en la prestaci\u00f3n de un servicio p\u00fablico fundamental\u00bb, agrega la instituci\u00f3n cuya sede central se encuentra en la localidad de Mercedes.<\/p>\n\n\n\n<p>\u00abConfiamos en obtener una resoluci\u00f3n favorable en beneficio de la comunidad jur\u00eddica y de los justiciables del fuero laboral, reafirmando el compromiso permanente de este Colegio en la defensa de los derechos profesionales y del acceso a la justicia\u00bb, concluyen desde el Colegio de Abogados que preside el abogado Hern\u00e1n Salavarri.<\/p>\n","protected":false},"excerpt":{"rendered":"<p>A trav\u00e9s de un comunicado institucional, el Colegio de Abogados del Departamento Judicial de Mercedes da cuenta e informa sobre &#8230; <a title=\"Colegio de Abogados: Situaci\u00f3n sobre las comisiones m\u00e9dicas\" class=\"read-more\" href=\"https:\/\/www.hoymercedes.com.ar\/principal\/2025\/07\/22\/colegio-de-abogados-situacion-sobre-las-comisiones-medicas\/\" aria-label=\"Leer m\u00e1s sobre Colegio de Abogados: Situaci\u00f3n sobre las comisiones m\u00e9dicas\">Leer m\u00e1s<\/a><\/p>\n","protected":false},"author":1,"featured_media":176149,"comment_status":"closed","ping_status":"open","sticky":false,"template":"","format":"standard","meta":{"_monsterinsights_skip_tracking":false,"_monsterinsights_sitenote_active":false,"_monsterinsights_sitenote_note":"","_monsterinsights_sitenote_category":0,"jetpack_post_was_ever_published":false,"_jetpack_newsletter_access":"","_jetpack_dont_email_post_to_subs":false,"_jetpack_newsletter_tier_id":0,"_jetpack_memberships_contains_paywalled_content":false,"_jetpack_memberships_contains_paid_content":false,"footnotes":"","jetpack_publicize_message":"","jetpack_publicize_feature_enabled":true,"jetpack_social_post_already_shared":false,"jetpack_social_options":{"image_generator_settings":{"template":"highway","default_image_id":0,"enabled":false},"version":2},"_wpas_customize_per_network":false},"categories":[8],"tags":[],"class_list":["post-186450","post","type-post","status-publish","format-standard","has-post-thumbnail","hentry","category-sociedad","generate-columns","tablet-grid-50","mobile-grid-100","grid-parent","grid-50"],"jetpack_publicize_connections":[],"jetpack_featured_media_url":"https:\/\/www.hoymercedes.com.ar\/principal\/wp-content\/uploads\/2024\/06\/sede-abogados.jpg","wps_subtitle":"","jetpack_sharing_enabled":true,"_links":{"self":[{"href":"https:\/\/www.hoymercedes.com.ar\/principal\/wp-json\/wp\/v2\/posts\/186450","targetHints":{"allow":["GET"]}}],"collection":[{"href":"https:\/\/www.hoymercedes.com.ar\/principal\/wp-json\/wp\/v2\/posts"}],"about":[{"href":"https:\/\/www.hoymercedes.com.ar\/principal\/wp-json\/wp\/v2\/types\/post"}],"author":[{"embeddable":true,"href":"https:\/\/www.hoymercedes.com.ar\/principal\/wp-json\/wp\/v2\/users\/1"}],"replies":[{"embeddable":true,"href":"https:\/\/www.hoymercedes.com.ar\/principal\/wp-json\/wp\/v2\/comments?post=186450"}],"version-history":[{"count":1,"href":"https:\/\/www.hoymercedes.com.ar\/principal\/wp-json\/wp\/v2\/posts\/186450\/revisions"}],"predecessor-version":[{"id":186451,"href":"https:\/\/www.hoymercedes.com.ar\/principal\/wp-json\/wp\/v2\/posts\/186450\/revisions\/186451"}],"wp:featuredmedia":[{"embeddable":true,"href":"https:\/\/www.hoymercedes.com.ar\/principal\/wp-json\/wp\/v2\/media\/176149"}],"wp:attachment":[{"href":"https:\/\/www.hoymercedes.com.ar\/principal\/wp-json\/wp\/v2\/media?parent=186450"}],"wp:term":[{"taxonomy":"category","embeddable":true,"href":"https:\/\/www.hoymercedes.com.ar\/principal\/wp-json\/wp\/v2\/categories?post=186450"},{"taxonomy":"post_tag","embeddable":true,"href":"https:\/\/www.hoymercedes.com.ar\/principal\/wp-json\/wp\/v2\/tags?post=186450"}],"curies":[{"name":"wp","href":"https:\/\/api.w.org\/{rel}","templated":true}]}}