{"id":186461,"date":"2025-07-23T19:45:12","date_gmt":"2025-07-23T22:45:12","guid":{"rendered":"https:\/\/www.hoymercedes.com.ar\/principal\/?p=186461"},"modified":"2025-07-23T19:45:14","modified_gmt":"2025-07-23T22:45:14","slug":"oscar-rossello-graba-nuevo-disco","status":"publish","type":"post","link":"https:\/\/www.hoymercedes.com.ar\/principal\/2025\/07\/23\/oscar-rossello-graba-nuevo-disco\/","title":{"rendered":"Oscar Rossello graba nuevo disco"},"content":{"rendered":"\n<p>En el marco de un nuevo espect\u00e1culo, Oscar Rossello grabar\u00e1 su nuevo disco en vivo en el Teatro Argentino \u00abInt Julio C\u00e9sar Gioscio\u00bb. El espect\u00e1culo \u00abDe una vez\u00bb ser\u00e1 el s\u00e1bado 16 de agosto, 21 horas. La entrada tiene un valor de 10.000 pesos. <\/p>\n\n\n<div class=\"wp-block-image\">\n<figure class=\"aligncenter size-full\"><img loading=\"lazy\" decoding=\"async\" width=\"800\" height=\"563\" data-attachment-id=\"157146\" data-permalink=\"https:\/\/www.hoymercedes.com.ar\/principal\/2023\/01\/06\/oscar-rossello-se-presentara-el-festival-de-baradero\/oscar-rossello-2-2022\/#main\" data-orig-file=\"https:\/\/www.hoymercedes.com.ar\/principal\/wp-content\/uploads\/2023\/01\/Oscar-Rossello-2-2022.jpg\" data-orig-size=\"800,563\" data-comments-opened=\"0\" data-image-meta=\"{&quot;aperture&quot;:&quot;0&quot;,&quot;credit&quot;:&quot;&quot;,&quot;camera&quot;:&quot;&quot;,&quot;caption&quot;:&quot;&quot;,&quot;created_timestamp&quot;:&quot;0&quot;,&quot;copyright&quot;:&quot;&quot;,&quot;focal_length&quot;:&quot;0&quot;,&quot;iso&quot;:&quot;0&quot;,&quot;shutter_speed&quot;:&quot;0&quot;,&quot;title&quot;:&quot;&quot;,&quot;orientation&quot;:&quot;0&quot;}\" data-image-title=\"Oscar Rossello 2 2022\" data-image-description=\"\" data-image-caption=\"\" data-large-file=\"https:\/\/www.hoymercedes.com.ar\/principal\/wp-content\/uploads\/2023\/01\/Oscar-Rossello-2-2022.jpg\" src=\"https:\/\/www.hoymercedes.com.ar\/principal\/wp-content\/uploads\/2023\/01\/Oscar-Rossello-2-2022.jpg\" alt=\"\" class=\"wp-image-157146\" srcset=\"https:\/\/www.hoymercedes.com.ar\/principal\/wp-content\/uploads\/2023\/01\/Oscar-Rossello-2-2022.jpg 800w, https:\/\/www.hoymercedes.com.ar\/principal\/wp-content\/uploads\/2023\/01\/Oscar-Rossello-2-2022-630x443.jpg 630w, https:\/\/www.hoymercedes.com.ar\/principal\/wp-content\/uploads\/2023\/01\/Oscar-Rossello-2-2022-150x106.jpg 150w, https:\/\/www.hoymercedes.com.ar\/principal\/wp-content\/uploads\/2023\/01\/Oscar-Rossello-2-2022-120x85.jpg 120w\" sizes=\"auto, (max-width: 800px) 100vw, 800px\" \/><\/figure>\n<\/div>\n\n\n<p>A trav\u00e9s de una gacetilla de prensa, el cantautor Oscar Rossello \u00abOscarcito\u00bb, pas\u00f3 por una etapa de composici\u00f3n y trabajo art\u00edstico, y ahora retoma los escenarios con una propuesta \u00ab\u00edntima y potente que combina nuevas canciones con versiones renovadas de obras anteriores\u00bb. <\/p>\n\n\n\n<p>\u201cEl objetivo es lanzar mis canciones a los cuatro vientos. M\u00e1s que lo popular, me interesa que viajen a todos los rincones. Ese es el sue\u00f1o de todo compositor\u201d, expres\u00f3 el artista. Rossello defini\u00f3 2025 como un a\u00f1o de reencuentro con su esencia musical: \u201cLas expectativas est\u00e1n m\u00e1s vivas que nunca. Voy a tirar toda la carne al asador\u201d, adelant\u00f3.<\/p>\n\n\n\n<p>Sobre el escenario, Rossello estar\u00e1 acompa\u00f1ado por Rossello los m\u00fasicos Agust\u00edn Vitta (bajo y coros), Guido Paternesi (guitarra el\u00e9ctrica y coros), Manu Alfonso (guitarra y coros), Kechu Lopes (percusi\u00f3n y accesorios), y Lucas Catapano (bater\u00eda y programaci\u00f3n). Tambi\u00e9n habr\u00e1 invitados sorpresa, cuya participaci\u00f3n se revelar\u00e1 esa misma noche.<\/p>\n\n\n\n<p>El evento contar\u00e1 con soporte t\u00e9cnico profesional y dos ingenieros de grabaci\u00f3n especializados que registrar\u00e1n el recital en vivo.<\/p>\n\n\n\n<p>Evento: \u201cDe una vez\u201d \u2013 Oscar Rossello<br>Fecha: S\u00e1bado 16 de agosto<br>Hora: 21:00 hs<br>Lugar: Teatro Argentino \u00abInt. Julio C\u00e9sar Gioscio\u00bb \u2013 Mercedes, Buenos Aires<br>Entrada: 10.000 pesos<\/p>\n","protected":false},"excerpt":{"rendered":"<p>En el marco de un nuevo espect\u00e1culo, Oscar Rossello grabar\u00e1 su nuevo disco en vivo en el Teatro Argentino \u00abInt &#8230; <a title=\"Oscar Rossello graba nuevo disco\" class=\"read-more\" href=\"https:\/\/www.hoymercedes.com.ar\/principal\/2025\/07\/23\/oscar-rossello-graba-nuevo-disco\/\" aria-label=\"Leer m\u00e1s sobre Oscar Rossello graba nuevo disco\">Leer m\u00e1s<\/a><\/p>\n","protected":false},"author":1,"featured_media":157146,"comment_status":"closed","ping_status":"open","sticky":false,"template":"","format":"standard","meta":{"_monsterinsights_skip_tracking":false,"_monsterinsights_sitenote_active":false,"_monsterinsights_sitenote_note":"","_monsterinsights_sitenote_category":0,"jetpack_post_was_ever_published":false,"_jetpack_newsletter_access":"","_jetpack_dont_email_post_to_subs":false,"_jetpack_newsletter_tier_id":0,"_jetpack_memberships_contains_paywalled_content":false,"_jetpack_memberships_contains_paid_content":false,"footnotes":"","jetpack_publicize_message":"","jetpack_publicize_feature_enabled":true,"jetpack_social_post_already_shared":false,"jetpack_social_options":{"image_generator_settings":{"template":"highway","default_image_id":0,"enabled":false},"version":2},"_wpas_customize_per_network":false},"categories":[8],"tags":[],"class_list":["post-186461","post","type-post","status-publish","format-standard","has-post-thumbnail","hentry","category-sociedad","generate-columns","tablet-grid-50","mobile-grid-100","grid-parent","grid-50"],"jetpack_publicize_connections":[],"jetpack_featured_media_url":"https:\/\/www.hoymercedes.com.ar\/principal\/wp-content\/uploads\/2023\/01\/Oscar-Rossello-2-2022.jpg","wps_subtitle":"","jetpack_sharing_enabled":true,"_links":{"self":[{"href":"https:\/\/www.hoymercedes.com.ar\/principal\/wp-json\/wp\/v2\/posts\/186461","targetHints":{"allow":["GET"]}}],"collection":[{"href":"https:\/\/www.hoymercedes.com.ar\/principal\/wp-json\/wp\/v2\/posts"}],"about":[{"href":"https:\/\/www.hoymercedes.com.ar\/principal\/wp-json\/wp\/v2\/types\/post"}],"author":[{"embeddable":true,"href":"https:\/\/www.hoymercedes.com.ar\/principal\/wp-json\/wp\/v2\/users\/1"}],"replies":[{"embeddable":true,"href":"https:\/\/www.hoymercedes.com.ar\/principal\/wp-json\/wp\/v2\/comments?post=186461"}],"version-history":[{"count":1,"href":"https:\/\/www.hoymercedes.com.ar\/principal\/wp-json\/wp\/v2\/posts\/186461\/revisions"}],"predecessor-version":[{"id":186462,"href":"https:\/\/www.hoymercedes.com.ar\/principal\/wp-json\/wp\/v2\/posts\/186461\/revisions\/186462"}],"wp:featuredmedia":[{"embeddable":true,"href":"https:\/\/www.hoymercedes.com.ar\/principal\/wp-json\/wp\/v2\/media\/157146"}],"wp:attachment":[{"href":"https:\/\/www.hoymercedes.com.ar\/principal\/wp-json\/wp\/v2\/media?parent=186461"}],"wp:term":[{"taxonomy":"category","embeddable":true,"href":"https:\/\/www.hoymercedes.com.ar\/principal\/wp-json\/wp\/v2\/categories?post=186461"},{"taxonomy":"post_tag","embeddable":true,"href":"https:\/\/www.hoymercedes.com.ar\/principal\/wp-json\/wp\/v2\/tags?post=186461"}],"curies":[{"name":"wp","href":"https:\/\/api.w.org\/{rel}","templated":true}]}}