{"id":186515,"date":"2025-07-27T20:02:04","date_gmt":"2025-07-27T23:02:04","guid":{"rendered":"https:\/\/www.hoymercedes.com.ar\/principal\/?p=186515"},"modified":"2025-07-27T20:02:05","modified_gmt":"2025-07-27T23:02:05","slug":"homenaje-a-eva-peron-unidad-y-memoria-en-un-nuevo-aniversario-de-su-fallecimiento","status":"publish","type":"post","link":"https:\/\/www.hoymercedes.com.ar\/principal\/2025\/07\/27\/homenaje-a-eva-peron-unidad-y-memoria-en-un-nuevo-aniversario-de-su-fallecimiento\/","title":{"rendered":"Homenaje a Eva Per\u00f3n: Unidad y memoria en un nuevo aniversario de su fallecimiento"},"content":{"rendered":"\n<figure class=\"wp-block-image size-large\"><img loading=\"lazy\" decoding=\"async\" width=\"1024\" height=\"769\" data-attachment-id=\"186516\" data-permalink=\"https:\/\/www.hoymercedes.com.ar\/principal\/2025\/07\/27\/homenaje-a-eva-peron-unidad-y-memoria-en-un-nuevo-aniversario-de-su-fallecimiento\/20250726_183905\/#main\" data-orig-file=\"https:\/\/www.hoymercedes.com.ar\/principal\/wp-content\/uploads\/2025\/07\/20250726_183905.jpg\" data-orig-size=\"1171,879\" data-comments-opened=\"0\" data-image-meta=\"{&quot;aperture&quot;:&quot;0&quot;,&quot;credit&quot;:&quot;&quot;,&quot;camera&quot;:&quot;&quot;,&quot;caption&quot;:&quot;&quot;,&quot;created_timestamp&quot;:&quot;0&quot;,&quot;copyright&quot;:&quot;&quot;,&quot;focal_length&quot;:&quot;0&quot;,&quot;iso&quot;:&quot;0&quot;,&quot;shutter_speed&quot;:&quot;0&quot;,&quot;title&quot;:&quot;&quot;,&quot;orientation&quot;:&quot;0&quot;}\" data-image-title=\"20250726_183905\" data-image-description=\"\" data-image-caption=\"\" data-large-file=\"https:\/\/www.hoymercedes.com.ar\/principal\/wp-content\/uploads\/2025\/07\/20250726_183905-1024x769.jpg\" src=\"https:\/\/www.hoymercedes.com.ar\/principal\/wp-content\/uploads\/2025\/07\/20250726_183905-1024x769.jpg\" alt=\"\" class=\"wp-image-186516\" srcset=\"https:\/\/www.hoymercedes.com.ar\/principal\/wp-content\/uploads\/2025\/07\/20250726_183905-1024x769.jpg 1024w, https:\/\/www.hoymercedes.com.ar\/principal\/wp-content\/uploads\/2025\/07\/20250726_183905-630x473.jpg 630w, https:\/\/www.hoymercedes.com.ar\/principal\/wp-content\/uploads\/2025\/07\/20250726_183905-150x113.jpg 150w, https:\/\/www.hoymercedes.com.ar\/principal\/wp-content\/uploads\/2025\/07\/20250726_183905.jpg 1171w\" sizes=\"auto, (max-width: 1024px) 100vw, 1024px\" \/><\/figure>\n\n\n\n<p>Con motivo de un nuevo aniversario del fallecimiento de Eva Duarte de Per\u00f3n, se realiz\u00f3 un emotivo acto conmemorativo frente al monumento que la recuerda, ubicado en calle 30 y 23. La ceremonia cont\u00f3 con la presencia del senador Eduardo \u201cWado\u201d de Pedro, el intendente Juan Ustarroz, el diputado Carlos Selva, la vicepresidenta del PJ local Mariana San Mart\u00edn, el abogado y candidato Santiago Altube, y diversas figuras pol\u00edticas y sociales. La participaci\u00f3n activa de militantes y simpatizantes fue uno de los rasgos distintivos de la jornada.<\/p>\n\n\n\n<p>La conducci\u00f3n del acto estuvo a cargo de Mariana San Mart\u00edn, vicepresidenta del Partido Justicialista, en el espacio que rinde tributo a Eva y Juan Domingo Per\u00f3n. Tras las palabras de los referentes, se llev\u00f3 a cabo una misa en la Catedral Bas\u00edlica en homenaje a los 73 a\u00f1os de la desaparici\u00f3n f\u00edsica de Evita.<\/p>\n\n\n\n<p>La apertura estuvo a cargo de Tatiana Zunino, militante de la Agrupaci\u00f3n 17 de Octubre, quien comparti\u00f3 una sentida reflexi\u00f3n en la que destac\u00f3 c\u00f3mo el legado de Eva permiti\u00f3 que hoy muchas mujeres accedan a espacios de poder y representaci\u00f3n. \u201cNo s\u00f3lo logramos la paridad en las listas, sino tambi\u00e9n ocupar lugares claves en la toma de decisiones\u201d, expres\u00f3, y llam\u00f3 a seguir defendiendo los derechos de las minor\u00edas, entre ellas la ni\u00f1ez, las personas con discapacidad y quienes padecen enfermedades cr\u00f3nicas. \u201cHay quienes levantan muros con odio. Nosotros, con amor, construimos puentes\u201d, subray\u00f3.<\/p>\n\n\n\n<p>Sabrina Vi\u00f1ales, candidata a concejala por Fuerza Patria Mercedes, tambi\u00e9n tom\u00f3 la palabra y se\u00f1al\u00f3: \u201cEstar frente a esta imagen de Evita, s\u00edmbolo de fuego, dignidad y lucha, nos interpela profundamente. Hablar de ella es hacerlo en presente, porque su legado vive en cada acto de justicia social\u201d.<\/p>\n\n\n\n<figure class=\"wp-block-image size-large\"><img loading=\"lazy\" decoding=\"async\" width=\"1024\" height=\"768\" data-attachment-id=\"186517\" data-permalink=\"https:\/\/www.hoymercedes.com.ar\/principal\/2025\/07\/27\/homenaje-a-eva-peron-unidad-y-memoria-en-un-nuevo-aniversario-de-su-fallecimiento\/photo_2025-07-26_18-33-04\/#main\" data-orig-file=\"https:\/\/www.hoymercedes.com.ar\/principal\/wp-content\/uploads\/2025\/07\/photo_2025-07-26_18-33-04.jpg\" data-orig-size=\"1280,960\" data-comments-opened=\"0\" data-image-meta=\"{&quot;aperture&quot;:&quot;0&quot;,&quot;credit&quot;:&quot;&quot;,&quot;camera&quot;:&quot;&quot;,&quot;caption&quot;:&quot;&quot;,&quot;created_timestamp&quot;:&quot;0&quot;,&quot;copyright&quot;:&quot;&quot;,&quot;focal_length&quot;:&quot;0&quot;,&quot;iso&quot;:&quot;0&quot;,&quot;shutter_speed&quot;:&quot;0&quot;,&quot;title&quot;:&quot;&quot;,&quot;orientation&quot;:&quot;0&quot;}\" data-image-title=\"Acto por Eva Per\u00f3n\" data-image-description=\"&lt;p&gt;Acto por Eva Per\u00f3n &lt;\/p&gt;\n\" data-image-caption=\"&lt;p&gt;Acto por Eva Per\u00f3n &lt;\/p&gt;\n\" data-large-file=\"https:\/\/www.hoymercedes.com.ar\/principal\/wp-content\/uploads\/2025\/07\/photo_2025-07-26_18-33-04-1024x768.jpg\" src=\"https:\/\/www.hoymercedes.com.ar\/principal\/wp-content\/uploads\/2025\/07\/photo_2025-07-26_18-33-04-1024x768.jpg\" alt=\"\" class=\"wp-image-186517\" srcset=\"https:\/\/www.hoymercedes.com.ar\/principal\/wp-content\/uploads\/2025\/07\/photo_2025-07-26_18-33-04-1024x768.jpg 1024w, https:\/\/www.hoymercedes.com.ar\/principal\/wp-content\/uploads\/2025\/07\/photo_2025-07-26_18-33-04-630x473.jpg 630w, https:\/\/www.hoymercedes.com.ar\/principal\/wp-content\/uploads\/2025\/07\/photo_2025-07-26_18-33-04-150x113.jpg 150w, https:\/\/www.hoymercedes.com.ar\/principal\/wp-content\/uploads\/2025\/07\/photo_2025-07-26_18-33-04.jpg 1280w\" sizes=\"auto, (max-width: 1024px) 100vw, 1024px\" \/><\/figure>\n\n\n\n<p>El historiador Guido Ortubia, representante del espacio Principio y Valores, brind\u00f3 una semblanza sobre la figura de Eva Per\u00f3n. Record\u00f3 sus or\u00edgenes humildes y el impacto que tuvo su historia personal en su acci\u00f3n pol\u00edtica. \u201cEvita fue la gran defensora de los humildes y su obra marc\u00f3 un antes y un despu\u00e9s en la historia argentina\u201d, expres\u00f3.<\/p>\n\n\n\n<p>Desde la Unidad B\u00e1sica N\u00e9stor Kirchner, Eugenia C\u00f3dega comparti\u00f3 unas palabras en las que destac\u00f3 la vigencia de Eva como s\u00edmbolo para el movimiento peronista. \u201cEvita nos permiti\u00f3 a las mujeres argentinas conquistar derechos fundamentales como el voto. Hoy, m\u00e1s que nunca, su legado nos convoca a luchar por una patria justa e inclusiva\u201d, sostuvo. Tambi\u00e9n hizo referencia al contexto actual: \u201cFrente a un gobierno tan insensible, la unidad es el camino para defender al pueblo\u201d.<\/p>\n\n\n\n<p>Santiago Altube, abogado y soci\u00f3logo, primer candidato a concejal por Fuerza Mercedes, expres\u00f3 que \u201cvolver a Evita es reencontrarse con el compromiso de trabajar por los derechos de las y los trabajadores\u201d. Resalt\u00f3 adem\u00e1s que \u201cla unidad del peronismo en este contexto es un valor fundamental para construir una ciudad m\u00e1s equitativa, con consensos y propuestas que miren al futuro\u201d.<\/p>\n\n\n\n<p>El cierre estuvo a cargo del senador Eduardo \u201cWado\u201d de Pedro, quien realiz\u00f3 un an\u00e1lisis pol\u00edtico de la actualidad en relaci\u00f3n con el legado de Eva Per\u00f3n. Felicit\u00f3 a los sectores del peronismo por haber alcanzado una unidad s\u00f3lida y valor\u00f3 el esfuerzo colectivo en un contexto social y econ\u00f3mico complejo. \u201cEn tiempos donde las urgencias se multiplican, la mejor manera de recordar a Evita es con acci\u00f3n y compromiso. Ella supo enfrentar la crueldad con amor y justicia\u201d, afirm\u00f3. Tambi\u00e9n repas\u00f3 los logros de los gobiernos peronistas en t\u00e9rminos de desarrollo y justicia social.<\/p>\n\n\n\n<p>El acto concluy\u00f3 con un fuerte acompa\u00f1amiento de la militancia, que se hizo presente desde distintas agrupaciones del Frente Patria Mercedes, reafirmando el compromiso con la historia y el futuro del movimiento justicialista.<\/p>\n","protected":false},"excerpt":{"rendered":"<p>Con motivo de un nuevo aniversario del fallecimiento de Eva Duarte de Per\u00f3n, se realiz\u00f3 un emotivo acto conmemorativo frente &#8230; <a title=\"Homenaje a Eva Per\u00f3n: Unidad y memoria en un nuevo aniversario de su fallecimiento\" class=\"read-more\" href=\"https:\/\/www.hoymercedes.com.ar\/principal\/2025\/07\/27\/homenaje-a-eva-peron-unidad-y-memoria-en-un-nuevo-aniversario-de-su-fallecimiento\/\" aria-label=\"Leer m\u00e1s sobre Homenaje a Eva Per\u00f3n: Unidad y memoria en un nuevo aniversario de su fallecimiento\">Leer m\u00e1s<\/a><\/p>\n","protected":false},"author":1,"featured_media":186517,"comment_status":"closed","ping_status":"open","sticky":false,"template":"","format":"standard","meta":{"_monsterinsights_skip_tracking":false,"_monsterinsights_sitenote_active":false,"_monsterinsights_sitenote_note":"","_monsterinsights_sitenote_category":0,"jetpack_post_was_ever_published":false,"_jetpack_newsletter_access":"","_jetpack_dont_email_post_to_subs":false,"_jetpack_newsletter_tier_id":0,"_jetpack_memberships_contains_paywalled_content":false,"_jetpack_memberships_contains_paid_content":false,"footnotes":"","jetpack_publicize_message":"","jetpack_publicize_feature_enabled":true,"jetpack_social_post_already_shared":false,"jetpack_social_options":{"image_generator_settings":{"template":"highway","default_image_id":0,"enabled":false},"version":2},"_wpas_customize_per_network":false},"categories":[5],"tags":[20581,39,18626,1074,585,8231,20580,281],"class_list":["post-186515","post","type-post","status-publish","format-standard","has-post-thumbnail","hentry","category-politica","tag-aniversari-evita","tag-carlos-selva","tag-eugenia-codega-2","tag-eva-peron","tag-juan-ustarroz","tag-santiago-altube","tag-tatiana-zunino","tag-wado-de-pedro","generate-columns","tablet-grid-50","mobile-grid-100","grid-parent","grid-50"],"jetpack_publicize_connections":[],"jetpack_featured_media_url":"https:\/\/www.hoymercedes.com.ar\/principal\/wp-content\/uploads\/2025\/07\/photo_2025-07-26_18-33-04.jpg","wps_subtitle":"Aniversario","jetpack_sharing_enabled":true,"_links":{"self":[{"href":"https:\/\/www.hoymercedes.com.ar\/principal\/wp-json\/wp\/v2\/posts\/186515","targetHints":{"allow":["GET"]}}],"collection":[{"href":"https:\/\/www.hoymercedes.com.ar\/principal\/wp-json\/wp\/v2\/posts"}],"about":[{"href":"https:\/\/www.hoymercedes.com.ar\/principal\/wp-json\/wp\/v2\/types\/post"}],"author":[{"embeddable":true,"href":"https:\/\/www.hoymercedes.com.ar\/principal\/wp-json\/wp\/v2\/users\/1"}],"replies":[{"embeddable":true,"href":"https:\/\/www.hoymercedes.com.ar\/principal\/wp-json\/wp\/v2\/comments?post=186515"}],"version-history":[{"count":2,"href":"https:\/\/www.hoymercedes.com.ar\/principal\/wp-json\/wp\/v2\/posts\/186515\/revisions"}],"predecessor-version":[{"id":186519,"href":"https:\/\/www.hoymercedes.com.ar\/principal\/wp-json\/wp\/v2\/posts\/186515\/revisions\/186519"}],"wp:featuredmedia":[{"embeddable":true,"href":"https:\/\/www.hoymercedes.com.ar\/principal\/wp-json\/wp\/v2\/media\/186517"}],"wp:attachment":[{"href":"https:\/\/www.hoymercedes.com.ar\/principal\/wp-json\/wp\/v2\/media?parent=186515"}],"wp:term":[{"taxonomy":"category","embeddable":true,"href":"https:\/\/www.hoymercedes.com.ar\/principal\/wp-json\/wp\/v2\/categories?post=186515"},{"taxonomy":"post_tag","embeddable":true,"href":"https:\/\/www.hoymercedes.com.ar\/principal\/wp-json\/wp\/v2\/tags?post=186515"}],"curies":[{"name":"wp","href":"https:\/\/api.w.org\/{rel}","templated":true}]}}