{"id":186546,"date":"2025-07-29T18:34:19","date_gmt":"2025-07-29T21:34:19","guid":{"rendered":"https:\/\/www.hoymercedes.com.ar\/principal\/?p=186546"},"modified":"2025-07-29T18:34:21","modified_gmt":"2025-07-29T21:34:21","slug":"mercedina-se-despista-y-va-contra-arbol-en-ruta-n41","status":"publish","type":"post","link":"https:\/\/www.hoymercedes.com.ar\/principal\/2025\/07\/29\/mercedina-se-despista-y-va-contra-arbol-en-ruta-n41\/","title":{"rendered":"Mercedina se despista y va contra \u00e1rbol en Ruta N\u00b041"},"content":{"rendered":"\n<figure class=\"wp-block-image size-large\"><img loading=\"lazy\" decoding=\"async\" width=\"1024\" height=\"747\" data-attachment-id=\"186547\" data-permalink=\"https:\/\/www.hoymercedes.com.ar\/principal\/2025\/07\/29\/mercedina-se-despista-y-va-contra-arbol-en-ruta-n41\/siniestrovial-navarro-bomberos\/#main\" data-orig-file=\"https:\/\/www.hoymercedes.com.ar\/principal\/wp-content\/uploads\/2025\/07\/SiniestroVial-Navarro-Bomberos.jpg\" data-orig-size=\"1320,963\" data-comments-opened=\"0\" data-image-meta=\"{&quot;aperture&quot;:&quot;0&quot;,&quot;credit&quot;:&quot;&quot;,&quot;camera&quot;:&quot;&quot;,&quot;caption&quot;:&quot;&quot;,&quot;created_timestamp&quot;:&quot;0&quot;,&quot;copyright&quot;:&quot;&quot;,&quot;focal_length&quot;:&quot;0&quot;,&quot;iso&quot;:&quot;0&quot;,&quot;shutter_speed&quot;:&quot;0&quot;,&quot;title&quot;:&quot;&quot;,&quot;orientation&quot;:&quot;0&quot;}\" data-image-title=\"SiniestroVial-Navarro-Bomberos\" data-image-description=\"&lt;p&gt;Siniestro vial en navarrio&lt;\/p&gt;\n\" data-image-caption=\"&lt;p&gt;Siniestro vial en navarrio&lt;\/p&gt;\n\" data-large-file=\"https:\/\/www.hoymercedes.com.ar\/principal\/wp-content\/uploads\/2025\/07\/SiniestroVial-Navarro-Bomberos-1024x747.jpg\" src=\"https:\/\/www.hoymercedes.com.ar\/principal\/wp-content\/uploads\/2025\/07\/SiniestroVial-Navarro-Bomberos-1024x747.jpg\" alt=\"\" class=\"wp-image-186547\" srcset=\"https:\/\/www.hoymercedes.com.ar\/principal\/wp-content\/uploads\/2025\/07\/SiniestroVial-Navarro-Bomberos-1024x747.jpg 1024w, https:\/\/www.hoymercedes.com.ar\/principal\/wp-content\/uploads\/2025\/07\/SiniestroVial-Navarro-Bomberos-630x460.jpg 630w, https:\/\/www.hoymercedes.com.ar\/principal\/wp-content\/uploads\/2025\/07\/SiniestroVial-Navarro-Bomberos-150x109.jpg 150w, https:\/\/www.hoymercedes.com.ar\/principal\/wp-content\/uploads\/2025\/07\/SiniestroVial-Navarro-Bomberos.jpg 1320w\" sizes=\"auto, (max-width: 1024px) 100vw, 1024px\" \/><\/figure>\n\n\n\n<p>Una vecina de nuestra ciudad  perdi\u00f3 el control de su Volkswagen Polo mientras circulaba por la Ruta Provincial 41, en el tramo que une las ciudades de Mercedes y Navarro. <\/p>\n\n\n\n<p>El siniestro ocurri\u00f3 alrededor de las 8:00hs y motiv\u00f3 la intervenci\u00f3n de los <em>Bomberos Voluntarios de Navarro<\/em>, quienes se presentaron en el lugar con cuatro dotaciones, adem\u00e1s de una ambulancia y efectivos policiales.<\/p>\n\n\n\n<p>Afortunadamente, la conductora result\u00f3 con heridas leves. <\/p>\n\n\n\n<p>Seg\u00fan el parte oficial del cuartel, los traumatismos fueron de car\u00e1cter menor, aunque las im\u00e1genes del lugar muestran que el siniestro podr\u00eda haber tenido consecuencias m\u00e1s graves.<\/p>\n","protected":false},"excerpt":{"rendered":"<p>Una vecina de nuestra ciudad perdi\u00f3 el control de su Volkswagen Polo mientras circulaba por la Ruta Provincial 41, en &#8230; <a title=\"Mercedina se despista y va contra \u00e1rbol en Ruta N\u00b041\" class=\"read-more\" href=\"https:\/\/www.hoymercedes.com.ar\/principal\/2025\/07\/29\/mercedina-se-despista-y-va-contra-arbol-en-ruta-n41\/\" aria-label=\"Leer m\u00e1s sobre Mercedina se despista y va contra \u00e1rbol en Ruta N\u00b041\">Leer m\u00e1s<\/a><\/p>\n","protected":false},"author":1,"featured_media":186547,"comment_status":"closed","ping_status":"open","sticky":false,"template":"","format":"standard","meta":{"_monsterinsights_skip_tracking":false,"_monsterinsights_sitenote_active":false,"_monsterinsights_sitenote_note":"","_monsterinsights_sitenote_category":0,"jetpack_post_was_ever_published":false,"_jetpack_newsletter_access":"","_jetpack_dont_email_post_to_subs":false,"_jetpack_newsletter_tier_id":0,"_jetpack_memberships_contains_paywalled_content":false,"_jetpack_memberships_contains_paid_content":false,"footnotes":"","jetpack_publicize_message":"","jetpack_publicize_feature_enabled":true,"jetpack_social_post_already_shared":false,"jetpack_social_options":{"image_generator_settings":{"template":"highway","default_image_id":0,"enabled":false},"version":2},"_wpas_customize_per_network":false},"categories":[85],"tags":[10395,20582],"class_list":["post-186546","post","type-post","status-publish","format-standard","has-post-thumbnail","hentry","category-policial","tag-siniestro-vial","tag-vecina-siniestro-navarro","generate-columns","tablet-grid-50","mobile-grid-100","grid-parent","grid-50"],"jetpack_publicize_connections":[],"jetpack_featured_media_url":"https:\/\/www.hoymercedes.com.ar\/principal\/wp-content\/uploads\/2025\/07\/SiniestroVial-Navarro-Bomberos.jpg","wps_subtitle":"Siniestro vial","jetpack_sharing_enabled":true,"_links":{"self":[{"href":"https:\/\/www.hoymercedes.com.ar\/principal\/wp-json\/wp\/v2\/posts\/186546","targetHints":{"allow":["GET"]}}],"collection":[{"href":"https:\/\/www.hoymercedes.com.ar\/principal\/wp-json\/wp\/v2\/posts"}],"about":[{"href":"https:\/\/www.hoymercedes.com.ar\/principal\/wp-json\/wp\/v2\/types\/post"}],"author":[{"embeddable":true,"href":"https:\/\/www.hoymercedes.com.ar\/principal\/wp-json\/wp\/v2\/users\/1"}],"replies":[{"embeddable":true,"href":"https:\/\/www.hoymercedes.com.ar\/principal\/wp-json\/wp\/v2\/comments?post=186546"}],"version-history":[{"count":2,"href":"https:\/\/www.hoymercedes.com.ar\/principal\/wp-json\/wp\/v2\/posts\/186546\/revisions"}],"predecessor-version":[{"id":186549,"href":"https:\/\/www.hoymercedes.com.ar\/principal\/wp-json\/wp\/v2\/posts\/186546\/revisions\/186549"}],"wp:featuredmedia":[{"embeddable":true,"href":"https:\/\/www.hoymercedes.com.ar\/principal\/wp-json\/wp\/v2\/media\/186547"}],"wp:attachment":[{"href":"https:\/\/www.hoymercedes.com.ar\/principal\/wp-json\/wp\/v2\/media?parent=186546"}],"wp:term":[{"taxonomy":"category","embeddable":true,"href":"https:\/\/www.hoymercedes.com.ar\/principal\/wp-json\/wp\/v2\/categories?post=186546"},{"taxonomy":"post_tag","embeddable":true,"href":"https:\/\/www.hoymercedes.com.ar\/principal\/wp-json\/wp\/v2\/tags?post=186546"}],"curies":[{"name":"wp","href":"https:\/\/api.w.org\/{rel}","templated":true}]}}