{"id":186562,"date":"2025-07-29T22:19:44","date_gmt":"2025-07-30T01:19:44","guid":{"rendered":"https:\/\/www.hoymercedes.com.ar\/principal\/?p=186562"},"modified":"2025-07-29T22:24:24","modified_gmt":"2025-07-30T01:24:24","slug":"celebracion-del-dia-de-la-pachamama-en-el-predio-de-la-utt","status":"publish","type":"post","link":"https:\/\/www.hoymercedes.com.ar\/principal\/2025\/07\/29\/celebracion-del-dia-de-la-pachamama-en-el-predio-de-la-utt\/","title":{"rendered":"Celebraci\u00f3n del D\u00eda de la Pachamama en el predio de la UTT"},"content":{"rendered":"\n<figure class=\"wp-block-image size-large\"><img loading=\"lazy\" decoding=\"async\" width=\"1024\" height=\"682\" data-attachment-id=\"186563\" data-permalink=\"https:\/\/www.hoymercedes.com.ar\/principal\/2025\/07\/29\/celebracion-del-dia-de-la-pachamama-en-el-predio-de-la-utt\/dsc00032\/#main\" data-orig-file=\"https:\/\/www.hoymercedes.com.ar\/principal\/wp-content\/uploads\/2025\/07\/DSC00032.jpg\" data-orig-size=\"1319,879\" data-comments-opened=\"0\" data-image-meta=\"{&quot;aperture&quot;:&quot;0&quot;,&quot;credit&quot;:&quot;&quot;,&quot;camera&quot;:&quot;&quot;,&quot;caption&quot;:&quot;&quot;,&quot;created_timestamp&quot;:&quot;0&quot;,&quot;copyright&quot;:&quot;&quot;,&quot;focal_length&quot;:&quot;0&quot;,&quot;iso&quot;:&quot;0&quot;,&quot;shutter_speed&quot;:&quot;0&quot;,&quot;title&quot;:&quot;&quot;,&quot;orientation&quot;:&quot;0&quot;}\" data-image-title=\"DSC00032\" data-image-description=\"&lt;p&gt;Celebraci\u00f3n Pachamama UTT&lt;\/p&gt;\n\" data-image-caption=\"&lt;p&gt;Celebraci\u00f3n Pachamama UTT&lt;\/p&gt;\n\" data-large-file=\"https:\/\/www.hoymercedes.com.ar\/principal\/wp-content\/uploads\/2025\/07\/DSC00032-1024x682.jpg\" src=\"https:\/\/www.hoymercedes.com.ar\/principal\/wp-content\/uploads\/2025\/07\/DSC00032-1024x682.jpg\" alt=\"\" class=\"wp-image-186563\" srcset=\"https:\/\/www.hoymercedes.com.ar\/principal\/wp-content\/uploads\/2025\/07\/DSC00032-1024x682.jpg 1024w, https:\/\/www.hoymercedes.com.ar\/principal\/wp-content\/uploads\/2025\/07\/DSC00032-630x420.jpg 630w, https:\/\/www.hoymercedes.com.ar\/principal\/wp-content\/uploads\/2025\/07\/DSC00032-150x100.jpg 150w, https:\/\/www.hoymercedes.com.ar\/principal\/wp-content\/uploads\/2025\/07\/DSC00032-700x465.jpg 700w, https:\/\/www.hoymercedes.com.ar\/principal\/wp-content\/uploads\/2025\/07\/DSC00032.jpg 1319w\" sizes=\"auto, (max-width: 1024px) 100vw, 1024px\" \/><\/figure>\n\n\n\n<p>Este viernes 1 de agosto a las 13:00 horas, se llevar\u00e1 a cabo una nueva edici\u00f3n de la celebraci\u00f3n del D\u00eda de la Pachamama en el predio de la Uni\u00f3n de Trabajadores y Trabajadoras de la Tierra (UTT), ubicado sobre la Ruta 5, kil\u00f3metro 98.<\/p>\n\n\n\n<p>La jornada propone un encuentro abierto a la comunidad, con rituales tradicionales, comidas t\u00edpicas y m\u00fasica en vivo.<\/p>\n\n\n\n<p>La actividad busca rendir homenaje a la Madre Tierra, en una fecha profundamente significativa dentro de las cosmovisiones andinas y campesinas. En este marco, se llevar\u00e1 adelante la cl\u00e1sica ceremonia de ofrendas, donde se comparten alimentos, bebidas y productos cosechados como gesto de agradecimiento por todo lo que la tierra brinda.<\/p>\n\n\n\n<p>Adem\u00e1s de la ceremonia, los asistentes podr\u00e1n disfrutar de un servicio de cantina con comidas t\u00edpicas, elaboradas por productores y productoras locales. La propuesta gastron\u00f3mica incluir\u00e1 platos tradicionales que recuperan sabores y recetas de ra\u00edz popular, en sinton\u00eda con el esp\u00edritu de la celebraci\u00f3n.<\/p>\n\n\n\n<p>El evento tambi\u00e9n contar\u00e1 con m\u00fasica en vivo y espect\u00e1culos que acompa\u00f1ar\u00e1n la jornada, reforzando el valor cultural y comunitario de este tipo de encuentros.<\/p>\n\n\n\n<p>El D\u00eda de la Pachamama es una fecha emblem\u00e1tica para quienes trabajan la tierra, pero tambi\u00e9n una oportunidad para toda la comunidad de reflexionar sobre la relaci\u00f3n con el ambiente, el valor de la producci\u00f3n local y el cuidado de los bienes comunes.<br>La entrada es libre y gratuita, y se espera una amplia participaci\u00f3n de familias, vecinos y vecinas de la zona.<\/p>\n","protected":false},"excerpt":{"rendered":"<p>Este viernes 1 de agosto a las 13:00 horas, se llevar\u00e1 a cabo una nueva edici\u00f3n de la celebraci\u00f3n del &#8230; <a title=\"Celebraci\u00f3n del D\u00eda de la Pachamama en el predio de la UTT\" class=\"read-more\" href=\"https:\/\/www.hoymercedes.com.ar\/principal\/2025\/07\/29\/celebracion-del-dia-de-la-pachamama-en-el-predio-de-la-utt\/\" aria-label=\"Leer m\u00e1s sobre Celebraci\u00f3n del D\u00eda de la Pachamama en el predio de la UTT\">Leer m\u00e1s<\/a><\/p>\n","protected":false},"author":1,"featured_media":186563,"comment_status":"closed","ping_status":"open","sticky":false,"template":"","format":"standard","meta":{"_monsterinsights_skip_tracking":false,"_monsterinsights_sitenote_active":false,"_monsterinsights_sitenote_note":"","_monsterinsights_sitenote_category":0,"jetpack_post_was_ever_published":false,"_jetpack_newsletter_access":"","_jetpack_dont_email_post_to_subs":false,"_jetpack_newsletter_tier_id":0,"_jetpack_memberships_contains_paywalled_content":false,"_jetpack_memberships_contains_paid_content":false,"footnotes":"","jetpack_publicize_message":"","jetpack_publicize_feature_enabled":true,"jetpack_social_post_already_shared":false,"jetpack_social_options":{"image_generator_settings":{"template":"highway","default_image_id":0,"enabled":false},"version":2},"_wpas_customize_per_network":false},"categories":[8],"tags":[20584,20583],"class_list":["post-186562","post","type-post","status-publish","format-standard","has-post-thumbnail","hentry","category-sociedad","tag-pacha-mama","tag-utt-mercedes","generate-columns","tablet-grid-50","mobile-grid-100","grid-parent","grid-50"],"jetpack_publicize_connections":[],"jetpack_featured_media_url":"https:\/\/www.hoymercedes.com.ar\/principal\/wp-content\/uploads\/2025\/07\/DSC00032.jpg","wps_subtitle":"Celebraciones ","jetpack_sharing_enabled":true,"_links":{"self":[{"href":"https:\/\/www.hoymercedes.com.ar\/principal\/wp-json\/wp\/v2\/posts\/186562","targetHints":{"allow":["GET"]}}],"collection":[{"href":"https:\/\/www.hoymercedes.com.ar\/principal\/wp-json\/wp\/v2\/posts"}],"about":[{"href":"https:\/\/www.hoymercedes.com.ar\/principal\/wp-json\/wp\/v2\/types\/post"}],"author":[{"embeddable":true,"href":"https:\/\/www.hoymercedes.com.ar\/principal\/wp-json\/wp\/v2\/users\/1"}],"replies":[{"embeddable":true,"href":"https:\/\/www.hoymercedes.com.ar\/principal\/wp-json\/wp\/v2\/comments?post=186562"}],"version-history":[{"count":2,"href":"https:\/\/www.hoymercedes.com.ar\/principal\/wp-json\/wp\/v2\/posts\/186562\/revisions"}],"predecessor-version":[{"id":186565,"href":"https:\/\/www.hoymercedes.com.ar\/principal\/wp-json\/wp\/v2\/posts\/186562\/revisions\/186565"}],"wp:featuredmedia":[{"embeddable":true,"href":"https:\/\/www.hoymercedes.com.ar\/principal\/wp-json\/wp\/v2\/media\/186563"}],"wp:attachment":[{"href":"https:\/\/www.hoymercedes.com.ar\/principal\/wp-json\/wp\/v2\/media?parent=186562"}],"wp:term":[{"taxonomy":"category","embeddable":true,"href":"https:\/\/www.hoymercedes.com.ar\/principal\/wp-json\/wp\/v2\/categories?post=186562"},{"taxonomy":"post_tag","embeddable":true,"href":"https:\/\/www.hoymercedes.com.ar\/principal\/wp-json\/wp\/v2\/tags?post=186562"}],"curies":[{"name":"wp","href":"https:\/\/api.w.org\/{rel}","templated":true}]}}