{"id":186567,"date":"2025-07-30T08:08:00","date_gmt":"2025-07-30T11:08:00","guid":{"rendered":"https:\/\/www.hoymercedes.com.ar\/principal\/?p=186567"},"modified":"2025-07-30T00:26:21","modified_gmt":"2025-07-30T03:26:21","slug":"cambio-de-liderazgo-en-la-fesimubo-hernan-doval-reemplaza-al-historico-cholo-garcia","status":"publish","type":"post","link":"https:\/\/www.hoymercedes.com.ar\/principal\/2025\/07\/30\/cambio-de-liderazgo-en-la-fesimubo-hernan-doval-reemplaza-al-historico-cholo-garcia\/","title":{"rendered":"Cambio de liderazgo en la FESIMUBO: Hern\u00e1n Doval reemplaza al hist\u00f3rico \u201cCholo\u201d Garc\u00eda"},"content":{"rendered":"\n<figure class=\"wp-block-image size-large\"><img loading=\"lazy\" decoding=\"async\" width=\"1024\" height=\"576\" data-attachment-id=\"186569\" data-permalink=\"https:\/\/www.hoymercedes.com.ar\/principal\/2025\/07\/30\/cambio-de-liderazgo-en-la-fesimubo-hernan-doval-reemplaza-al-historico-cholo-garcia\/doval\/#main\" data-orig-file=\"https:\/\/www.hoymercedes.com.ar\/principal\/wp-content\/uploads\/2025\/07\/Doval-.jpg\" data-orig-size=\"1079,607\" data-comments-opened=\"0\" data-image-meta=\"{&quot;aperture&quot;:&quot;0&quot;,&quot;credit&quot;:&quot;&quot;,&quot;camera&quot;:&quot;&quot;,&quot;caption&quot;:&quot;&quot;,&quot;created_timestamp&quot;:&quot;0&quot;,&quot;copyright&quot;:&quot;&quot;,&quot;focal_length&quot;:&quot;0&quot;,&quot;iso&quot;:&quot;0&quot;,&quot;shutter_speed&quot;:&quot;0&quot;,&quot;title&quot;:&quot;&quot;,&quot;orientation&quot;:&quot;0&quot;}\" data-image-title=\"Cambio de liderazgo en la FESIMUBO: Hern\u00e1n Doval reemplaza al hist\u00f3rico \u201cCholo\u201d Garc\u00eda\" data-image-description=\"&lt;p&gt;Cambio de liderazgo en la FESIMUBO: Hern\u00e1n Doval reemplaza al hist\u00f3rico \u201cCholo\u201d Garc\u00eda&lt;\/p&gt;\n\" data-image-caption=\"&lt;p&gt;Cambio de liderazgo en la FESIMUBO: Hern\u00e1n Doval reemplaza al hist\u00f3rico \u201cCholo\u201d Garc\u00eda&lt;\/p&gt;\n\" data-large-file=\"https:\/\/www.hoymercedes.com.ar\/principal\/wp-content\/uploads\/2025\/07\/Doval--1024x576.jpg\" src=\"https:\/\/www.hoymercedes.com.ar\/principal\/wp-content\/uploads\/2025\/07\/Doval--1024x576.jpg\" alt=\"\" class=\"wp-image-186569\" srcset=\"https:\/\/www.hoymercedes.com.ar\/principal\/wp-content\/uploads\/2025\/07\/Doval--1024x576.jpg 1024w, https:\/\/www.hoymercedes.com.ar\/principal\/wp-content\/uploads\/2025\/07\/Doval--630x354.jpg 630w, https:\/\/www.hoymercedes.com.ar\/principal\/wp-content\/uploads\/2025\/07\/Doval--150x84.jpg 150w, https:\/\/www.hoymercedes.com.ar\/principal\/wp-content\/uploads\/2025\/07\/Doval-.jpg 1079w\" sizes=\"auto, (max-width: 1024px) 100vw, 1024px\" \/><\/figure>\n\n\n\n<p>Despu\u00e9s de 17 a\u00f1os al frente de la Federaci\u00f3n de Sindicatos Municipales Bonaerenses (FESIMUBO), Rub\u00e9n \u201cCholo\u201d Garc\u00eda dejar\u00e1 la secretar\u00eda general de la organizaci\u00f3n. En su lugar asumir\u00e1 Hern\u00e1n Doval, quien tomar\u00e1 el mando a partir del pr\u00f3ximo 12 de septiembre, en el marco de una renovaci\u00f3n de autoridades que marcar\u00e1 un cambio significativo dentro del sindicalismo municipal bonaerense.<\/p>\n\n\n\n<p>Doval cuenta con una s\u00f3lida trayectoria gremial. Actualmente preside la Confederaci\u00f3n de Trabajadores Municipales de la Rep\u00fablica Argentina (CTM) y la Confederaci\u00f3n de Trabajadores Municipales de las Am\u00e9ricas (CONTRAM). Adem\u00e1s, fue uno de los impulsores de la Ley 14.656 de Paritarias Municipales durante su paso por la C\u00e1mara de Diputados bonaerense, lo que consolid\u00f3 su perfil como referente del sector.<\/p>\n\n\n\n<p>Su llegada a la conducci\u00f3n de la FESIMUBO refuerza el perfil nacional e internacional de la organizaci\u00f3n. En junio de este a\u00f1o, Doval particip\u00f3 en la conferencia anual de la Organizaci\u00f3n Internacional del Trabajo en Ginebra, donde denunci\u00f3 abusos laborales por parte de algunos jefes comunales de la provincia, a quienes acus\u00f3 de sostener \u201cun r\u00e9gimen de terror laboral\u201d.<\/p>\n\n\n\n<p>Por su parte, Garc\u00eda continuar\u00e1 siendo parte de la federaci\u00f3n, pero en un nuevo rol: asumir\u00e1 la secretar\u00eda de Finanzas. De este modo, se garantiza una transici\u00f3n ordenada que combina experiencia con renovaci\u00f3n, en una federaci\u00f3n que representa a m\u00e1s de 100.000 trabajadores municipales de la provincia de Buenos Aires.<\/p>\n\n\n\n<p>Foto: @https:\/\/x.com\/herdoval<\/p>\n\n\n\n<p><\/p>\n","protected":false},"excerpt":{"rendered":"<p>Despu\u00e9s de 17 a\u00f1os al frente de la Federaci\u00f3n de Sindicatos Municipales Bonaerenses (FESIMUBO), Rub\u00e9n \u201cCholo\u201d Garc\u00eda dejar\u00e1 la secretar\u00eda &#8230; <a title=\"Cambio de liderazgo en la FESIMUBO: Hern\u00e1n Doval reemplaza al hist\u00f3rico \u201cCholo\u201d Garc\u00eda\" class=\"read-more\" href=\"https:\/\/www.hoymercedes.com.ar\/principal\/2025\/07\/30\/cambio-de-liderazgo-en-la-fesimubo-hernan-doval-reemplaza-al-historico-cholo-garcia\/\" aria-label=\"Leer m\u00e1s sobre Cambio de liderazgo en la FESIMUBO: Hern\u00e1n Doval reemplaza al hist\u00f3rico \u201cCholo\u201d Garc\u00eda\">Leer m\u00e1s<\/a><\/p>\n","protected":false},"author":1,"featured_media":186569,"comment_status":"closed","ping_status":"open","sticky":false,"template":"","format":"standard","meta":{"_monsterinsights_skip_tracking":false,"_monsterinsights_sitenote_active":false,"_monsterinsights_sitenote_note":"","_monsterinsights_sitenote_category":0,"jetpack_post_was_ever_published":false,"_jetpack_newsletter_access":"","_jetpack_dont_email_post_to_subs":false,"_jetpack_newsletter_tier_id":0,"_jetpack_memberships_contains_paywalled_content":false,"_jetpack_memberships_contains_paid_content":false,"footnotes":"","jetpack_publicize_message":"","jetpack_publicize_feature_enabled":true,"jetpack_social_post_already_shared":true,"jetpack_social_options":{"image_generator_settings":{"template":"highway","default_image_id":0,"enabled":false},"version":2},"_wpas_customize_per_network":false},"categories":[8],"tags":[],"class_list":["post-186567","post","type-post","status-publish","format-standard","has-post-thumbnail","hentry","category-sociedad","generate-columns","tablet-grid-50","mobile-grid-100","grid-parent","grid-50"],"jetpack_publicize_connections":[],"jetpack_featured_media_url":"https:\/\/www.hoymercedes.com.ar\/principal\/wp-content\/uploads\/2025\/07\/Doval-.jpg","wps_subtitle":"Sindicatos ","jetpack_sharing_enabled":true,"_links":{"self":[{"href":"https:\/\/www.hoymercedes.com.ar\/principal\/wp-json\/wp\/v2\/posts\/186567","targetHints":{"allow":["GET"]}}],"collection":[{"href":"https:\/\/www.hoymercedes.com.ar\/principal\/wp-json\/wp\/v2\/posts"}],"about":[{"href":"https:\/\/www.hoymercedes.com.ar\/principal\/wp-json\/wp\/v2\/types\/post"}],"author":[{"embeddable":true,"href":"https:\/\/www.hoymercedes.com.ar\/principal\/wp-json\/wp\/v2\/users\/1"}],"replies":[{"embeddable":true,"href":"https:\/\/www.hoymercedes.com.ar\/principal\/wp-json\/wp\/v2\/comments?post=186567"}],"version-history":[{"count":3,"href":"https:\/\/www.hoymercedes.com.ar\/principal\/wp-json\/wp\/v2\/posts\/186567\/revisions"}],"predecessor-version":[{"id":186572,"href":"https:\/\/www.hoymercedes.com.ar\/principal\/wp-json\/wp\/v2\/posts\/186567\/revisions\/186572"}],"wp:featuredmedia":[{"embeddable":true,"href":"https:\/\/www.hoymercedes.com.ar\/principal\/wp-json\/wp\/v2\/media\/186569"}],"wp:attachment":[{"href":"https:\/\/www.hoymercedes.com.ar\/principal\/wp-json\/wp\/v2\/media?parent=186567"}],"wp:term":[{"taxonomy":"category","embeddable":true,"href":"https:\/\/www.hoymercedes.com.ar\/principal\/wp-json\/wp\/v2\/categories?post=186567"},{"taxonomy":"post_tag","embeddable":true,"href":"https:\/\/www.hoymercedes.com.ar\/principal\/wp-json\/wp\/v2\/tags?post=186567"}],"curies":[{"name":"wp","href":"https:\/\/api.w.org\/{rel}","templated":true}]}}