{"id":186613,"date":"2025-07-31T15:20:00","date_gmt":"2025-07-31T18:20:00","guid":{"rendered":"https:\/\/www.hoymercedes.com.ar\/principal\/?p=186613"},"modified":"2025-07-31T13:28:49","modified_gmt":"2025-07-31T16:28:49","slug":"anses-jubilaciones-pensiones-y-asignaciones-se-incrementan-en-agosto","status":"publish","type":"post","link":"https:\/\/www.hoymercedes.com.ar\/principal\/2025\/07\/31\/anses-jubilaciones-pensiones-y-asignaciones-se-incrementan-en-agosto\/","title":{"rendered":"ANSES: Jubilaciones, pensiones y asignaciones se incrementan en agosto"},"content":{"rendered":"\n<p>Desde ANSES, organismo dependiente del Ministerio de Capital Humano, informaron que las jubilaciones, pensiones y asignaciones tendr\u00e1n \u00abun incremento en\u00a0agosto\u00a0del\u00a01,62 por ciento, por la f\u00f3rmula de movilidad, que toma como referencia el IPC de junio publicado por el INDEC\u00bb.<\/p>\n\n\n\n<p>Adem\u00e1s, de acuerdo a la informaci\u00f3n enviada a los medios de comunicaci\u00f3n, \u00ablos titulares de jubilaciones y pensiones con haberes m\u00ednimos cobrar\u00e1n un\u00a0bono de 70 mil pesos, por lo que la suma total que percibir\u00e1n ser\u00e1 de\u00a0384.305,37 pesos\u00a0(314.305,37 pesos de haber m\u00ednimo con aumento + 70 mil pesos de bono)<strong>.\u00a0<\/strong>En tanto, quienes superen el m\u00ednimo tendr\u00e1n un bono proporcional hasta alcanzar los\u00a0384.305,37pesos\u00bb.<\/p>\n\n\n\n<p>La\u00a0Pensi\u00f3n Universal para el Adulto Mayor (PUAM) ser\u00e1 de\u00a0321.444,30 pesos\u00a0(251.444,30 pesos de haber con aumento + 70 mil pesos de bono) y las Pensiones No Contributivas (PNC) por Invalidez y Vejez, de\u00a0290.013,76 pesos\u00a0(220.013,76 pesos de haber con aumento + 70 mil pesos de bono).\u00a0<\/p>\n\n\n\n<p>En tanto, la Asignaci\u00f3n Universal por Hijo (AUH) ascender\u00e1 a\u00a0112.942 pesos; la AUH por Hijo con Discapacidad, a\u00a0<strong>367.757 pesos<\/strong>, y la Asignaci\u00f3n Familiar por Hijo, a\u00a056.475 pesos\u00a0para el primer rango de ingresos.<\/p>\n\n\n\n<p>Todos los pagos se realizar\u00e1n en las fechas estipuladas en el calendario habitual.<\/p>\n","protected":false},"excerpt":{"rendered":"<p>Desde ANSES, organismo dependiente del Ministerio de Capital Humano, informaron que las jubilaciones, pensiones y asignaciones tendr\u00e1n \u00abun incremento en\u00a0agosto\u00a0del\u00a01,62 &#8230; <a title=\"ANSES: Jubilaciones, pensiones y asignaciones se incrementan en agosto\" class=\"read-more\" href=\"https:\/\/www.hoymercedes.com.ar\/principal\/2025\/07\/31\/anses-jubilaciones-pensiones-y-asignaciones-se-incrementan-en-agosto\/\" aria-label=\"Leer m\u00e1s sobre ANSES: Jubilaciones, pensiones y asignaciones se incrementan en agosto\">Leer m\u00e1s<\/a><\/p>\n","protected":false},"author":1,"featured_media":172442,"comment_status":"closed","ping_status":"open","sticky":false,"template":"","format":"standard","meta":{"_monsterinsights_skip_tracking":false,"_monsterinsights_sitenote_active":false,"_monsterinsights_sitenote_note":"","_monsterinsights_sitenote_category":0,"jetpack_post_was_ever_published":false,"_jetpack_newsletter_access":"","_jetpack_dont_email_post_to_subs":false,"_jetpack_newsletter_tier_id":0,"_jetpack_memberships_contains_paywalled_content":false,"_jetpack_memberships_contains_paid_content":false,"footnotes":"","jetpack_publicize_message":"","jetpack_publicize_feature_enabled":true,"jetpack_social_post_already_shared":true,"jetpack_social_options":{"image_generator_settings":{"template":"highway","default_image_id":0,"enabled":false},"version":2},"_wpas_customize_per_network":false},"categories":[8],"tags":[],"class_list":["post-186613","post","type-post","status-publish","format-standard","has-post-thumbnail","hentry","category-sociedad","generate-columns","tablet-grid-50","mobile-grid-100","grid-parent","grid-50"],"jetpack_publicize_connections":[],"jetpack_featured_media_url":"https:\/\/www.hoymercedes.com.ar\/principal\/wp-content\/uploads\/2024\/02\/ansesmercedesa.jpg","wps_subtitle":"","jetpack_sharing_enabled":true,"_links":{"self":[{"href":"https:\/\/www.hoymercedes.com.ar\/principal\/wp-json\/wp\/v2\/posts\/186613","targetHints":{"allow":["GET"]}}],"collection":[{"href":"https:\/\/www.hoymercedes.com.ar\/principal\/wp-json\/wp\/v2\/posts"}],"about":[{"href":"https:\/\/www.hoymercedes.com.ar\/principal\/wp-json\/wp\/v2\/types\/post"}],"author":[{"embeddable":true,"href":"https:\/\/www.hoymercedes.com.ar\/principal\/wp-json\/wp\/v2\/users\/1"}],"replies":[{"embeddable":true,"href":"https:\/\/www.hoymercedes.com.ar\/principal\/wp-json\/wp\/v2\/comments?post=186613"}],"version-history":[{"count":1,"href":"https:\/\/www.hoymercedes.com.ar\/principal\/wp-json\/wp\/v2\/posts\/186613\/revisions"}],"predecessor-version":[{"id":186614,"href":"https:\/\/www.hoymercedes.com.ar\/principal\/wp-json\/wp\/v2\/posts\/186613\/revisions\/186614"}],"wp:featuredmedia":[{"embeddable":true,"href":"https:\/\/www.hoymercedes.com.ar\/principal\/wp-json\/wp\/v2\/media\/172442"}],"wp:attachment":[{"href":"https:\/\/www.hoymercedes.com.ar\/principal\/wp-json\/wp\/v2\/media?parent=186613"}],"wp:term":[{"taxonomy":"category","embeddable":true,"href":"https:\/\/www.hoymercedes.com.ar\/principal\/wp-json\/wp\/v2\/categories?post=186613"},{"taxonomy":"post_tag","embeddable":true,"href":"https:\/\/www.hoymercedes.com.ar\/principal\/wp-json\/wp\/v2\/tags?post=186613"}],"curies":[{"name":"wp","href":"https:\/\/api.w.org\/{rel}","templated":true}]}}