{"id":186638,"date":"2025-07-31T21:37:29","date_gmt":"2025-08-01T00:37:29","guid":{"rendered":"https:\/\/www.hoymercedes.com.ar\/principal\/?p=186638"},"modified":"2025-07-31T21:44:17","modified_gmt":"2025-08-01T00:44:17","slug":"mas-y-millonarios-equipamiento-para-el-hospital-dubarry","status":"publish","type":"post","link":"https:\/\/www.hoymercedes.com.ar\/principal\/2025\/07\/31\/mas-y-millonarios-equipamiento-para-el-hospital-dubarry\/","title":{"rendered":"M\u00e1s y millonarios equipamiento para el Hospital Dubarry"},"content":{"rendered":"\n<p>El Hospital Blas L. Dubarry sum\u00f3 nuevo equipamiento de alta tecnolog\u00eda para el \u00e1rea de Otoemisiones, gracias a una entrega realizada por el Ministerio de Salud de la Provincia de Buenos Aires. Estuvo presente el intendente Juan Ustarroz, el director del hospital Walter Crema, y la responsable de la Regi\u00f3n Sanitaria X, Carolina Di Napole.<\/p>\n\n\n<div class=\"wp-block-image\">\n<figure class=\"aligncenter size-full\"><img loading=\"lazy\" decoding=\"async\" width=\"800\" height=\"600\" data-attachment-id=\"186643\" data-permalink=\"https:\/\/www.hoymercedes.com.ar\/principal\/whatsapp-image-2025-07-31-at-18-34-11\/\" data-orig-file=\"https:\/\/www.hoymercedes.com.ar\/principal\/wp-content\/uploads\/2025\/07\/WhatsApp-Image-2025-07-31-at-18.34.11.jpg\" data-orig-size=\"800,600\" data-comments-opened=\"0\" data-image-meta=\"{&quot;aperture&quot;:&quot;0&quot;,&quot;credit&quot;:&quot;&quot;,&quot;camera&quot;:&quot;&quot;,&quot;caption&quot;:&quot;&quot;,&quot;created_timestamp&quot;:&quot;0&quot;,&quot;copyright&quot;:&quot;&quot;,&quot;focal_length&quot;:&quot;0&quot;,&quot;iso&quot;:&quot;0&quot;,&quot;shutter_speed&quot;:&quot;0&quot;,&quot;title&quot;:&quot;&quot;,&quot;orientation&quot;:&quot;0&quot;}\" data-image-title=\"WhatsApp Image 2025-07-31 at 18.34.11\" data-image-description=\"\" data-image-caption=\"\" data-large-file=\"https:\/\/www.hoymercedes.com.ar\/principal\/wp-content\/uploads\/2025\/07\/WhatsApp-Image-2025-07-31-at-18.34.11.jpg\" src=\"https:\/\/www.hoymercedes.com.ar\/principal\/wp-content\/uploads\/2025\/07\/WhatsApp-Image-2025-07-31-at-18.34.11.jpg\" alt=\"\" class=\"wp-image-186643\" srcset=\"https:\/\/www.hoymercedes.com.ar\/principal\/wp-content\/uploads\/2025\/07\/WhatsApp-Image-2025-07-31-at-18.34.11.jpg 800w, https:\/\/www.hoymercedes.com.ar\/principal\/wp-content\/uploads\/2025\/07\/WhatsApp-Image-2025-07-31-at-18.34.11-630x473.jpg 630w, https:\/\/www.hoymercedes.com.ar\/principal\/wp-content\/uploads\/2025\/07\/WhatsApp-Image-2025-07-31-at-18.34.11-150x113.jpg 150w\" sizes=\"auto, (max-width: 800px) 100vw, 800px\" \/><\/figure>\n<\/div>\n\n\n<p>Se trata de un avanzado <strong>equipo de potenciales evocados auditivos<\/strong>, una herramienta clave para el <strong>diagn\u00f3stico precoz de hipoacusia en reci\u00e9n nacidos<\/strong>. Esta incorporaci\u00f3n permitir\u00e1 realizar estudios complejos sin la necesidad de derivar a pacientes fuera del distrito, lo que representa un gran paso en t\u00e9rminos de accesibilidad y calidad en la atenci\u00f3n sanitaria para Mercedes y toda la <strong>Regi\u00f3n Sanitaria X<\/strong>.<\/p>\n\n\n\n<p>Desde la instituci\u00f3n dirigida por el Dr. Crema destacaron que este avance \u201cfortalece la salud p\u00fablica local, brindando respuestas r\u00e1pidas y eficaces desde el propio territorio\u201d. Adem\u00e1s, remarcaron que contar con esta tecnolog\u00eda en el Dubarry no solo agiliza los diagn\u00f3sticos, sino que tambi\u00e9n evita traslados innecesarios de familias con beb\u00e9s reci\u00e9n nacidos.<\/p>\n\n\n\n<p>Las autoridades del hospital agradecieron especialmente al <strong>Ministerio de Salud bonaerense<\/strong>, a la <strong>Regi\u00f3n Sanitaria X<\/strong> y a <strong>Gesti\u00f3n Salud PBA<\/strong> por esta entrega fundamental, y al intendente <strong>Juan Ignacio Ustarroz<\/strong> por su permanente acompa\u00f1amiento en el fortalecimiento del sistema de salud local, quien estuvo acompa\u00f1ado de la Lic. Marianela Arenilla. Ustarroz por su parte agradeci\u00f3 al Ministro Kreplak por el apoyo constante a nuestra ciudad y como as\u00ed tambi\u00e9n a todo el personal del nosocomio local por el compromiso constante.<\/p>\n\n\n\n<p>Estuvo presente efectuando la entrega el Dr. Federico Paruelo, responsable de la Direcci\u00f3n Provincial de Salud en la Ni\u00f1ez y la Adolescencia del Ministerio provincial.<\/p>\n\n\n\n<p>Esta iniciativa se enmarca en una pol\u00edtica provincial que busca dotar a los hospitales del interior con herramientas modernas que garanticen el derecho a la salud, construyendo <strong>una red sanitaria m\u00e1s justa, equitativa y cercana<\/strong>.<\/p>\n\n\n\n<figure class=\"wp-block-image size-large\"><img loading=\"lazy\" decoding=\"async\" width=\"1024\" height=\"768\" data-attachment-id=\"186639\" data-permalink=\"https:\/\/www.hoymercedes.com.ar\/principal\/2025\/07\/31\/mas-y-millonarios-equipamiento-para-el-hospital-dubarry\/525602511_1085383337111279_2054324717907325832_n\/#main\" data-orig-file=\"https:\/\/www.hoymercedes.com.ar\/principal\/wp-content\/uploads\/2025\/07\/525602511_1085383337111279_2054324717907325832_n.jpg\" data-orig-size=\"2048,1536\" data-comments-opened=\"0\" data-image-meta=\"{&quot;aperture&quot;:&quot;0&quot;,&quot;credit&quot;:&quot;&quot;,&quot;camera&quot;:&quot;&quot;,&quot;caption&quot;:&quot;&quot;,&quot;created_timestamp&quot;:&quot;0&quot;,&quot;copyright&quot;:&quot;&quot;,&quot;focal_length&quot;:&quot;0&quot;,&quot;iso&quot;:&quot;0&quot;,&quot;shutter_speed&quot;:&quot;0&quot;,&quot;title&quot;:&quot;&quot;,&quot;orientation&quot;:&quot;0&quot;}\" data-image-title=\"Hospital Dubarry\" data-image-description=\"&lt;p&gt;Hospital Dubarry&lt;\/p&gt;\n\" data-image-caption=\"&lt;p&gt;Hospital Dubarry&lt;\/p&gt;\n\" data-large-file=\"https:\/\/www.hoymercedes.com.ar\/principal\/wp-content\/uploads\/2025\/07\/525602511_1085383337111279_2054324717907325832_n-1024x768.jpg\" src=\"https:\/\/www.hoymercedes.com.ar\/principal\/wp-content\/uploads\/2025\/07\/525602511_1085383337111279_2054324717907325832_n-1024x768.jpg\" alt=\"\" class=\"wp-image-186639\" srcset=\"https:\/\/www.hoymercedes.com.ar\/principal\/wp-content\/uploads\/2025\/07\/525602511_1085383337111279_2054324717907325832_n-1024x768.jpg 1024w, https:\/\/www.hoymercedes.com.ar\/principal\/wp-content\/uploads\/2025\/07\/525602511_1085383337111279_2054324717907325832_n-630x473.jpg 630w, https:\/\/www.hoymercedes.com.ar\/principal\/wp-content\/uploads\/2025\/07\/525602511_1085383337111279_2054324717907325832_n-150x113.jpg 150w, https:\/\/www.hoymercedes.com.ar\/principal\/wp-content\/uploads\/2025\/07\/525602511_1085383337111279_2054324717907325832_n-1536x1152.jpg 1536w, https:\/\/www.hoymercedes.com.ar\/principal\/wp-content\/uploads\/2025\/07\/525602511_1085383337111279_2054324717907325832_n.jpg 2048w\" sizes=\"auto, (max-width: 1024px) 100vw, 1024px\" \/><\/figure>\n","protected":false},"excerpt":{"rendered":"<p>El Hospital Blas L. Dubarry sum\u00f3 nuevo equipamiento de alta tecnolog\u00eda para el \u00e1rea de Otoemisiones, gracias a una entrega &#8230; <a title=\"M\u00e1s y millonarios equipamiento para el Hospital Dubarry\" class=\"read-more\" href=\"https:\/\/www.hoymercedes.com.ar\/principal\/2025\/07\/31\/mas-y-millonarios-equipamiento-para-el-hospital-dubarry\/\" aria-label=\"Leer m\u00e1s sobre M\u00e1s y millonarios equipamiento para el Hospital Dubarry\">Leer m\u00e1s<\/a><\/p>\n","protected":false},"author":1,"featured_media":186639,"comment_status":"closed","ping_status":"open","sticky":false,"template":"","format":"standard","meta":{"_monsterinsights_skip_tracking":false,"_monsterinsights_sitenote_active":false,"_monsterinsights_sitenote_note":"","_monsterinsights_sitenote_category":0,"jetpack_post_was_ever_published":false,"_jetpack_newsletter_access":"","_jetpack_dont_email_post_to_subs":false,"_jetpack_newsletter_tier_id":0,"_jetpack_memberships_contains_paywalled_content":false,"_jetpack_memberships_contains_paid_content":false,"footnotes":"","jetpack_publicize_message":"","jetpack_publicize_feature_enabled":true,"jetpack_social_post_already_shared":false,"jetpack_social_options":{"image_generator_settings":{"template":"highway","default_image_id":0,"enabled":false},"version":2},"_wpas_customize_per_network":false},"categories":[8],"tags":[20586,295],"class_list":["post-186638","post","type-post","status-publish","format-standard","has-post-thumbnail","hentry","category-sociedad","tag-equipamiento-al-dubarry","tag-hospital","generate-columns","tablet-grid-50","mobile-grid-100","grid-parent","grid-50"],"jetpack_publicize_connections":[],"jetpack_featured_media_url":"https:\/\/www.hoymercedes.com.ar\/principal\/wp-content\/uploads\/2025\/07\/525602511_1085383337111279_2054324717907325832_n.jpg","wps_subtitle":"Cuidado de la salud","jetpack_sharing_enabled":true,"_links":{"self":[{"href":"https:\/\/www.hoymercedes.com.ar\/principal\/wp-json\/wp\/v2\/posts\/186638","targetHints":{"allow":["GET"]}}],"collection":[{"href":"https:\/\/www.hoymercedes.com.ar\/principal\/wp-json\/wp\/v2\/posts"}],"about":[{"href":"https:\/\/www.hoymercedes.com.ar\/principal\/wp-json\/wp\/v2\/types\/post"}],"author":[{"embeddable":true,"href":"https:\/\/www.hoymercedes.com.ar\/principal\/wp-json\/wp\/v2\/users\/1"}],"replies":[{"embeddable":true,"href":"https:\/\/www.hoymercedes.com.ar\/principal\/wp-json\/wp\/v2\/comments?post=186638"}],"version-history":[{"count":6,"href":"https:\/\/www.hoymercedes.com.ar\/principal\/wp-json\/wp\/v2\/posts\/186638\/revisions"}],"predecessor-version":[{"id":186651,"href":"https:\/\/www.hoymercedes.com.ar\/principal\/wp-json\/wp\/v2\/posts\/186638\/revisions\/186651"}],"wp:featuredmedia":[{"embeddable":true,"href":"https:\/\/www.hoymercedes.com.ar\/principal\/wp-json\/wp\/v2\/media\/186639"}],"wp:attachment":[{"href":"https:\/\/www.hoymercedes.com.ar\/principal\/wp-json\/wp\/v2\/media?parent=186638"}],"wp:term":[{"taxonomy":"category","embeddable":true,"href":"https:\/\/www.hoymercedes.com.ar\/principal\/wp-json\/wp\/v2\/categories?post=186638"},{"taxonomy":"post_tag","embeddable":true,"href":"https:\/\/www.hoymercedes.com.ar\/principal\/wp-json\/wp\/v2\/tags?post=186638"}],"curies":[{"name":"wp","href":"https:\/\/api.w.org\/{rel}","templated":true}]}}