{"id":186660,"date":"2025-08-01T11:13:21","date_gmt":"2025-08-01T14:13:21","guid":{"rendered":"https:\/\/www.hoymercedes.com.ar\/principal\/?p=186660"},"modified":"2025-08-01T11:13:24","modified_gmt":"2025-08-01T14:13:24","slug":"anses-anuncia-el-calendario-de-pago-de-agosto","status":"publish","type":"post","link":"https:\/\/www.hoymercedes.com.ar\/principal\/2025\/08\/01\/anses-anuncia-el-calendario-de-pago-de-agosto\/","title":{"rendered":"ANSES anuncia el calendario de pago de agosto"},"content":{"rendered":"\n<p>Desde ANSES, organismo dependiente del Ministerio de Capital Humano, comunicaron los calendarios de pagos de\u00a0<strong>agosto<\/strong>\u00a0para jubilados, pensionados y titulares de Pensiones No Contributivas, Asignaci\u00f3n Universal por Hijo, Asignaci\u00f3n por Embarazo, por Prenatal, por Maternidad, Asignaciones Familiares, de Pago \u00danico y Prestaci\u00f3n por Desempleo.<\/p>\n\n\n\n<p><strong>Jubilaciones y pensiones que no superen un haber m\u00ednimo<\/strong><br>\u2022 DNI terminados en 0: 8 de agosto<br>\u2022 DNI terminados en 1: 11 de agosto<br>\u2022 DNI terminados en 2: 12 de agosto<br>\u2022 DNI terminados en 3: 13 de agosto<br>\u2022 DNI terminados en 4 y 5: 14 de agosto<br>\u2022 DNI terminados en 6: 18 de agosto<br>\u2022 DNI terminados en 7: 19 de agosto<br>\u2022 DNI terminados en 8: 20 de agosto<br>\u2022 DNI terminados en 9: 21 de agosto<\/p>\n\n\n\n<p><strong>Jubilaciones y pensiones que superen un haber m\u00ednimo<\/strong><br>\u2022 DNI terminados en 0 y 1: 22 de agosto<br>\u2022 DNI terminados en 2 y 3: 25 de agosto<br>\u2022 DNI terminados en 4 y 5: 26 de agosto<br>\u2022 DNI terminados en 6 y 7: 27 de agosto<br>\u2022 DNI terminados en 8 y 9: 28 de agosto<\/p>\n\n\n\n<p><strong>Asignaci\u00f3n Universal por Hijo y Asignaci\u00f3n Familiar por Hijo<\/strong><br>\u2022 DNI terminados en 0: 8 de agosto<br>\u2022 DNI terminados en 1: 11 de agosto<br>\u2022 DNI terminados en 2: 12 de agosto<br>\u2022 DNI terminados en 3: 13 de agosto<br>\u2022 DNI terminados en 4: 14 de agosto<br>\u2022 DNI terminados en 5: 18 de agosto<br>\u2022 DNI terminados en 6: 19 de agosto<br>\u2022 DNI terminados en 7: 20 de agosto<br>\u2022 DNI terminados en 8: 21 de agosto<br>\u2022 DNI terminados en 9: 22 de agosto<\/p>\n\n\n\n<p><strong>Asignaci\u00f3n por Embarazo<\/strong><br>\u2022 DNI terminados en 0: 11 de agosto<br>\u2022 DNI terminados en 1:\u00a0 12 de agosto<br>\u2022 DNI terminados en 2: 13 de agosto<br>\u2022 DNI terminados en 3: 14 de agosto<br>\u2022 DNI terminados en 4: 18 de agosto<br>\u2022 DNI terminados en 5: 19 de agosto<br>\u2022 DNI terminados en 6: 20 de agosto<br>\u2022 DNI terminados en 7: 21 de agosto<br>\u2022 DNI terminados en 8: 22 de agosto<br>\u2022 DNI terminados en 9: 25 de agosto<\/p>\n\n\n\n<p><strong>Asignaci\u00f3n por Prenatal<\/strong><br>\u2022 DNI terminados en 0 y 1: 11 de agosto<br>\u2022 DNI terminados en 2 y 3: 12 de agosto<br>\u2022 DNI terminados en 4 y 5: 13 de agosto<br>\u2022 DNI terminados en 6 y 7: 14 de agosto<br>\u2022 DNI terminados en 8 y 9: 18 de agosto<\/p>\n\n\n\n<p><strong>Asignaci\u00f3n por Maternidad<\/strong><br>\u2022 Todas las terminaciones de documento: 11 de agosto al 10 de septiembre<\/p>\n\n\n\n<p><strong>Asignaciones Pago \u00danico (Matrimonio, Nacimiento, Adopci\u00f3n)<\/strong><br>\u2022 Todas las terminaciones de documento: 11 de agosto al 10 de septiembre<\/p>\n\n\n\n<p><strong>Pensiones No Contributivas<\/strong><br>\u2022 DNI terminados en 0 y 1: 8 de agosto<br>\u2022 DNI terminados en 2 y 3: 11 de agosto<br>\u2022 DNI terminados en 4 y 5: 12 de agosto<br>\u2022 DNI terminados en 6 y 7: 13 de agosto<br>\u2022 DNI terminados en 8 y 9: 14 de agosto<\/p>\n\n\n\n<p><strong>Asignaciones Familiares de Pensiones No Contributivas<\/strong><br>\u2022 Todas las terminaciones de documento: 8 de agosto al 10 de septiembre<\/p>\n\n\n\n<p><strong>Prestaci\u00f3n por Desempleo<\/strong><br>\u2022 DNI terminados en 0 y 1: 22 de agosto<br>\u2022 DNI terminados en 2 y 3: 25 de agosto<br>\u2022 DNI terminados en 4 y 5: 26 de agosto<br>\u2022 DNI terminados en 6 y 7: 27 de agosto<br>\u2022 DNI terminados en 8 y 9: 28 de agosto<\/p>\n","protected":false},"excerpt":{"rendered":"<p>Desde ANSES, organismo dependiente del Ministerio de Capital Humano, comunicaron los calendarios de pagos de\u00a0agosto\u00a0para jubilados, pensionados y titulares de &#8230; <a title=\"ANSES anuncia el calendario de pago de agosto\" class=\"read-more\" href=\"https:\/\/www.hoymercedes.com.ar\/principal\/2025\/08\/01\/anses-anuncia-el-calendario-de-pago-de-agosto\/\" aria-label=\"Leer m\u00e1s sobre ANSES anuncia el calendario de pago de agosto\">Leer m\u00e1s<\/a><\/p>\n","protected":false},"author":1,"featured_media":172443,"comment_status":"closed","ping_status":"open","sticky":false,"template":"","format":"standard","meta":{"_monsterinsights_skip_tracking":false,"_monsterinsights_sitenote_active":false,"_monsterinsights_sitenote_note":"","_monsterinsights_sitenote_category":0,"jetpack_post_was_ever_published":false,"_jetpack_newsletter_access":"","_jetpack_dont_email_post_to_subs":false,"_jetpack_newsletter_tier_id":0,"_jetpack_memberships_contains_paywalled_content":false,"_jetpack_memberships_contains_paid_content":false,"footnotes":"","jetpack_publicize_message":"","jetpack_publicize_feature_enabled":true,"jetpack_social_post_already_shared":false,"jetpack_social_options":{"image_generator_settings":{"template":"highway","default_image_id":0,"enabled":false},"version":2},"_wpas_customize_per_network":false},"categories":[8],"tags":[],"class_list":["post-186660","post","type-post","status-publish","format-standard","has-post-thumbnail","hentry","category-sociedad","generate-columns","tablet-grid-50","mobile-grid-100","grid-parent","grid-50"],"jetpack_publicize_connections":[],"jetpack_featured_media_url":"https:\/\/www.hoymercedes.com.ar\/principal\/wp-content\/uploads\/2024\/02\/anses-mercedes.jpg","wps_subtitle":"","jetpack_sharing_enabled":true,"_links":{"self":[{"href":"https:\/\/www.hoymercedes.com.ar\/principal\/wp-json\/wp\/v2\/posts\/186660","targetHints":{"allow":["GET"]}}],"collection":[{"href":"https:\/\/www.hoymercedes.com.ar\/principal\/wp-json\/wp\/v2\/posts"}],"about":[{"href":"https:\/\/www.hoymercedes.com.ar\/principal\/wp-json\/wp\/v2\/types\/post"}],"author":[{"embeddable":true,"href":"https:\/\/www.hoymercedes.com.ar\/principal\/wp-json\/wp\/v2\/users\/1"}],"replies":[{"embeddable":true,"href":"https:\/\/www.hoymercedes.com.ar\/principal\/wp-json\/wp\/v2\/comments?post=186660"}],"version-history":[{"count":1,"href":"https:\/\/www.hoymercedes.com.ar\/principal\/wp-json\/wp\/v2\/posts\/186660\/revisions"}],"predecessor-version":[{"id":186661,"href":"https:\/\/www.hoymercedes.com.ar\/principal\/wp-json\/wp\/v2\/posts\/186660\/revisions\/186661"}],"wp:featuredmedia":[{"embeddable":true,"href":"https:\/\/www.hoymercedes.com.ar\/principal\/wp-json\/wp\/v2\/media\/172443"}],"wp:attachment":[{"href":"https:\/\/www.hoymercedes.com.ar\/principal\/wp-json\/wp\/v2\/media?parent=186660"}],"wp:term":[{"taxonomy":"category","embeddable":true,"href":"https:\/\/www.hoymercedes.com.ar\/principal\/wp-json\/wp\/v2\/categories?post=186660"},{"taxonomy":"post_tag","embeddable":true,"href":"https:\/\/www.hoymercedes.com.ar\/principal\/wp-json\/wp\/v2\/tags?post=186660"}],"curies":[{"name":"wp","href":"https:\/\/api.w.org\/{rel}","templated":true}]}}