{"id":186664,"date":"2025-08-01T13:52:18","date_gmt":"2025-08-01T16:52:18","guid":{"rendered":"https:\/\/www.hoymercedes.com.ar\/principal\/?p=186664"},"modified":"2025-08-01T13:52:33","modified_gmt":"2025-08-01T16:52:33","slug":"lactancia-materna-actividad-en-el-dubarry-y-10-mitos","status":"publish","type":"post","link":"https:\/\/www.hoymercedes.com.ar\/principal\/2025\/08\/01\/lactancia-materna-actividad-en-el-dubarry-y-10-mitos\/","title":{"rendered":"Lactancia Materna: Actividad en el Dubarry y 10 mitos"},"content":{"rendered":"\n<p>Durante la Semana Mundial de la Lactancia Materna, que se celebra del 1 al 7 de agosto, profesionales de la salud recuerdan que amamantar no es solo un acto biol\u00f3gico: es tambi\u00e9n una experiencia emocional profundamente atravesada por expectativas, mandatos sociales y v\u00ednculos.\u00a0 <\/p>\n\n\n\n<p>En el marco de la celebraci\u00f3n mundial, el Hospital Blas L. Dubarry invita a una actividad l\u00fadica. El servicio de puericultura realizar\u00e1 la actividad destinada a las familias que se encuentren en la sala de espera del servicio de Pediatr\u00eda.<\/p>\n\n\n\n<p>La actividad tendr\u00e1 lugar el pr\u00f3ximo mi\u00e9rcoles 6 de agosto, a partir de las 9 de la ma\u00f1ana, y estar\u00e1 centrada en derribar los mitos en torno a la lactancia a trav\u00e9s del juego. <\/p>\n\n\n\n<p>La propuesta contar\u00e1 tambi\u00e9n con la participaci\u00f3n del Programa 1000 D\u00edas y el servicio de Ginecolog\u00eda del hospital, reforzando el enfoque interdisciplinario de acompa\u00f1amiento a las personas gestantes, lactantes y sus familias.<\/p>\n\n\n\n<p>Desde el hospital se busca promover una lactancia informada, respetuosa y sostenida, generando espacios de escucha y contenci\u00f3n desde una mirada integral. Esta actividad forma parte de una serie de acciones que se desarrollan en todo el mundo durante esta semana para visibilizar la importancia de la lactancia en la salud y el bienestar de ni\u00f1as, ni\u00f1os, personas gestantes y comunidades.<\/p>\n\n\n<div class=\"wp-block-image\">\n<figure class=\"aligncenter size-full\"><img loading=\"lazy\" decoding=\"async\" width=\"800\" height=\"989\" data-attachment-id=\"186666\" data-permalink=\"https:\/\/www.hoymercedes.com.ar\/principal\/2025\/08\/01\/lactancia-materna-actividad-en-el-dubarry-y-10-mitos\/whatsapp-image-2025-08-01-at-12-43-54-1\/#main\" data-orig-file=\"https:\/\/www.hoymercedes.com.ar\/principal\/wp-content\/uploads\/2025\/08\/WhatsApp-Image-2025-08-01-at-12.43.54-1.jpg\" data-orig-size=\"800,989\" data-comments-opened=\"0\" data-image-meta=\"{&quot;aperture&quot;:&quot;0&quot;,&quot;credit&quot;:&quot;&quot;,&quot;camera&quot;:&quot;&quot;,&quot;caption&quot;:&quot;&quot;,&quot;created_timestamp&quot;:&quot;0&quot;,&quot;copyright&quot;:&quot;&quot;,&quot;focal_length&quot;:&quot;0&quot;,&quot;iso&quot;:&quot;0&quot;,&quot;shutter_speed&quot;:&quot;0&quot;,&quot;title&quot;:&quot;&quot;,&quot;orientation&quot;:&quot;0&quot;}\" data-image-title=\"WhatsApp Image 2025-08-01 at 12.43.54 (1)\" data-image-description=\"\" data-image-caption=\"\" data-large-file=\"https:\/\/www.hoymercedes.com.ar\/principal\/wp-content\/uploads\/2025\/08\/WhatsApp-Image-2025-08-01-at-12.43.54-1.jpg\" src=\"https:\/\/www.hoymercedes.com.ar\/principal\/wp-content\/uploads\/2025\/08\/WhatsApp-Image-2025-08-01-at-12.43.54-1.jpg\" alt=\"\" class=\"wp-image-186666\" srcset=\"https:\/\/www.hoymercedes.com.ar\/principal\/wp-content\/uploads\/2025\/08\/WhatsApp-Image-2025-08-01-at-12.43.54-1.jpg 800w, https:\/\/www.hoymercedes.com.ar\/principal\/wp-content\/uploads\/2025\/08\/WhatsApp-Image-2025-08-01-at-12.43.54-1-502x620.jpg 502w, https:\/\/www.hoymercedes.com.ar\/principal\/wp-content\/uploads\/2025\/08\/WhatsApp-Image-2025-08-01-at-12.43.54-1-121x150.jpg 121w\" sizes=\"auto, (max-width: 800px) 100vw, 800px\" \/><\/figure>\n<\/div>\n\n\n<p><strong>Mitos<\/strong><\/p>\n\n\n\n<p>A pesar del respaldo cient\u00edfico que sostiene sus beneficios, persisten m\u00faltiples mitos que dificultan la continuidad de la lactancia y afectan emocionalmente a quienes la intentan sostener.\u00a0Entre los mitos m\u00e1s comunes que todav\u00eda circulan en 2025, y sobre los cuales hablar\u00e1n en la actividad del Dubarry, se destacan: <br>&#8211; <strong>\u201cVolver al trabajo impide seguir amamantando\u201d<\/strong>.<br>&#8211; <strong>\u201cSi los pechos son peque\u00f1os, no se puede amamantar\u201d<\/strong>.<br>&#8211; <strong>\u201cDespu\u00e9s de los seis meses, la leche ya no alimenta\u201d<\/strong>.<br>&#8211; \u00ab<strong>Si el beb\u00e9 llora mucho, es porque la leche no lo llena\u201d<\/strong>.<br>&#8211; <strong>\u201cNo tengo suficiente leche\u201d<\/strong>.<br>&#8211; <strong>\u201cEstar resfriada impide amamantar\u201d<\/strong>.<br>&#8211; <strong>\u201cSi el beb\u00e9 toma f\u00f3rmula o mamadera una vez, rechaza el pecho\u201d<\/strong>.<br>&#8211; <strong>\u201cLa leche es muy aguada y no alimenta\u201d<\/strong>.<br>&#8211; <strong>\u201cAmamantar deber\u00eda ser f\u00e1cil si se hace con amor\u201d<\/strong>.<br>&#8211; <strong>\u201cDespu\u00e9s de algunos meses, la leche se corta sola\u201d<\/strong>.<\/p>\n\n\n\n<p>Acompa\u00f1ar a las familias con informaci\u00f3n clara, escucha activa y apoyo concreto es esencial para sostener una lactancia saludable. El acceso a profesionales capacitados \u2014pediatras, puericultoras, nutricionistas, obstetras y psic\u00f3logos\u2014 puede marcar la diferencia entre una experiencia positiva y una experiencia atravesada por el estr\u00e9s o la frustraci\u00f3n.<\/p>\n\n\n\n<p>Amamantar no es una prueba que se aprueba o se falla. Es una construcci\u00f3n, un proceso vincular, fisiol\u00f3gico y emocional. Derribar mitos, garantizar apoyos reales y validar cada camino es parte de construir una salud m\u00e1s humana para madres e hijos.<\/p>\n","protected":false},"excerpt":{"rendered":"<p>Durante la Semana Mundial de la Lactancia Materna, que se celebra del 1 al 7 de agosto, profesionales de la &#8230; <a title=\"Lactancia Materna: Actividad en el Dubarry y 10 mitos\" class=\"read-more\" href=\"https:\/\/www.hoymercedes.com.ar\/principal\/2025\/08\/01\/lactancia-materna-actividad-en-el-dubarry-y-10-mitos\/\" aria-label=\"Leer m\u00e1s sobre Lactancia Materna: Actividad en el Dubarry y 10 mitos\">Leer m\u00e1s<\/a><\/p>\n","protected":false},"author":1,"featured_media":186665,"comment_status":"closed","ping_status":"open","sticky":false,"template":"","format":"standard","meta":{"_monsterinsights_skip_tracking":false,"_monsterinsights_sitenote_active":false,"_monsterinsights_sitenote_note":"","_monsterinsights_sitenote_category":0,"jetpack_post_was_ever_published":false,"_jetpack_newsletter_access":"","_jetpack_dont_email_post_to_subs":false,"_jetpack_newsletter_tier_id":0,"_jetpack_memberships_contains_paywalled_content":false,"_jetpack_memberships_contains_paid_content":false,"footnotes":"","jetpack_publicize_message":"","jetpack_publicize_feature_enabled":true,"jetpack_social_post_already_shared":false,"jetpack_social_options":{"image_generator_settings":{"template":"highway","default_image_id":0,"enabled":false},"version":2},"_wpas_customize_per_network":false},"categories":[8],"tags":[],"class_list":["post-186664","post","type-post","status-publish","format-standard","has-post-thumbnail","hentry","category-sociedad","generate-columns","tablet-grid-50","mobile-grid-100","grid-parent","grid-50"],"jetpack_publicize_connections":[],"jetpack_featured_media_url":"https:\/\/www.hoymercedes.com.ar\/principal\/wp-content\/uploads\/2025\/08\/2-1.jpg","wps_subtitle":"","jetpack_sharing_enabled":true,"_links":{"self":[{"href":"https:\/\/www.hoymercedes.com.ar\/principal\/wp-json\/wp\/v2\/posts\/186664","targetHints":{"allow":["GET"]}}],"collection":[{"href":"https:\/\/www.hoymercedes.com.ar\/principal\/wp-json\/wp\/v2\/posts"}],"about":[{"href":"https:\/\/www.hoymercedes.com.ar\/principal\/wp-json\/wp\/v2\/types\/post"}],"author":[{"embeddable":true,"href":"https:\/\/www.hoymercedes.com.ar\/principal\/wp-json\/wp\/v2\/users\/1"}],"replies":[{"embeddable":true,"href":"https:\/\/www.hoymercedes.com.ar\/principal\/wp-json\/wp\/v2\/comments?post=186664"}],"version-history":[{"count":1,"href":"https:\/\/www.hoymercedes.com.ar\/principal\/wp-json\/wp\/v2\/posts\/186664\/revisions"}],"predecessor-version":[{"id":186667,"href":"https:\/\/www.hoymercedes.com.ar\/principal\/wp-json\/wp\/v2\/posts\/186664\/revisions\/186667"}],"wp:featuredmedia":[{"embeddable":true,"href":"https:\/\/www.hoymercedes.com.ar\/principal\/wp-json\/wp\/v2\/media\/186665"}],"wp:attachment":[{"href":"https:\/\/www.hoymercedes.com.ar\/principal\/wp-json\/wp\/v2\/media?parent=186664"}],"wp:term":[{"taxonomy":"category","embeddable":true,"href":"https:\/\/www.hoymercedes.com.ar\/principal\/wp-json\/wp\/v2\/categories?post=186664"},{"taxonomy":"post_tag","embeddable":true,"href":"https:\/\/www.hoymercedes.com.ar\/principal\/wp-json\/wp\/v2\/tags?post=186664"}],"curies":[{"name":"wp","href":"https:\/\/api.w.org\/{rel}","templated":true}]}}